{"id":5087,"date":"2025-04-11T13:24:50","date_gmt":"2025-04-11T11:24:50","guid":{"rendered":"https:\/\/www.solidarnosc.org.pl\/ksn\/?p=5087"},"modified":"2025-04-11T14:20:38","modified_gmt":"2025-04-11T12:20:38","slug":"1000-lecie-krolestwa-polskiego","status":"publish","type":"post","link":"https:\/\/www.solidarnosc.org.pl\/ksn\/2025\/04\/11\/1000-lecie-krolestwa-polskiego\/","title":{"rendered":"1000-lecie Kr\u00f3lestwa Polskiego"},"content":{"rendered":"<p><a href=\"http:\/\/www.solidarnosc.org.pl\/ksn\/wp-content\/uploads\/2025\/04\/1000-lecie-Krolestwa-Polskiego.png\"><img decoding=\"async\" class=\"aligncenter size-full wp-image-5088\" src=\"http:\/\/www.solidarnosc.org.pl\/ksn\/wp-content\/uploads\/2025\/04\/1000-lecie-Krolestwa-Polskiego.png\" alt=\"\" width=\"851\" height=\"315\" srcset=\"https:\/\/www.solidarnosc.org.pl\/ksn\/wp-content\/uploads\/2025\/04\/1000-lecie-Krolestwa-Polskiego-200x74.png 200w, https:\/\/www.solidarnosc.org.pl\/ksn\/wp-content\/uploads\/2025\/04\/1000-lecie-Krolestwa-Polskiego-300x111.png 300w, https:\/\/www.solidarnosc.org.pl\/ksn\/wp-content\/uploads\/2025\/04\/1000-lecie-Krolestwa-Polskiego-400x148.png 400w, https:\/\/www.solidarnosc.org.pl\/ksn\/wp-content\/uploads\/2025\/04\/1000-lecie-Krolestwa-Polskiego-600x222.png 600w, https:\/\/www.solidarnosc.org.pl\/ksn\/wp-content\/uploads\/2025\/04\/1000-lecie-Krolestwa-Polskiego-768x284.png 768w, https:\/\/www.solidarnosc.org.pl\/ksn\/wp-content\/uploads\/2025\/04\/1000-lecie-Krolestwa-Polskiego-800x296.png 800w, https:\/\/www.solidarnosc.org.pl\/ksn\/wp-content\/uploads\/2025\/04\/1000-lecie-Krolestwa-Polskiego.png 851w\" sizes=\"(max-width: 851px) 100vw, 851px\" \/><\/a><\/p>\n<p>&nbsp;<\/p>\n<h5 style=\"text-align: center;\">Uroczysto\u015bci zwi\u0105zane z obchodami milenium Kr\u00f3lestwa Polskiego. Pozna\u0144, Gniezno, Krak\u00f3w, Warszawa.<\/h5>\n<p><span style=\"color: #800000;\"><strong>Pozna\u0144<\/strong><\/span><\/p>\n<p>Centralne wydarzenia jubileuszowe odb\u0119d\u0105 si\u0119\u00a0<strong>27 kwietnia 2025 roku<\/strong>. Program obchod\u00f3w obejmuje:<\/p>\n<ul>\n<li>uroczyst\u0105\u00a0<strong>msz\u0119 \u015bwi\u0119t\u0105<\/strong>w Farze Pozna\u0144skiej,<\/li>\n<li>historyczny\u00a0<strong>poch\u00f3d ulicami miasta<\/strong>, w kt\u00f3rym wezm\u0105 udzia\u0142 rekonstruktorzy w strojach \u015bredniowiecznych, orkiestra d\u0119ta oraz konnica nawi\u0105zuj\u0105ca do tradycji wojskowych,<\/li>\n<li><strong>inscenizacj\u0119 koronacji Boles\u0142awa Chrobrego<\/strong>, kt\u00f3ra odb\u0119dzie si\u0119 na placu Mickiewicza,<\/li>\n<li><strong>koncert jubileuszowy<\/strong>w Auli Uniwersytetu im. Adama Mickiewicza, pod batut\u0105\u00a0<strong>Marcina Sompoli\u0144skiego<\/strong>,<\/li>\n<li>uroczysty\u00a0<strong>bankiet<\/strong>ko\u0144cz\u0105cy obchody.<\/li>\n<\/ul>\n<p>Wydarzenia towarzysz\u0105ce obchodom w Poznaniu:<\/p>\n<ul>\n<li><strong>Mi\u0119dzynarodowa konferencja naukowa<\/strong>organizowana przez\u00a0<strong>Urz\u0105d Miasta Poznania<\/strong>\u00a0oraz\u00a0<strong>Wydzia\u0142 Archeologii Uniwersytetu im. Adama Mickiewicza<\/strong>\u00a0<em>Kr\u00f3l Boles\u0142aw Chrobry i jego czasy. Pozna\u0144 \u2013 Piastowie \u2013 Europa<\/em>.<\/li>\n<li><strong>Projekt Teatru Muzycznego w Poznaniu<\/strong>, kt\u00f3ry przygotowuje premierowe wykonanie utworu\u00a0<em>1025<\/em><strong>Aleksandra D\u0119bicza<\/strong>\u00a0\u2013 monumentalnej kompozycji na solist\u00f3w i orkiestr\u0119.<\/li>\n<li><strong>Wystawy i wydarzenia edukacyjne<\/strong>organizowane przez\u00a0<strong>Pozna\u0144skie Centrum Dziedzictwa<\/strong>\u00a0oraz\u00a0<strong>Rezerwat Archeologiczny Genius Loci<\/strong>.<\/li>\n<li><strong>Widowisko plenerowe<\/strong>na Ostrowie Tumskim oraz festyn na osiedlu\u00a0<strong>Boles\u0142awa Chrobrego<\/strong>.<\/li>\n<li><strong> PKO Pozna\u0144 P\u00f3\u0142maraton<\/strong>, w kt\u00f3rym pojawi\u0105 si\u0119 akcenty zwi\u0105zane z pierwszym kr\u00f3lem Polski.<\/li>\n<li><strong>Szkolne inicjatywy edukacyjne<\/strong>w plac\u00f3wkach nosz\u0105cych imi\u0119 Boles\u0142awa Chrobrego.<\/li>\n<li><strong>Tematyczne spacery historyczne<\/strong>organizowane przez pozna\u0144skich przewodnik\u00f3w miejskich.<\/li>\n<\/ul>\n<p>Szczeg\u00f3\u0142y na <a href=\"https:\/\/www.poznan.pl\/tysiaclecie\/\">https:\/\/www.poznan.pl\/tysiaclecie\/<\/a><\/p>\n<hr \/>\n<p><strong><span style=\"color: #800000;\">Gniezno<\/span><\/strong><\/p>\n<p>W ramach obchod\u00f3w w Gnie\u017anie zaplanowano liczne wydarzenia m.in.:<\/p>\n<ul>\n<li><strong><a href=\"https:\/\/gniezno2025.pl\/wydarzenie\/wystawa-1025-narodziny-krolestwa\/\">Wystawa \u201e1025. Narodziny Kr\u00f3lestwa\u201d<\/a><\/strong><\/li>\n<li><strong><a href=\"https:\/\/gniezno2025.pl\/wydarzenie\/wystawa-czasowa-chrobry-zycie-i-tworczosc\/\">Wystawa czasowa \u201eCHROBRY. \u017bycie i tw\u00f3rczo\u015b\u0107\u201d<\/a><\/strong><\/li>\n<li><strong><a href=\"https:\/\/gniezno2025.pl\/wydarzenie\/premiera-nowej-odslony-kroniki-galla-anonima\/\">Premiera nowej ods\u0142ony Kroniki Galla Anonima<\/a><\/strong><\/li>\n<li><strong><a href=\"https:\/\/gniezno2025.pl\/wydarzenie\/krol-nad-krolami-oratorium-2\/\">Kr\u00f3l nad Kr\u00f3lami \u2013 Oratorium<\/a><\/strong><\/li>\n<li><strong><a href=\"https:\/\/gniezno2025.pl\/wydarzenie\/uroczyste-posiedzenie-sejmu-i-senatu\/\">Uroczyste posiedzenie Sejmu i Senatu<\/a><\/strong><\/li>\n<li><strong><a href=\"https:\/\/gniezno2025.pl\/wydarzenie\/koronacja-krolewska\/\">Koronacja Kr\u00f3lewska<\/a><\/strong> Wydarzenie o charakterze rekonstrukcyjnym \u0142\u0105cz\u0105ce elementy edukacyjne i kulturowe, wykorzystuj\u0105ce histori\u0119 Gniezna jako Pierwszej Stolicy Polski.<\/li>\n<li><strong><a href=\"https:\/\/gniezno2025.pl\/wydarzenie\/widowisko-plenerowe-millennium-koronacji-boleslawa-chrobrego\/\">Widowisko plenerowe \u2013 \u201cMillennium Koronacji Boles\u0142awa Chrobrego\u201d<\/a><\/strong> \u00a0Plenerowe widowisko historyczne, kt\u00f3re odb\u0119dzie si\u0119 w dniach 1-3 oraz 8-10 sierpnia 2025 roku.<\/li>\n<\/ul>\n<p><strong>\u00a0<\/strong>Wi\u0119cej wydarze\u0144 na <a href=\"https:\/\/gniezno2025.pl\">https:\/\/gniezno2025.pl<\/a><\/p>\n<hr \/>\n<p><strong><span style=\"color: #800000;\">Krak\u00f3w i Ma\u0142opolska<\/span><\/strong><\/p>\n<ul>\n<li>6 kwietnia &#8211; <strong>Uroczysta Msza \u015awi\u0119ta<\/strong>\u00a0w\u00a0<strong>Katedrze Wawelskiej<\/strong>.<\/li>\n<li><strong>Cykl wyk\u0142ad\u00f3w w Collegium Novum<\/strong><\/li>\n<\/ul>\n<p style=\"padding-left: 80px;\">Harmonogram wyk\u0142ad\u00f3w:<\/p>\n<p style=\"padding-left: 80px;\">10 marca 2025 r., godzina: 16:00, Polska Boles\u0142aw\u00f3w &#8211;\u00a0prof. dr hab. Krzysztof O\u017c\u00f3g<\/p>\n<p style=\"padding-left: 80px;\">08 kwietnia 2025 r., godzina: 16:00, Krak\u00f3w Boles\u0142awa Chrobrego &#8211;\u00a0dr Dariusz Niemiec<\/p>\n<p style=\"padding-left: 80px;\">26 maja 2025 r., godzina: 16:00, Architektura i\u00a0sztuki plastyczne w\u00a0pa\u0144stwie Piast\u00f3w na prze\u0142omie X\u00a0i XI wieku &#8211;\u00a0dr hab. Teresa Rodzi\u0144ska-Chor\u0105\u017cy<\/p>\n<p style=\"padding-left: 80px;\">02 czerwca 2025 r., godzina: 16:00, Zobaczy\u0107 Kr\u00f3la. Boles\u0142aw Chrobry i\u00a0jego czyny w\u00a0\u015bwietle \u015bredniowiecznych i\u00a0nowo\u017cytnych \u017ar\u00f3de\u0142 ikonograficznych &#8211;\u00a0dr hab. Zenon Piech<\/p>\n<p style=\"padding-left: 80px;\">17 czerwca 2025 r. ,\u00a0 godzina: 16:00, Koronacja jako wezwanie do budowania w\u0142asnych instytucji \u2013 okiem prawnika &#8211;\u00a0ks. prof. Franciszek Longchamps de B\u00e9rier<\/p>\n<ul>\n<li><strong>12 kwietnia 2025 roku<\/strong> w ramach obchod\u00f3w jubileuszu 1000-lecia polskiej korony ob\u0119d\u0105 si\u0119 wydarzeni obj\u0119te patronatem honorowym wicemarsza\u0142ka Sejmu Krzysztofa Bosaka:<\/li>\n<\/ul>\n<p style=\"padding-left: 80px;\">10:00 &#8211; uroczysta Msza \u015awi\u0119ta w Ko\u015bciele Niepokalanego Pocz\u0119cia NMP przy ul. Kopernika 19,<\/p>\n<p style=\"padding-left: 80px;\">12:00 &#8211; <strong>Marsz Tysi\u0105clecia Kr\u00f3lestwa Polskiego<\/strong>, kt\u00f3ry przejdzie od placu Matejki do placu Wielkiej Armii Napoleona,<\/p>\n<p style=\"padding-left: 80px;\">13:00 &#8211; rodzinny piknik w miejscu zako\u0144czenia Marszu,<\/p>\n<p style=\"padding-left: 80px;\">16:00 &#8211; konferencja historyczna w Hotelu Golden Tulip przy ul. Krakowskiej 28.<\/p>\n<p style=\"padding-left: 80px;\">Wi\u0119cej na stronie wydarzenia \u2013 <a href=\"https:\/\/akcje.piotrskarga.pl\/komitet-chrobrego\/?qval_i=InNpZD0zMzQzMTc3OTImbGluay0xPSZrd290YT0maWR0eXR1bD1Ecm9nYSZpbWllPU1hcmlhJm5hendpc2tvPVNhcG9yJmVtYWlsPXNhcG9yQGFnaC5lZHUucGwmIg%3D%3D&amp;ka=575271\"><strong>TUTAJ<\/strong><\/a><\/p>\n<ul>\n<li>W ramach obchod\u00f3w Tysi\u0105clecia Kr\u00f3lestwa Polskiego, <strong>25 kwietnia<\/strong> w Sali Siemiradzkiego w krakowskich Sukiennicach odb\u0119dzie si\u0119 konferencja naukowa pod nazw\u0105:<strong>\u00a0\u201eTysi\u0105clecie suwerenno\u015bci Polski\u201d.\u00a0<\/strong>Dzia\u0142anie realizowane jest przez Departament Edukacji Urz\u0119du Marsza\u0142kowskiego Wojew\u00f3dztwa Ma\u0142opolskiego we wsp\u00f3\u0142pracy z\u00a0Pedagogiczn\u0105 Bibliotek\u0105 Wojew\u00f3dzk\u0105 w\u00a0Krakowie oraz Uniwersytetem Jagiello\u0144skim. Do wsp\u00f3\u0142pracy zostali zaproszeni wybitni pracownicy naukowi m.in.: historycy, heraldycy, politolodzy.<\/li>\n<\/ul>\n<p style=\"padding-left: 80px;\">Na konferencj\u0119 z\u0142o\u017c\u0105 si\u0119 4\u00a0panele tematyczne, ka\u017cdy ko\u0144cz\u0105cy si\u0119 podsumowaniem i\u00a0dyskusj\u0105.<\/p>\n<p style=\"padding-left: 80px;\"><strong>\u015aredniowiecze &#8211;\u00a0prof. dr hab. Andrzej Marzec<\/strong><\/p>\n<ul>\n<li style=\"list-style-type: none;\">\n<ul>\n<li style=\"list-style-type: none;\">\n<ul>\n<li>prof. dr hab. Krzysztof Fokt, Wok\u00f3\u0142 znaczenia pierwszych piastowskich koronacji,<\/li>\n<li>prof. dr hab. \u00a0Krzysztof O\u017c\u00f3g, Powstanie idei Corona Regni Poloniae,<\/li>\n<li>prof. dr hab. Jerzy Sperka, Jagiellonowie na polskim tronie. Trudne pocz\u0105tki.<\/li>\n<\/ul>\n<\/li>\n<\/ul>\n<\/li>\n<\/ul>\n<p style=\"padding-left: 80px;\"><strong>Nowo\u017cytno\u015b\u0107 &#8211;\u00a0dr Dominik Kadzik<\/strong><\/p>\n<ul>\n<li style=\"list-style-type: none;\">\n<ul>\n<li style=\"list-style-type: none;\">\n<ul>\n<li>prof. dr hab. Adam Per\u0142akowski, Epoka saska w\u00a0Rzeczypospolitej i\u00a0definitywny koniec suwerenno\u015bci pa\u0144stwa polsko-litewskiego 1697-1763,<\/li>\n<li>prof. dr hab. Dorota Dukwicz, (Nie)suwerenno\u015b\u0107 Rzeczypospolitej jako przyczyna upadku? Polska w\u00a0relacjach z\u00a0pa\u0144stwami o\u015bciennymi w\u00a0drugiej po\u0142owie XVIII w.,<\/li>\n<li>prof. dr hab. Micha\u0142 Zwierzykowski, Od gro\u017aby p\u00f3j\u015bcia pod jarzmo do walki o\u00a0suwerenno\u015b\u0107 Rzeczypospolitej. Przemiany w\u00a0osiemnastowiecznym my\u015bleniu szlacheckim w\u00a0latach 1700-1768.<\/li>\n<\/ul>\n<\/li>\n<\/ul>\n<\/li>\n<\/ul>\n<p style=\"padding-left: 80px;\"><strong>XIX wiek\/XX wiek\u00a0&#8211; prof. dr hab. Andrzej Nowak<\/strong><\/p>\n<ul>\n<li style=\"list-style-type: none;\">\n<ul>\n<li style=\"list-style-type: none;\">\n<ul>\n<li>prof. dr hab. Stanis\u0142aw Wiech, D\u0142ugi wiek XIX (1795-1918): skutki utraty w\u0142asnego pa\u0144stwa,<\/li>\n<li>prof. dr hab. Marek Kornat, II Rzeczpospolita: znaczenie odzyskanej suwerenno\u015bci,<\/li>\n<li>prof. dr hab. Zdzis\u0142aw Zblewski, PRL i\u00a0jego miejsce w\u00a0historii polskiej pa\u0144stwowo\u015bci.<\/li>\n<\/ul>\n<\/li>\n<\/ul>\n<\/li>\n<\/ul>\n<p style=\"padding-left: 80px;\"><strong>Debata oksfordzka\u00a0&#8211; prof. dr hab. Pawe\u0142 Laidler \u00a0<\/strong><\/p>\n<p style=\"padding-left: 80px;\">Zakres tematyczny debaty b\u0119dzie dotyczy\u0107 suwerenno\u015bci analizowanej z\u00a0perspektywy historycznej i\u00a0wsp\u00f3\u0142czesnej, w\u00a0kontek\u015bcie ewolucji poj\u0119cia na przestrzeni wiek\u00f3w oraz jego znaczenia w\u00a0odniesieniu do zmieniaj\u0105cej si\u0119 roli pa\u0144stw w\u00a0systemie stosunk\u00f3w mi\u0119dzynarodowych. My\u015bl\u0105 przewodni\u0105 dyskusji b\u0119dzie stwierdzenie czy suwerenno\u015b\u0107 ma znaczenie we wsp\u00f3\u0142czesnym \u015bwiecie.<\/p>\n<p>W dyskusji wezm\u0105 udzia\u0142 prof. dr hab. Piotr Bajor, prof. dr hab. Dorota Pietrzyk-Reeves, prof. dr hab. Bogdan Szlachta, prof. dr hab. Jacek Czaputowicz, dr Patryk Tomaszewski.<\/p>\n<p style=\"padding-left: 80px;\">Transmisja konferencji dost\u0119pna on-line na kanale YouTube\u00a0<a href=\"https:\/\/www.youtube.com\/channel\/UCuhVrPIiZ3CO2WSLagwTu8g\"><strong>@TelewizjaMalopolska<\/strong><\/a>.<\/p>\n<p style=\"padding-left: 80px;\"><strong>Data wydarzenia:\u00a0<\/strong>25\u00a0kwietnia 2025 r.<br \/>\n<strong>Miejsce wydarzenia:<\/strong>\u00a0Muzeum Narodowe w\u00a0Krakowie, Sukiennice<strong><br \/>\nOrganizator:\u00a0<\/strong>Urz\u0105d Marsza\u0142kowski Wojew\u00f3dztwa Ma\u0142opolskiego, Departament Edukacji, Pedagogiczna Biblioteka Wojew\u00f3dzka w\u00a0Krakowie<\/p>\n<ul>\n<li><strong>Opera Bona Sforza na Wawelu<\/strong><\/li>\n<\/ul>\n<p style=\"padding-left: 80px;\">Monumentalny\u00a0 pokaz spektaklu autorstwa Zygmunta Krauze (muzyka) oraz Vincenzo de Vivo (libretto) w\u00a0przepi\u0119knej scenerii Zamku Kr\u00f3lewskiego na Wawelu. Opera opowiada o\u00a0najwa\u017cniejszych etapach \u017cycia wybitnej postaci historycznej, od momentu tego, gdy jako m\u0142oda ksi\u0119\u017cniczka przygotowywa\u0142a si\u0119 do roli kr\u00f3lowej, przez rz\u0105dy na Wawelu u\u00a0boku Zygmunta I\u00a0Starego i\u00a0pe\u0142nienia przez ni\u0105 roli Kr\u00f3lowej Polski i\u00a0Wielkiej Ksi\u0119\u017cnej Litewskiej, a\u017c do schy\u0142ku jej \u017cycia i\u00a0wygnania z\u00a0kraju. Wydarzenie w\u00a0znacz\u0105cy spos\u00f3b podkre\u015bli jubileusz Tysi\u0105clecia Korony Kr\u00f3lestwa Polskiego\u00a0 i\u00a0b\u0119dzie jego znakomitym ukoronowaniem.<\/p>\n<p style=\"padding-left: 80px;\"><strong>Data wydarzenia:<\/strong>\u00a0<strong>29 czerwca 2025 r.<\/strong><br \/>\n<strong>Miejsce wydarzenia:<\/strong>\u00a0Dziedziniec arkadowy Zamku Kr\u00f3lewskiego na Wawelu<br \/>\n<strong>Organizator:<\/strong>\u00a0<a href=\"https:\/\/opera.krakow.pl\/\"><strong>Opera Krakowska<\/strong><\/a><\/p>\n<ul>\n<li><strong>Kr\u00f3lewska wizytacja Lud\u017amierza i Nowego Targu<\/strong><\/li>\n<\/ul>\n<p style=\"padding-left: 80px;\">\u00a0Kr\u00f3lewska wizytacja Lud\u017amierza i\u00a0Nowego Targu to widowisko z\u00a0udzia\u0142em konnych grup rekonstrukcyjnych z\u00a0przejazdem zbrojnych od siedziby Instytutu Dziedzictwa Niematerialnego w\u00a0Lud\u017amierzu (oddzia\u0142 MCK SOK\u00d3\u0141) do Rynku w\u00a0Nowym Targu, gdzie nast\u0105pi powitanie kr\u00f3la, prezentacja korony i\u00a0woj\u00f3w. Ca\u0142o\u015b\u0107 zako\u0144czy koncert w\u00a0Nowym Targu. Przewidywany jest udzia\u0142 ok. 50 konnych w\u00a0strojach rycerskich oraz innych polskich wojskowych formacji konnych i\u00a0w strojach regionalnych.<\/p>\n<p style=\"padding-left: 80px;\"><strong>Data wydarzenia:\u00a0<\/strong>\u00a0<strong>6\u00a0wrze\u015bnia 2025<br \/>\nOrganizator:\u00a0<\/strong><a href=\"https:\/\/mcksokol.pl\/\"><strong>Ma\u0142opolskie Centrum Kultury SOK\u00d3\u0141 w\u00a0Nowym S\u0105czu<\/strong><\/a><strong><br \/>\nMiejsce wydarzenia:\u00a0<\/strong><a href=\"https:\/\/www.malopolska.pl\/CMSmanager\/pl\/news\/index\/id\/33986\/perpage\/50\/page\/Instytut%20Dziedzictwa%20Niematerialnego%20Lud%C3%B3w%20Karpackich%20w%C2%A0Lud%C5%BAmierzu\"><strong>Instytut Dziedzictwa Niematerialnego Lud\u00f3w Karpackich w\u00a0Lud\u017amierzu<\/strong><\/a>\u00a0\u2013 Oddzia\u0142 Ma\u0142opolskiego Centrum Kultury SOK\u00d3\u0141 w\u00a0Nowym S\u0105czu<\/p>\n<p>&nbsp;<\/p>\n<p>Wi\u0119cej wydarze\u0144 na <a href=\"https:\/\/www.malopolska.pl\/1025\/wydarzenia\">https:\/\/www.malopolska.pl\/1025\/wydarzenia<\/a><\/p>\n<hr \/>\n<p><strong><span style=\"color: #800000;\">Warszawa<\/span><\/strong><\/p>\n<ul>\n<li><strong>12 kwietnia<\/strong> w centrum Warszawy odb\u0119dzie si\u0119 <strong>Wielki Marsz z okazji 1000. rocznica powstania Kr\u00f3lestwa Polskiego\u00a0oraz\u00a0500. rocznica Ho\u0142du Pruskiego<\/strong>.\u00a0 W ramach wydarzenia: Marsz w Warszawie \u2013 g\u0142\u00f3wna cz\u0119\u015b\u0107 obchod\u00f3w Tysi\u0105clecia Kr\u00f3lestwa Polskiego, Pr\u00f3ba pobicia rekordu Polski w ta\u0144czeniu poloneza, Koncert muzyki historycznej na Placu Zamkowym, Uroczyste odczytanie aktu jubileuszowego. Szczeg\u00f3\u0142y na: <a href=\"https:\/\/1000latpolski.pl\">https:\/\/1000latpolski.pl<\/a><\/li>\n<\/ul>\n<p style=\"padding-left: 120px;\">10:30 \u2013 Msza \u015awi\u0119ta dzi\u0119kczynna za 1000-lat Kr\u00f3lestwa Polskiego &#8211; Warszawa, ko\u015bci\u00f3\u0142 parafii pw. \u015awi\u0119tego Krzy\u017ca, Krakowskie Przedmie\u015bcie 3<\/p>\n<p style=\"padding-left: 120px;\">11:15 \u2013 ZBI\u00d3RKA DO BICIA REKORDU W TA\u0143CU POLONEZA\u00a0\u2013 Brama G\u0142\u00f3wna Uniwersytetu Warszawskiego. Krakowskie Przedmie\u015bcie 26\/28<\/p>\n<p style=\"padding-left: 120px;\">12:00 Pr\u00f3ba pobicia rekordu Polski w ta\u0144czeniu poloneza.\u00a0Poloneza poprowadzi Zesp\u00f3\u0142 Ta\u0144ca Historycznego CHOREA ANTIQUA.<\/p>\n<p style=\"padding-left: 120px;\">Start pod\u00a0pomnikiem Kopernika (Krakowskie Przedmie\u015bcie), zako\u0144czenie na\u00a0Placu Zamkowym<br \/>\nOrganizator: Stowarzyszenie \u201ePolskie Dziedzictwo i To\u017csamo\u015b\u0107\u201d<\/p>\n<p style=\"padding-left: 80px;\">G\u0142\u00f3wnym organizatorem obchod\u00f3w jest\u00a0<strong>Komitet Inicjatywy Spo\u0142ecznych Obchod\u00f3w<\/strong>, w kt\u00f3rego sk\u0142ad wchodz\u0105:<\/p>\n<ul>\n<li style=\"list-style-type: none;\">\n<ul>\n<li style=\"list-style-type: none;\">\n<ul>\n<li><strong>prof. Andrzej Nowak<\/strong>\u00a0\u2013historyk,<\/li>\n<\/ul>\n<\/li>\n<\/ul>\n<\/li>\n<\/ul>\n<ul>\n<li style=\"list-style-type: none;\">\n<ul>\n<li style=\"list-style-type: none;\">\n<ul>\n<li><strong>marsza\u0142ek Marek Jurek<\/strong>,<\/li>\n<\/ul>\n<\/li>\n<\/ul>\n<\/li>\n<\/ul>\n<ul>\n<li style=\"list-style-type: none;\">\n<ul>\n<li style=\"list-style-type: none;\">\n<ul>\n<li><strong>Patryk Jaki<\/strong>\u00a0\u2013 polityk i publicysta.<\/li>\n<\/ul>\n<\/li>\n<\/ul>\n<\/li>\n<\/ul>\n<p>&nbsp;<\/p>\n<ul>\n<li>W sobot\u0119, 26 kwietnia, z okazji rocznicy koronacji Boles\u0142awa Chrobrego w Warszawie zorganizowany zostanie \u201ePiknik 1000-lecia\u201d, kt\u00f3ry \u201eprzeniesie uczestnik\u00f3w w czasy \u015bredniowiecza\u201d. Powstan\u0105 osady stylizowane na staropolskie i wioska rybacka. B\u0119dzie mo\u017cna spr\u00f3bowa\u0107 dawnych potraw i przymierzy\u0107 uzbrojenie. A na specjalnym koncercie wyst\u0105pi\u0105 Kayah, Organek i Sobel.<\/li>\n<\/ul>\n<p>&nbsp;<\/p>\n<ul>\n<li><strong>Narodowy Bank Polski zapowiada wyj\u0105tkow\u0105 emisj\u0119 monet kolekcjonerskich z okazji tysi\u0105clecia koronacji Boles\u0142awa Chrobrego. Monety te upami\u0119tniaj\u0105 jedno z najwa\u017cniejszych wydarze\u0144 w historii Polski, \u0142\u0105cz\u0105c w sobie kunszt artystyczny i warto\u015b\u0107 historyczn\u0105.<\/strong><\/li>\n<\/ul>\n<p style=\"padding-left: 80px;\">Monety b\u0119d\u0105 dost\u0119pne w r\u00f3\u017cnych nomina\u0142ach oraz wykonane z wysokiej jako\u015bci metali szlachetnych, takich jak z\u0142oto i srebro. Planowany termin emisji to\u00a0<strong>16 kwietnia<\/strong>.<\/p>\n","protected":false},"excerpt":{"rendered":"<p>&nbsp; Uroczysto\u015bci zwi\u0105zane z obchodami milenium Kr\u00f3lestwa Polskiego. Pozna\u0144, Gniezno, [&hellip;]<\/p>\n","protected":false},"author":1,"featured_media":0,"comment_status":"open","ping_status":"open","sticky":false,"template":"","format":"standard","meta":{"footnotes":""},"categories":[1],"tags":[],"class_list":["post-5087","post","type-post","status-publish","format-standard","hentry","category-aktualnosci"],"yoast_head":"<!-- This site is optimized with the Yoast SEO plugin v27.5 - https:\/\/yoast.com\/product\/yoast-seo-wordpress\/ -->\n<title>1000-lecie Kr\u00f3lestwa Polskiego - Krajowa Sekcja Nauki NSZZ Solidarno\u015b\u0107<\/title>\n<meta name=\"robots\" content=\"index, follow, max-snippet:-1, max-image-preview:large, max-video-preview:-1\" \/>\n<link rel=\"canonical\" href=\"https:\/\/www.solidarnosc.org.pl\/ksn\/2025\/04\/11\/1000-lecie-krolestwa-polskiego\/\" \/>\n<meta property=\"og:locale\" content=\"pl_PL\" \/>\n<meta property=\"og:type\" content=\"article\" \/>\n<meta property=\"og:title\" content=\"1000-lecie Kr\u00f3lestwa Polskiego - Krajowa Sekcja Nauki NSZZ Solidarno\u015b\u0107\" \/>\n<meta property=\"og:description\" content=\"&nbsp; Uroczysto\u015bci zwi\u0105zane z obchodami milenium Kr\u00f3lestwa Polskiego. Pozna\u0144, Gniezno, [&hellip;]\" \/>\n<meta property=\"og:url\" content=\"https:\/\/www.solidarnosc.org.pl\/ksn\/2025\/04\/11\/1000-lecie-krolestwa-polskiego\/\" \/>\n<meta property=\"og:site_name\" content=\"Krajowa Sekcja Nauki NSZZ Solidarno\u015b\u0107\" \/>\n<meta property=\"article:published_time\" content=\"2025-04-11T11:24:50+00:00\" \/>\n<meta property=\"article:modified_time\" content=\"2025-04-11T12:20:38+00:00\" \/>\n<meta property=\"og:image\" content=\"https:\/\/www.solidarnosc.org.pl\/ksn\/wp-content\/uploads\/2025\/04\/1000-lecie-Krolestwa-Polskiego.png\" \/>\n\t<meta property=\"og:image:width\" content=\"851\" \/>\n\t<meta property=\"og:image:height\" content=\"315\" \/>\n\t<meta property=\"og:image:type\" content=\"image\/png\" \/>\n<meta name=\"author\" content=\"Administrator\" \/>\n<meta name=\"twitter:card\" content=\"summary_large_image\" \/>\n<meta name=\"twitter:label1\" content=\"Napisane przez\" \/>\n\t<meta name=\"twitter:data1\" content=\"Administrator\" \/>\n\t<meta name=\"twitter:label2\" content=\"Szacowany czas czytania\" \/>\n\t<meta name=\"twitter:data2\" content=\"8 minut\" \/>\n<script type=\"application\/ld+json\" class=\"yoast-schema-graph\">{\"@context\":\"https:\\\/\\\/schema.org\",\"@graph\":[{\"@type\":\"Article\",\"@id\":\"https:\\\/\\\/www.solidarnosc.org.pl\\\/ksn\\\/2025\\\/04\\\/11\\\/1000-lecie-krolestwa-polskiego\\\/#article\",\"isPartOf\":{\"@id\":\"https:\\\/\\\/www.solidarnosc.org.pl\\\/ksn\\\/2025\\\/04\\\/11\\\/1000-lecie-krolestwa-polskiego\\\/\"},\"author\":{\"name\":\"Administrator\",\"@id\":\"https:\\\/\\\/www.solidarnosc.org.pl\\\/ksn\\\/#\\\/schema\\\/person\\\/6222b2d902beb6fe94c9f4369eeaafe7\"},\"headline\":\"1000-lecie Kr\u00f3lestwa Polskiego\",\"datePublished\":\"2025-04-11T11:24:50+00:00\",\"dateModified\":\"2025-04-11T12:20:38+00:00\",\"mainEntityOfPage\":{\"@id\":\"https:\\\/\\\/www.solidarnosc.org.pl\\\/ksn\\\/2025\\\/04\\\/11\\\/1000-lecie-krolestwa-polskiego\\\/\"},\"wordCount\":1443,\"commentCount\":0,\"publisher\":{\"@id\":\"https:\\\/\\\/www.solidarnosc.org.pl\\\/ksn\\\/#organization\"},\"image\":{\"@id\":\"https:\\\/\\\/www.solidarnosc.org.pl\\\/ksn\\\/2025\\\/04\\\/11\\\/1000-lecie-krolestwa-polskiego\\\/#primaryimage\"},\"thumbnailUrl\":\"http:\\\/\\\/www.solidarnosc.org.pl\\\/ksn\\\/wp-content\\\/uploads\\\/2025\\\/04\\\/1000-lecie-Krolestwa-Polskiego.png\",\"articleSection\":[\"Aktualno\u015bci\"],\"inLanguage\":\"pl-PL\",\"potentialAction\":[{\"@type\":\"CommentAction\",\"name\":\"Comment\",\"target\":[\"https:\\\/\\\/www.solidarnosc.org.pl\\\/ksn\\\/2025\\\/04\\\/11\\\/1000-lecie-krolestwa-polskiego\\\/#respond\"]}]},{\"@type\":\"WebPage\",\"@id\":\"https:\\\/\\\/www.solidarnosc.org.pl\\\/ksn\\\/2025\\\/04\\\/11\\\/1000-lecie-krolestwa-polskiego\\\/\",\"url\":\"https:\\\/\\\/www.solidarnosc.org.pl\\\/ksn\\\/2025\\\/04\\\/11\\\/1000-lecie-krolestwa-polskiego\\\/\",\"name\":\"1000-lecie Kr\u00f3lestwa Polskiego - Krajowa Sekcja Nauki NSZZ Solidarno\u015b\u0107\",\"isPartOf\":{\"@id\":\"https:\\\/\\\/www.solidarnosc.org.pl\\\/ksn\\\/#website\"},\"primaryImageOfPage\":{\"@id\":\"https:\\\/\\\/www.solidarnosc.org.pl\\\/ksn\\\/2025\\\/04\\\/11\\\/1000-lecie-krolestwa-polskiego\\\/#primaryimage\"},\"image\":{\"@id\":\"https:\\\/\\\/www.solidarnosc.org.pl\\\/ksn\\\/2025\\\/04\\\/11\\\/1000-lecie-krolestwa-polskiego\\\/#primaryimage\"},\"thumbnailUrl\":\"http:\\\/\\\/www.solidarnosc.org.pl\\\/ksn\\\/wp-content\\\/uploads\\\/2025\\\/04\\\/1000-lecie-Krolestwa-Polskiego.png\",\"datePublished\":\"2025-04-11T11:24:50+00:00\",\"dateModified\":\"2025-04-11T12:20:38+00:00\",\"breadcrumb\":{\"@id\":\"https:\\\/\\\/www.solidarnosc.org.pl\\\/ksn\\\/2025\\\/04\\\/11\\\/1000-lecie-krolestwa-polskiego\\\/#breadcrumb\"},\"inLanguage\":\"pl-PL\",\"potentialAction\":[{\"@type\":\"ReadAction\",\"target\":[\"https:\\\/\\\/www.solidarnosc.org.pl\\\/ksn\\\/2025\\\/04\\\/11\\\/1000-lecie-krolestwa-polskiego\\\/\"]}]},{\"@type\":\"ImageObject\",\"inLanguage\":\"pl-PL\",\"@id\":\"https:\\\/\\\/www.solidarnosc.org.pl\\\/ksn\\\/2025\\\/04\\\/11\\\/1000-lecie-krolestwa-polskiego\\\/#primaryimage\",\"url\":\"http:\\\/\\\/www.solidarnosc.org.pl\\\/ksn\\\/wp-content\\\/uploads\\\/2025\\\/04\\\/1000-lecie-Krolestwa-Polskiego.png\",\"contentUrl\":\"http:\\\/\\\/www.solidarnosc.org.pl\\\/ksn\\\/wp-content\\\/uploads\\\/2025\\\/04\\\/1000-lecie-Krolestwa-Polskiego.png\"},{\"@type\":\"BreadcrumbList\",\"@id\":\"https:\\\/\\\/www.solidarnosc.org.pl\\\/ksn\\\/2025\\\/04\\\/11\\\/1000-lecie-krolestwa-polskiego\\\/#breadcrumb\",\"itemListElement\":[{\"@type\":\"ListItem\",\"position\":1,\"name\":\"Strona g\u0142\u00f3wna\",\"item\":\"https:\\\/\\\/www.solidarnosc.org.pl\\\/ksn\\\/\"},{\"@type\":\"ListItem\",\"position\":2,\"name\":\"1000-lecie Kr\u00f3lestwa Polskiego\"}]},{\"@type\":\"WebSite\",\"@id\":\"https:\\\/\\\/www.solidarnosc.org.pl\\\/ksn\\\/#website\",\"url\":\"https:\\\/\\\/www.solidarnosc.org.pl\\\/ksn\\\/\",\"name\":\"Krajowa Sekcja Nauki NSZZ Solidarno\u015b\u0107\",\"description\":\"Strona KSN to sprawy pracownik\u00f3w w szkolnictwie wy\u017cszym i nauce w Polsce\",\"publisher\":{\"@id\":\"https:\\\/\\\/www.solidarnosc.org.pl\\\/ksn\\\/#organization\"},\"potentialAction\":[{\"@type\":\"SearchAction\",\"target\":{\"@type\":\"EntryPoint\",\"urlTemplate\":\"https:\\\/\\\/www.solidarnosc.org.pl\\\/ksn\\\/?s={search_term_string}\"},\"query-input\":{\"@type\":\"PropertyValueSpecification\",\"valueRequired\":true,\"valueName\":\"search_term_string\"}}],\"inLanguage\":\"pl-PL\"},{\"@type\":\"Organization\",\"@id\":\"https:\\\/\\\/www.solidarnosc.org.pl\\\/ksn\\\/#organization\",\"name\":\"Krajowa Sekcja Nauki NSZZ Solidarno\u015b\u0107\",\"url\":\"https:\\\/\\\/www.solidarnosc.org.pl\\\/ksn\\\/\",\"logo\":{\"@type\":\"ImageObject\",\"inLanguage\":\"pl-PL\",\"@id\":\"https:\\\/\\\/www.solidarnosc.org.pl\\\/ksn\\\/#\\\/schema\\\/logo\\\/image\\\/\",\"url\":\"https:\\\/\\\/www.solidarnosc.org.pl\\\/ksn\\\/wp-content\\\/uploads\\\/2024\\\/10\\\/profilowe-fb.jpg\",\"contentUrl\":\"https:\\\/\\\/www.solidarnosc.org.pl\\\/ksn\\\/wp-content\\\/uploads\\\/2024\\\/10\\\/profilowe-fb.jpg\",\"width\":720,\"height\":719,\"caption\":\"Krajowa Sekcja Nauki NSZZ Solidarno\u015b\u0107\"},\"image\":{\"@id\":\"https:\\\/\\\/www.solidarnosc.org.pl\\\/ksn\\\/#\\\/schema\\\/logo\\\/image\\\/\"}},{\"@type\":\"Person\",\"@id\":\"https:\\\/\\\/www.solidarnosc.org.pl\\\/ksn\\\/#\\\/schema\\\/person\\\/6222b2d902beb6fe94c9f4369eeaafe7\",\"name\":\"Administrator\",\"image\":{\"@type\":\"ImageObject\",\"inLanguage\":\"pl-PL\",\"@id\":\"https:\\\/\\\/secure.gravatar.com\\\/avatar\\\/6b80ff59d103a71999655b48c30b36c0c70b1afde4cffe853b23eaa556766f7f?s=96&d=mm&r=g\",\"url\":\"https:\\\/\\\/secure.gravatar.com\\\/avatar\\\/6b80ff59d103a71999655b48c30b36c0c70b1afde4cffe853b23eaa556766f7f?s=96&d=mm&r=g\",\"contentUrl\":\"https:\\\/\\\/secure.gravatar.com\\\/avatar\\\/6b80ff59d103a71999655b48c30b36c0c70b1afde4cffe853b23eaa556766f7f?s=96&d=mm&r=g\",\"caption\":\"Administrator\"},\"sameAs\":[\"http:\\\/\\\/www.solidarnosc.org.pl\\\/ksn\"],\"url\":\"https:\\\/\\\/www.solidarnosc.org.pl\\\/ksn\\\/author\\\/administrator\\\/\"}]}<\/script>\n<!-- \/ Yoast SEO plugin. -->","yoast_head_json":{"title":"1000-lecie Kr\u00f3lestwa Polskiego - Krajowa Sekcja Nauki NSZZ Solidarno\u015b\u0107","robots":{"index":"index","follow":"follow","max-snippet":"max-snippet:-1","max-image-preview":"max-image-preview:large","max-video-preview":"max-video-preview:-1"},"canonical":"https:\/\/www.solidarnosc.org.pl\/ksn\/2025\/04\/11\/1000-lecie-krolestwa-polskiego\/","og_locale":"pl_PL","og_type":"article","og_title":"1000-lecie Kr\u00f3lestwa Polskiego - Krajowa Sekcja Nauki NSZZ Solidarno\u015b\u0107","og_description":"&nbsp; Uroczysto\u015bci zwi\u0105zane z obchodami milenium Kr\u00f3lestwa Polskiego. Pozna\u0144, Gniezno, [&hellip;]","og_url":"https:\/\/www.solidarnosc.org.pl\/ksn\/2025\/04\/11\/1000-lecie-krolestwa-polskiego\/","og_site_name":"Krajowa Sekcja Nauki NSZZ Solidarno\u015b\u0107","article_published_time":"2025-04-11T11:24:50+00:00","article_modified_time":"2025-04-11T12:20:38+00:00","og_image":[{"width":851,"height":315,"url":"https:\/\/www.solidarnosc.org.pl\/ksn\/wp-content\/uploads\/2025\/04\/1000-lecie-Krolestwa-Polskiego.png","type":"image\/png"}],"author":"Administrator","twitter_card":"summary_large_image","twitter_misc":{"Napisane przez":"Administrator","Szacowany czas czytania":"8 minut"},"schema":{"@context":"https:\/\/schema.org","@graph":[{"@type":"Article","@id":"https:\/\/www.solidarnosc.org.pl\/ksn\/2025\/04\/11\/1000-lecie-krolestwa-polskiego\/#article","isPartOf":{"@id":"https:\/\/www.solidarnosc.org.pl\/ksn\/2025\/04\/11\/1000-lecie-krolestwa-polskiego\/"},"author":{"name":"Administrator","@id":"https:\/\/www.solidarnosc.org.pl\/ksn\/#\/schema\/person\/6222b2d902beb6fe94c9f4369eeaafe7"},"headline":"1000-lecie Kr\u00f3lestwa Polskiego","datePublished":"2025-04-11T11:24:50+00:00","dateModified":"2025-04-11T12:20:38+00:00","mainEntityOfPage":{"@id":"https:\/\/www.solidarnosc.org.pl\/ksn\/2025\/04\/11\/1000-lecie-krolestwa-polskiego\/"},"wordCount":1443,"commentCount":0,"publisher":{"@id":"https:\/\/www.solidarnosc.org.pl\/ksn\/#organization"},"image":{"@id":"https:\/\/www.solidarnosc.org.pl\/ksn\/2025\/04\/11\/1000-lecie-krolestwa-polskiego\/#primaryimage"},"thumbnailUrl":"http:\/\/www.solidarnosc.org.pl\/ksn\/wp-content\/uploads\/2025\/04\/1000-lecie-Krolestwa-Polskiego.png","articleSection":["Aktualno\u015bci"],"inLanguage":"pl-PL","potentialAction":[{"@type":"CommentAction","name":"Comment","target":["https:\/\/www.solidarnosc.org.pl\/ksn\/2025\/04\/11\/1000-lecie-krolestwa-polskiego\/#respond"]}]},{"@type":"WebPage","@id":"https:\/\/www.solidarnosc.org.pl\/ksn\/2025\/04\/11\/1000-lecie-krolestwa-polskiego\/","url":"https:\/\/www.solidarnosc.org.pl\/ksn\/2025\/04\/11\/1000-lecie-krolestwa-polskiego\/","name":"1000-lecie Kr\u00f3lestwa Polskiego - Krajowa Sekcja Nauki NSZZ Solidarno\u015b\u0107","isPartOf":{"@id":"https:\/\/www.solidarnosc.org.pl\/ksn\/#website"},"primaryImageOfPage":{"@id":"https:\/\/www.solidarnosc.org.pl\/ksn\/2025\/04\/11\/1000-lecie-krolestwa-polskiego\/#primaryimage"},"image":{"@id":"https:\/\/www.solidarnosc.org.pl\/ksn\/2025\/04\/11\/1000-lecie-krolestwa-polskiego\/#primaryimage"},"thumbnailUrl":"http:\/\/www.solidarnosc.org.pl\/ksn\/wp-content\/uploads\/2025\/04\/1000-lecie-Krolestwa-Polskiego.png","datePublished":"2025-04-11T11:24:50+00:00","dateModified":"2025-04-11T12:20:38+00:00","breadcrumb":{"@id":"https:\/\/www.solidarnosc.org.pl\/ksn\/2025\/04\/11\/1000-lecie-krolestwa-polskiego\/#breadcrumb"},"inLanguage":"pl-PL","potentialAction":[{"@type":"ReadAction","target":["https:\/\/www.solidarnosc.org.pl\/ksn\/2025\/04\/11\/1000-lecie-krolestwa-polskiego\/"]}]},{"@type":"ImageObject","inLanguage":"pl-PL","@id":"https:\/\/www.solidarnosc.org.pl\/ksn\/2025\/04\/11\/1000-lecie-krolestwa-polskiego\/#primaryimage","url":"http:\/\/www.solidarnosc.org.pl\/ksn\/wp-content\/uploads\/2025\/04\/1000-lecie-Krolestwa-Polskiego.png","contentUrl":"http:\/\/www.solidarnosc.org.pl\/ksn\/wp-content\/uploads\/2025\/04\/1000-lecie-Krolestwa-Polskiego.png"},{"@type":"BreadcrumbList","@id":"https:\/\/www.solidarnosc.org.pl\/ksn\/2025\/04\/11\/1000-lecie-krolestwa-polskiego\/#breadcrumb","itemListElement":[{"@type":"ListItem","position":1,"name":"Strona g\u0142\u00f3wna","item":"https:\/\/www.solidarnosc.org.pl\/ksn\/"},{"@type":"ListItem","position":2,"name":"1000-lecie Kr\u00f3lestwa Polskiego"}]},{"@type":"WebSite","@id":"https:\/\/www.solidarnosc.org.pl\/ksn\/#website","url":"https:\/\/www.solidarnosc.org.pl\/ksn\/","name":"Krajowa Sekcja Nauki NSZZ Solidarno\u015b\u0107","description":"Strona KSN to sprawy pracownik\u00f3w w szkolnictwie wy\u017cszym i nauce w Polsce","publisher":{"@id":"https:\/\/www.solidarnosc.org.pl\/ksn\/#organization"},"potentialAction":[{"@type":"SearchAction","target":{"@type":"EntryPoint","urlTemplate":"https:\/\/www.solidarnosc.org.pl\/ksn\/?s={search_term_string}"},"query-input":{"@type":"PropertyValueSpecification","valueRequired":true,"valueName":"search_term_string"}}],"inLanguage":"pl-PL"},{"@type":"Organization","@id":"https:\/\/www.solidarnosc.org.pl\/ksn\/#organization","name":"Krajowa Sekcja Nauki NSZZ Solidarno\u015b\u0107","url":"https:\/\/www.solidarnosc.org.pl\/ksn\/","logo":{"@type":"ImageObject","inLanguage":"pl-PL","@id":"https:\/\/www.solidarnosc.org.pl\/ksn\/#\/schema\/logo\/image\/","url":"https:\/\/www.solidarnosc.org.pl\/ksn\/wp-content\/uploads\/2024\/10\/profilowe-fb.jpg","contentUrl":"https:\/\/www.solidarnosc.org.pl\/ksn\/wp-content\/uploads\/2024\/10\/profilowe-fb.jpg","width":720,"height":719,"caption":"Krajowa Sekcja Nauki NSZZ Solidarno\u015b\u0107"},"image":{"@id":"https:\/\/www.solidarnosc.org.pl\/ksn\/#\/schema\/logo\/image\/"}},{"@type":"Person","@id":"https:\/\/www.solidarnosc.org.pl\/ksn\/#\/schema\/person\/6222b2d902beb6fe94c9f4369eeaafe7","name":"Administrator","image":{"@type":"ImageObject","inLanguage":"pl-PL","@id":"https:\/\/secure.gravatar.com\/avatar\/6b80ff59d103a71999655b48c30b36c0c70b1afde4cffe853b23eaa556766f7f?s=96&d=mm&r=g","url":"https:\/\/secure.gravatar.com\/avatar\/6b80ff59d103a71999655b48c30b36c0c70b1afde4cffe853b23eaa556766f7f?s=96&d=mm&r=g","contentUrl":"https:\/\/secure.gravatar.com\/avatar\/6b80ff59d103a71999655b48c30b36c0c70b1afde4cffe853b23eaa556766f7f?s=96&d=mm&r=g","caption":"Administrator"},"sameAs":["http:\/\/www.solidarnosc.org.pl\/ksn"],"url":"https:\/\/www.solidarnosc.org.pl\/ksn\/author\/administrator\/"}]}},"_links":{"self":[{"href":"https:\/\/www.solidarnosc.org.pl\/ksn\/wp-json\/wp\/v2\/posts\/5087","targetHints":{"allow":["GET"]}}],"collection":[{"href":"https:\/\/www.solidarnosc.org.pl\/ksn\/wp-json\/wp\/v2\/posts"}],"about":[{"href":"https:\/\/www.solidarnosc.org.pl\/ksn\/wp-json\/wp\/v2\/types\/post"}],"author":[{"embeddable":true,"href":"https:\/\/www.solidarnosc.org.pl\/ksn\/wp-json\/wp\/v2\/users\/1"}],"replies":[{"embeddable":true,"href":"https:\/\/www.solidarnosc.org.pl\/ksn\/wp-json\/wp\/v2\/comments?post=5087"}],"version-history":[{"count":10,"href":"https:\/\/www.solidarnosc.org.pl\/ksn\/wp-json\/wp\/v2\/posts\/5087\/revisions"}],"predecessor-version":[{"id":5099,"href":"https:\/\/www.solidarnosc.org.pl\/ksn\/wp-json\/wp\/v2\/posts\/5087\/revisions\/5099"}],"wp:attachment":[{"href":"https:\/\/www.solidarnosc.org.pl\/ksn\/wp-json\/wp\/v2\/media?parent=5087"}],"wp:term":[{"taxonomy":"category","embeddable":true,"href":"https:\/\/www.solidarnosc.org.pl\/ksn\/wp-json\/wp\/v2\/categories?post=5087"},{"taxonomy":"post_tag","embeddable":true,"href":"https:\/\/www.solidarnosc.org.pl\/ksn\/wp-json\/wp\/v2\/tags?post=5087"}],"curies":[{"name":"wp","href":"https:\/\/api.w.org\/{rel}","templated":true}]}}