{"id":378,"date":"2022-05-18T11:53:06","date_gmt":"2022-05-18T09:53:06","guid":{"rendered":"http:\/\/www.solidarnosc.org.pl\/ksn\/?p=378"},"modified":"2022-09-06T11:57:18","modified_gmt":"2022-09-06T09:57:18","slug":"odszedl-kol-jerzy-dudek","status":"publish","type":"post","link":"https:\/\/www.solidarnosc.org.pl\/ksn\/2022\/05\/18\/odszedl-kol-jerzy-dudek\/","title":{"rendered":"Odszed\u0142 kol. Jerzy Dudek"},"content":{"rendered":"<p style=\"text-align: center;\"><strong>Z g\u0142\u0119bokim smutkiem i \u017calem przyj\u0119li\u015bmy wiadomo\u015b\u0107 o \u015bmierci naszego Kolegi i Przyjaciela\u00a0&#8230;<\/strong><\/p>\n<p style=\"text-align: center;\">\n<p style=\"text-align: center;\"><strong>\u015bp. Jerzego Dudka<\/strong><\/p>\n<p style=\"text-align: center;\">\n<p><img decoding=\"async\" class=\"aligncenter\" src=\"http:\/\/www.solidarnosc.org.pl\/ksn\/kcfinder\/upload\/images\/Jerzy%20Dudek%20fot.%20A.%20Nier%C3%B3bca%20b%20fr%282%29.jpg\" alt=\"\" width=\"425\" height=\"480\" \/><\/p>\n<p>&nbsp;<\/p>\n<p style=\"text-align: center;\">Wsp\u00f3\u0142za\u0142o\u017cyciel NSZZ \u201eSolidarno\u015b\u0107\u201d w Instytucie Nafty i Gazu w Krakowie, gdzie pracowa\u0142 przez ca\u0142e \u017cycie jako specjalista naukowo-badawczy zajmuj\u0105cy si\u0119 problematyk\u0105 ekologicznego zagospodarowania odpad\u00f3w. Wsp\u00f3\u0142organizator i uczestnik wielu konferencji naukowych po\u015bwi\u0119conym tym zagadnieniom.<\/p>\n<p style=\"text-align: center;\">Jurek przez wiele kadencji by\u0142 cz\u0142onkiem Rady i Prezydium oraz wiceprzewodnicz\u0105cym Krajowej Sekcji Nauki NSZZ \u201eSolidarno\u015b\u0107\u201d, a tak\u017ce Przewodnicz\u0105cym Krajowej Sekcji Nauki Jednostek Badawczo-Rozwojowych (Instytut\u00f3w Badawczych) NSZZ \u201eSolidarno\u015b\u0107\u201d. By\u0142 bardzo zaanga\u017cowany w prace Krajowej Sekcji Nauki NSZZ \u201eSolidarno\u015b\u0107\u201d, szczeg\u00f3lnie w obszarze Instytut\u00f3w Badawczych.<\/p>\n<p style=\"text-align: center;\">Jego dzia\u0142alno\u015b\u0107 skupia\u0142a si\u0119 nie tylko na dzia\u0142alno\u015bci zwi\u0105zkowej, dotyczy\u0142a r\u00f3wnie\u017c pracy spo\u0142ecznej dla swojego otoczenia.<\/p>\n<p style=\"text-align: center;\">Pe\u0142ni\u0105c wiele zaszczytnych funkcji, Jurek by\u0142 przede wszystkim Cz\u0142owiekiem wielkiej dobroci i skromno\u015bci, a tak\u017ce serdecznym Koleg\u0105 i Przyjacielem.<\/p>\n<p style=\"text-align: center;\">\n<p style=\"text-align: center;\">Drogi Jurku, mamy wiele dobrych wspomnie\u0144 zwi\u0105zanych z Tob\u0105 i zachowamy Ci\u0119 na zawsze w naszych sercach i w pami\u0119ci.<\/p>\n<p style=\"text-align: center;\">\n<p style=\"text-align: center;\"><em>Przyjaciele, Kole\u017canki i Koledzy z Krajowej Sekcji Nauki NSZZ \u201eSolidarno\u015b\u0107\u201d<\/em><\/p>\n<p style=\"text-align: center;\">\n<hr \/>\n<p><img decoding=\"async\" class=\"aligncenter\" src=\"http:\/\/www.solidarnosc.org.pl\/ksn\/kcfinder\/upload\/images\/Pozegnanie300x230%285%29.png\" alt=\"\" \/><\/p>\n<p><strong>Msza \u015awi\u0119ta \u017ca\u0142obna zostanie odprawiona w pi\u0105tek 20 maja o godzinie 13.40 na cmentarzu Rakowickim w Krakowie po czym nast\u0105pi odprowadzenie Zmar\u0142ego na miejsce wiecznego spoczynku.\u00a0<\/strong><\/p>\n<p>&nbsp;<\/p>\n<hr \/>\n<p>&nbsp;<\/p>\n<p>\u017begnamy przyjaciela i wspania\u0142ego cz\u0142owieka.<\/p>\n<p><img decoding=\"async\" src=\"http:\/\/www.solidarnosc.org.pl\/ksn\/kcfinder\/upload\/images\/DSC00562.JPG\" alt=\"\" \/><\/p>\n<p><img decoding=\"async\" src=\"http:\/\/www.solidarnosc.org.pl\/ksn\/kcfinder\/upload\/images\/Odszed%C5%82...%20%282%29.JPG\" alt=\"\" \/><\/p>\n<p><img decoding=\"async\" src=\"http:\/\/www.solidarnosc.org.pl\/ksn\/kcfinder\/upload\/images\/DSC00585.JPG\" alt=\"\" \/><\/p>\n<p><img decoding=\"async\" src=\"http:\/\/www.solidarnosc.org.pl\/ksn\/kcfinder\/upload\/images\/DSC00586.JPG\" alt=\"\" \/><\/p>\n<p><img decoding=\"async\" src=\"http:\/\/www.solidarnosc.org.pl\/ksn\/kcfinder\/upload\/images\/DSC00645%281%29.JPG\" alt=\"\" \/><\/p>\n<p>fot. Anna Nier\u00f3bca<\/p>\n<hr \/>\n<p>&nbsp;<\/p>\n<p style=\"text-align: center;\"><a href=\"http:\/\/www.solidarnosc.org.pl\/ksn\/wp-content\/uploads\/2022\/05\/Wspomnienie-o-Jerzym-Dudku_ZZ-i-WG.pdf\"><strong><em>Jurku \u017cegnamy Ci\u0119 z wielkim \u017calem i smutkiem.<\/em><\/strong>\u00a0\u00a0<\/a><\/p>\n<p style=\"text-align: center;\">Zdzis\u0142aw \u017b\u00f3\u0142kiewicz, Wojciech Grodzki &#8211; Wspomnienie o Jerzym Dudku<\/p>\n<p>&nbsp;<\/p>\n<hr \/>\n<p><img decoding=\"async\" src=\"http:\/\/www.solidarnosc.org.pl\/ksn\/kcfinder\/upload\/images\/IMG_0004.JPG\" alt=\"\" \/>\u00a0\u00a0\u00a0 \u00a0\u00a0\u00a0\u00a0<img decoding=\"async\" src=\"http:\/\/www.solidarnosc.org.pl\/ksn\/kcfinder\/upload\/images\/IMG_0006.JPG\" alt=\"\" \/><\/p>\n<p>&nbsp;<\/p>\n<p><img decoding=\"async\" src=\"http:\/\/www.solidarnosc.org.pl\/ksn\/kcfinder\/upload\/images\/IMG_0007.JPG\" alt=\"\" \/>\u00a0\u00a0\u00a0 \u00a0 \u00a0\u00a0<img decoding=\"async\" class=\"aligncenter\" src=\"http:\/\/www.solidarnosc.org.pl\/ksn\/kcfinder\/upload\/images\/Obraz%20326.jpg\" alt=\"\" \/><\/p>\n<p>&nbsp;<\/p>\n<p><img decoding=\"async\" class=\"aligncenter\" src=\"http:\/\/www.solidarnosc.org.pl\/ksn\/kcfinder\/upload\/images\/Obraz%20328.jpg\" alt=\"\" \/>\u00a0\u00a0\u00a0 \u00a0 \u00a0\u00a0<img decoding=\"async\" class=\"aligncenter\" src=\"http:\/\/www.solidarnosc.org.pl\/ksn\/kcfinder\/upload\/images\/Obraz%20331.jpg\" alt=\"\" \/><\/p>\n<p>&nbsp;<\/p>\n<p><img decoding=\"async\" class=\"aligncenter\" src=\"http:\/\/www.solidarnosc.org.pl\/ksn\/kcfinder\/upload\/images\/PB190498.jpg\" alt=\"\" \/>\u00a0\u00a0\u00a0\u00a0\u00a0\u00a0\u00a0\u00a0<img decoding=\"async\" src=\"http:\/\/www.solidarnosc.org.pl\/ksn\/kcfinder\/upload\/images\/DSCN2198.JPG\" alt=\"\" \/><\/p>\n<p>&nbsp;<\/p>\n<p><img decoding=\"async\" class=\"aligncenter\" src=\"http:\/\/www.solidarnosc.org.pl\/ksn\/kcfinder\/upload\/images\/Obraz%20362.jpg\" alt=\"\" \/><\/p>\n<p style=\"text-align: center;\">fot. Zdzis\u0142aw \u017b\u00f3\u0142kiewicz<\/p>\n<hr \/>\n<p>&nbsp;<\/p>\n<p>&nbsp;<\/p>\n<p><img decoding=\"async\" class=\"aligncenter\" src=\"http:\/\/www.solidarnosc.org.pl\/ksn\/kcfinder\/upload\/images\/Jurek%20i%20Kazik%202%281%29.jpg\" alt=\"\" \/><\/p>\n<p><img decoding=\"async\" class=\"aligncenter\" src=\"http:\/\/www.solidarnosc.org.pl\/ksn\/kcfinder\/upload\/images\/Jurek%20i%20Kazik%20w%20IS%201%281%29.jpg\" alt=\"\" \/><\/p>\n<hr \/>\n<p>Publikujemy kilka zdj\u0119\u0107 z pogrzebu Kolegi \u015bp. Jurka Dudka, kt\u00f3ry odby\u0142 si\u0119 20 maja 2022 r. na Cmentarzu Rakowickim w Krakowie.<\/p>\n<p><img decoding=\"async\" src=\"http:\/\/www.solidarnosc.org.pl\/ksn\/kcfinder\/upload\/images\/IMG_20220520_134700.jpg\" alt=\"\" \/>\u00a0\u00a0\u00a0<img decoding=\"async\" src=\"http:\/\/www.solidarnosc.org.pl\/ksn\/kcfinder\/upload\/images\/IMG_20220520_141838.jpg\" alt=\"\" \/><\/p>\n<p><img decoding=\"async\" src=\"http:\/\/www.solidarnosc.org.pl\/ksn\/kcfinder\/upload\/images\/IMG_20220520_141922.jpg\" alt=\"\" \/>\u00a0\u00a0\u00a0<img decoding=\"async\" src=\"http:\/\/www.solidarnosc.org.pl\/ksn\/kcfinder\/upload\/images\/IMG_20220520_142007.jpg\" alt=\"\" \/><\/p>\n<p><img decoding=\"async\" src=\"http:\/\/www.solidarnosc.org.pl\/ksn\/kcfinder\/upload\/images\/IMG_20220520_142105.jpg\" alt=\"\" \/>\u00a0 \u00a0\u00a0<img decoding=\"async\" src=\"http:\/\/www.solidarnosc.org.pl\/ksn\/kcfinder\/upload\/images\/IMG_20220520_142612b.jpg\" alt=\"\" \/><\/p>\n<p><img decoding=\"async\" src=\"http:\/\/www.solidarnosc.org.pl\/ksn\/kcfinder\/upload\/images\/IMG_20220520_143252.jpg\" alt=\"\" \/>\u00a0\u00a0\u00a0\u00a0<img decoding=\"async\" src=\"http:\/\/www.solidarnosc.org.pl\/ksn\/kcfinder\/upload\/images\/IMG_20220520_143315.jpg\" alt=\"\" \/><\/p>\n<p style=\"text-align: center;\">fot. M.Kaczy\u0144ska<\/p>\n<hr \/>\n<p><em><strong><img decoding=\"async\" class=\"aligncenter\" src=\"http:\/\/www.solidarnosc.org.pl\/ksn\/kcfinder\/upload\/images\/LUDZIE%20KSN%20logo%285%29.jpg\" alt=\"\" width=\"196\" height=\"110\" \/><\/strong><\/em><\/p>\n","protected":false},"excerpt":{"rendered":"<p>Z g\u0142\u0119bokim smutkiem i \u017calem przyj\u0119li\u015bmy wiadomo\u015b\u0107 o \u015bmierci naszego [&hellip;]<\/p>\n","protected":false},"author":1,"featured_media":0,"comment_status":"open","ping_status":"open","sticky":false,"template":"","format":"standard","meta":{"footnotes":""},"categories":[1,6],"tags":[],"class_list":["post-378","post","type-post","status-publish","format-standard","hentry","category-aktualnosci","category-ludzie-ksn"],"yoast_head":"<!-- This site is optimized with the Yoast SEO plugin v27.5 - https:\/\/yoast.com\/product\/yoast-seo-wordpress\/ -->\n<title>Odszed\u0142 kol. Jerzy Dudek - Krajowa Sekcja Nauki NSZZ Solidarno\u015b\u0107<\/title>\n<meta name=\"robots\" content=\"index, follow, max-snippet:-1, max-image-preview:large, max-video-preview:-1\" \/>\n<link rel=\"canonical\" href=\"https:\/\/www.solidarnosc.org.pl\/ksn\/2022\/05\/18\/odszedl-kol-jerzy-dudek\/\" \/>\n<meta property=\"og:locale\" content=\"pl_PL\" \/>\n<meta property=\"og:type\" content=\"article\" \/>\n<meta property=\"og:title\" content=\"Odszed\u0142 kol. Jerzy Dudek - Krajowa Sekcja Nauki NSZZ Solidarno\u015b\u0107\" \/>\n<meta property=\"og:description\" content=\"Z g\u0142\u0119bokim smutkiem i \u017calem przyj\u0119li\u015bmy wiadomo\u015b\u0107 o \u015bmierci naszego [&hellip;]\" \/>\n<meta property=\"og:url\" content=\"https:\/\/www.solidarnosc.org.pl\/ksn\/2022\/05\/18\/odszedl-kol-jerzy-dudek\/\" \/>\n<meta property=\"og:site_name\" content=\"Krajowa Sekcja Nauki NSZZ Solidarno\u015b\u0107\" \/>\n<meta property=\"article:published_time\" content=\"2022-05-18T09:53:06+00:00\" \/>\n<meta property=\"article:modified_time\" content=\"2022-09-06T09:57:18+00:00\" \/>\n<meta property=\"og:image\" content=\"http:\/\/www.solidarnosc.org.pl\/ksn\/kcfinder\/upload\/images\/Jerzy%20Dudek%20fot.%20A.%20Nier%C3%B3bca%20b%20fr%282%29.jpg\" \/>\n<meta name=\"author\" content=\"Administrator\" \/>\n<meta name=\"twitter:card\" content=\"summary_large_image\" \/>\n<meta name=\"twitter:label1\" content=\"Napisane przez\" \/>\n\t<meta name=\"twitter:data1\" content=\"Administrator\" \/>\n\t<meta name=\"twitter:label2\" content=\"Szacowany czas czytania\" \/>\n\t<meta name=\"twitter:data2\" content=\"1 minuta\" \/>\n<script type=\"application\/ld+json\" class=\"yoast-schema-graph\">{\"@context\":\"https:\\\/\\\/schema.org\",\"@graph\":[{\"@type\":\"Article\",\"@id\":\"https:\\\/\\\/www.solidarnosc.org.pl\\\/ksn\\\/2022\\\/05\\\/18\\\/odszedl-kol-jerzy-dudek\\\/#article\",\"isPartOf\":{\"@id\":\"https:\\\/\\\/www.solidarnosc.org.pl\\\/ksn\\\/2022\\\/05\\\/18\\\/odszedl-kol-jerzy-dudek\\\/\"},\"author\":{\"name\":\"Administrator\",\"@id\":\"https:\\\/\\\/www.solidarnosc.org.pl\\\/ksn\\\/#\\\/schema\\\/person\\\/6222b2d902beb6fe94c9f4369eeaafe7\"},\"headline\":\"Odszed\u0142 kol. Jerzy Dudek\",\"datePublished\":\"2022-05-18T09:53:06+00:00\",\"dateModified\":\"2022-09-06T09:57:18+00:00\",\"mainEntityOfPage\":{\"@id\":\"https:\\\/\\\/www.solidarnosc.org.pl\\\/ksn\\\/2022\\\/05\\\/18\\\/odszedl-kol-jerzy-dudek\\\/\"},\"wordCount\":294,\"commentCount\":0,\"publisher\":{\"@id\":\"https:\\\/\\\/www.solidarnosc.org.pl\\\/ksn\\\/#organization\"},\"image\":{\"@id\":\"https:\\\/\\\/www.solidarnosc.org.pl\\\/ksn\\\/2022\\\/05\\\/18\\\/odszedl-kol-jerzy-dudek\\\/#primaryimage\"},\"thumbnailUrl\":\"http:\\\/\\\/www.solidarnosc.org.pl\\\/ksn\\\/kcfinder\\\/upload\\\/images\\\/Jerzy%20Dudek%20fot.%20A.%20Nier%C3%B3bca%20b%20fr%282%29.jpg\",\"articleSection\":[\"Aktualno\u015bci\",\"Ludzie KSN\"],\"inLanguage\":\"pl-PL\",\"potentialAction\":[{\"@type\":\"CommentAction\",\"name\":\"Comment\",\"target\":[\"https:\\\/\\\/www.solidarnosc.org.pl\\\/ksn\\\/2022\\\/05\\\/18\\\/odszedl-kol-jerzy-dudek\\\/#respond\"]}]},{\"@type\":\"WebPage\",\"@id\":\"https:\\\/\\\/www.solidarnosc.org.pl\\\/ksn\\\/2022\\\/05\\\/18\\\/odszedl-kol-jerzy-dudek\\\/\",\"url\":\"https:\\\/\\\/www.solidarnosc.org.pl\\\/ksn\\\/2022\\\/05\\\/18\\\/odszedl-kol-jerzy-dudek\\\/\",\"name\":\"Odszed\u0142 kol. Jerzy Dudek - Krajowa Sekcja Nauki NSZZ Solidarno\u015b\u0107\",\"isPartOf\":{\"@id\":\"https:\\\/\\\/www.solidarnosc.org.pl\\\/ksn\\\/#website\"},\"primaryImageOfPage\":{\"@id\":\"https:\\\/\\\/www.solidarnosc.org.pl\\\/ksn\\\/2022\\\/05\\\/18\\\/odszedl-kol-jerzy-dudek\\\/#primaryimage\"},\"image\":{\"@id\":\"https:\\\/\\\/www.solidarnosc.org.pl\\\/ksn\\\/2022\\\/05\\\/18\\\/odszedl-kol-jerzy-dudek\\\/#primaryimage\"},\"thumbnailUrl\":\"http:\\\/\\\/www.solidarnosc.org.pl\\\/ksn\\\/kcfinder\\\/upload\\\/images\\\/Jerzy%20Dudek%20fot.%20A.%20Nier%C3%B3bca%20b%20fr%282%29.jpg\",\"datePublished\":\"2022-05-18T09:53:06+00:00\",\"dateModified\":\"2022-09-06T09:57:18+00:00\",\"breadcrumb\":{\"@id\":\"https:\\\/\\\/www.solidarnosc.org.pl\\\/ksn\\\/2022\\\/05\\\/18\\\/odszedl-kol-jerzy-dudek\\\/#breadcrumb\"},\"inLanguage\":\"pl-PL\",\"potentialAction\":[{\"@type\":\"ReadAction\",\"target\":[\"https:\\\/\\\/www.solidarnosc.org.pl\\\/ksn\\\/2022\\\/05\\\/18\\\/odszedl-kol-jerzy-dudek\\\/\"]}]},{\"@type\":\"ImageObject\",\"inLanguage\":\"pl-PL\",\"@id\":\"https:\\\/\\\/www.solidarnosc.org.pl\\\/ksn\\\/2022\\\/05\\\/18\\\/odszedl-kol-jerzy-dudek\\\/#primaryimage\",\"url\":\"http:\\\/\\\/www.solidarnosc.org.pl\\\/ksn\\\/kcfinder\\\/upload\\\/images\\\/Jerzy%20Dudek%20fot.%20A.%20Nier%C3%B3bca%20b%20fr%282%29.jpg\",\"contentUrl\":\"http:\\\/\\\/www.solidarnosc.org.pl\\\/ksn\\\/kcfinder\\\/upload\\\/images\\\/Jerzy%20Dudek%20fot.%20A.%20Nier%C3%B3bca%20b%20fr%282%29.jpg\"},{\"@type\":\"BreadcrumbList\",\"@id\":\"https:\\\/\\\/www.solidarnosc.org.pl\\\/ksn\\\/2022\\\/05\\\/18\\\/odszedl-kol-jerzy-dudek\\\/#breadcrumb\",\"itemListElement\":[{\"@type\":\"ListItem\",\"position\":1,\"name\":\"Strona g\u0142\u00f3wna\",\"item\":\"https:\\\/\\\/www.solidarnosc.org.pl\\\/ksn\\\/\"},{\"@type\":\"ListItem\",\"position\":2,\"name\":\"Odszed\u0142 kol. Jerzy Dudek\"}]},{\"@type\":\"WebSite\",\"@id\":\"https:\\\/\\\/www.solidarnosc.org.pl\\\/ksn\\\/#website\",\"url\":\"https:\\\/\\\/www.solidarnosc.org.pl\\\/ksn\\\/\",\"name\":\"Krajowa Sekcja Nauki NSZZ Solidarno\u015b\u0107\",\"description\":\"Strona KSN to sprawy pracownik\u00f3w w szkolnictwie wy\u017cszym i nauce w Polsce\",\"publisher\":{\"@id\":\"https:\\\/\\\/www.solidarnosc.org.pl\\\/ksn\\\/#organization\"},\"potentialAction\":[{\"@type\":\"SearchAction\",\"target\":{\"@type\":\"EntryPoint\",\"urlTemplate\":\"https:\\\/\\\/www.solidarnosc.org.pl\\\/ksn\\\/?s={search_term_string}\"},\"query-input\":{\"@type\":\"PropertyValueSpecification\",\"valueRequired\":true,\"valueName\":\"search_term_string\"}}],\"inLanguage\":\"pl-PL\"},{\"@type\":\"Organization\",\"@id\":\"https:\\\/\\\/www.solidarnosc.org.pl\\\/ksn\\\/#organization\",\"name\":\"Krajowa Sekcja Nauki NSZZ Solidarno\u015b\u0107\",\"url\":\"https:\\\/\\\/www.solidarnosc.org.pl\\\/ksn\\\/\",\"logo\":{\"@type\":\"ImageObject\",\"inLanguage\":\"pl-PL\",\"@id\":\"https:\\\/\\\/www.solidarnosc.org.pl\\\/ksn\\\/#\\\/schema\\\/logo\\\/image\\\/\",\"url\":\"https:\\\/\\\/www.solidarnosc.org.pl\\\/ksn\\\/wp-content\\\/uploads\\\/2024\\\/10\\\/profilowe-fb.jpg\",\"contentUrl\":\"https:\\\/\\\/www.solidarnosc.org.pl\\\/ksn\\\/wp-content\\\/uploads\\\/2024\\\/10\\\/profilowe-fb.jpg\",\"width\":720,\"height\":719,\"caption\":\"Krajowa Sekcja Nauki NSZZ Solidarno\u015b\u0107\"},\"image\":{\"@id\":\"https:\\\/\\\/www.solidarnosc.org.pl\\\/ksn\\\/#\\\/schema\\\/logo\\\/image\\\/\"}},{\"@type\":\"Person\",\"@id\":\"https:\\\/\\\/www.solidarnosc.org.pl\\\/ksn\\\/#\\\/schema\\\/person\\\/6222b2d902beb6fe94c9f4369eeaafe7\",\"name\":\"Administrator\",\"image\":{\"@type\":\"ImageObject\",\"inLanguage\":\"pl-PL\",\"@id\":\"https:\\\/\\\/secure.gravatar.com\\\/avatar\\\/6b80ff59d103a71999655b48c30b36c0c70b1afde4cffe853b23eaa556766f7f?s=96&d=mm&r=g\",\"url\":\"https:\\\/\\\/secure.gravatar.com\\\/avatar\\\/6b80ff59d103a71999655b48c30b36c0c70b1afde4cffe853b23eaa556766f7f?s=96&d=mm&r=g\",\"contentUrl\":\"https:\\\/\\\/secure.gravatar.com\\\/avatar\\\/6b80ff59d103a71999655b48c30b36c0c70b1afde4cffe853b23eaa556766f7f?s=96&d=mm&r=g\",\"caption\":\"Administrator\"},\"sameAs\":[\"http:\\\/\\\/www.solidarnosc.org.pl\\\/ksn\"],\"url\":\"https:\\\/\\\/www.solidarnosc.org.pl\\\/ksn\\\/author\\\/administrator\\\/\"}]}<\/script>\n<!-- \/ Yoast SEO plugin. -->","yoast_head_json":{"title":"Odszed\u0142 kol. Jerzy Dudek - Krajowa Sekcja Nauki NSZZ Solidarno\u015b\u0107","robots":{"index":"index","follow":"follow","max-snippet":"max-snippet:-1","max-image-preview":"max-image-preview:large","max-video-preview":"max-video-preview:-1"},"canonical":"https:\/\/www.solidarnosc.org.pl\/ksn\/2022\/05\/18\/odszedl-kol-jerzy-dudek\/","og_locale":"pl_PL","og_type":"article","og_title":"Odszed\u0142 kol. Jerzy Dudek - Krajowa Sekcja Nauki NSZZ Solidarno\u015b\u0107","og_description":"Z g\u0142\u0119bokim smutkiem i \u017calem przyj\u0119li\u015bmy wiadomo\u015b\u0107 o \u015bmierci naszego [&hellip;]","og_url":"https:\/\/www.solidarnosc.org.pl\/ksn\/2022\/05\/18\/odszedl-kol-jerzy-dudek\/","og_site_name":"Krajowa Sekcja Nauki NSZZ Solidarno\u015b\u0107","article_published_time":"2022-05-18T09:53:06+00:00","article_modified_time":"2022-09-06T09:57:18+00:00","og_image":[{"url":"http:\/\/www.solidarnosc.org.pl\/ksn\/kcfinder\/upload\/images\/Jerzy%20Dudek%20fot.%20A.%20Nier%C3%B3bca%20b%20fr%282%29.jpg","type":"","width":"","height":""}],"author":"Administrator","twitter_card":"summary_large_image","twitter_misc":{"Napisane przez":"Administrator","Szacowany czas czytania":"1 minuta"},"schema":{"@context":"https:\/\/schema.org","@graph":[{"@type":"Article","@id":"https:\/\/www.solidarnosc.org.pl\/ksn\/2022\/05\/18\/odszedl-kol-jerzy-dudek\/#article","isPartOf":{"@id":"https:\/\/www.solidarnosc.org.pl\/ksn\/2022\/05\/18\/odszedl-kol-jerzy-dudek\/"},"author":{"name":"Administrator","@id":"https:\/\/www.solidarnosc.org.pl\/ksn\/#\/schema\/person\/6222b2d902beb6fe94c9f4369eeaafe7"},"headline":"Odszed\u0142 kol. Jerzy Dudek","datePublished":"2022-05-18T09:53:06+00:00","dateModified":"2022-09-06T09:57:18+00:00","mainEntityOfPage":{"@id":"https:\/\/www.solidarnosc.org.pl\/ksn\/2022\/05\/18\/odszedl-kol-jerzy-dudek\/"},"wordCount":294,"commentCount":0,"publisher":{"@id":"https:\/\/www.solidarnosc.org.pl\/ksn\/#organization"},"image":{"@id":"https:\/\/www.solidarnosc.org.pl\/ksn\/2022\/05\/18\/odszedl-kol-jerzy-dudek\/#primaryimage"},"thumbnailUrl":"http:\/\/www.solidarnosc.org.pl\/ksn\/kcfinder\/upload\/images\/Jerzy%20Dudek%20fot.%20A.%20Nier%C3%B3bca%20b%20fr%282%29.jpg","articleSection":["Aktualno\u015bci","Ludzie KSN"],"inLanguage":"pl-PL","potentialAction":[{"@type":"CommentAction","name":"Comment","target":["https:\/\/www.solidarnosc.org.pl\/ksn\/2022\/05\/18\/odszedl-kol-jerzy-dudek\/#respond"]}]},{"@type":"WebPage","@id":"https:\/\/www.solidarnosc.org.pl\/ksn\/2022\/05\/18\/odszedl-kol-jerzy-dudek\/","url":"https:\/\/www.solidarnosc.org.pl\/ksn\/2022\/05\/18\/odszedl-kol-jerzy-dudek\/","name":"Odszed\u0142 kol. Jerzy Dudek - Krajowa Sekcja Nauki NSZZ Solidarno\u015b\u0107","isPartOf":{"@id":"https:\/\/www.solidarnosc.org.pl\/ksn\/#website"},"primaryImageOfPage":{"@id":"https:\/\/www.solidarnosc.org.pl\/ksn\/2022\/05\/18\/odszedl-kol-jerzy-dudek\/#primaryimage"},"image":{"@id":"https:\/\/www.solidarnosc.org.pl\/ksn\/2022\/05\/18\/odszedl-kol-jerzy-dudek\/#primaryimage"},"thumbnailUrl":"http:\/\/www.solidarnosc.org.pl\/ksn\/kcfinder\/upload\/images\/Jerzy%20Dudek%20fot.%20A.%20Nier%C3%B3bca%20b%20fr%282%29.jpg","datePublished":"2022-05-18T09:53:06+00:00","dateModified":"2022-09-06T09:57:18+00:00","breadcrumb":{"@id":"https:\/\/www.solidarnosc.org.pl\/ksn\/2022\/05\/18\/odszedl-kol-jerzy-dudek\/#breadcrumb"},"inLanguage":"pl-PL","potentialAction":[{"@type":"ReadAction","target":["https:\/\/www.solidarnosc.org.pl\/ksn\/2022\/05\/18\/odszedl-kol-jerzy-dudek\/"]}]},{"@type":"ImageObject","inLanguage":"pl-PL","@id":"https:\/\/www.solidarnosc.org.pl\/ksn\/2022\/05\/18\/odszedl-kol-jerzy-dudek\/#primaryimage","url":"http:\/\/www.solidarnosc.org.pl\/ksn\/kcfinder\/upload\/images\/Jerzy%20Dudek%20fot.%20A.%20Nier%C3%B3bca%20b%20fr%282%29.jpg","contentUrl":"http:\/\/www.solidarnosc.org.pl\/ksn\/kcfinder\/upload\/images\/Jerzy%20Dudek%20fot.%20A.%20Nier%C3%B3bca%20b%20fr%282%29.jpg"},{"@type":"BreadcrumbList","@id":"https:\/\/www.solidarnosc.org.pl\/ksn\/2022\/05\/18\/odszedl-kol-jerzy-dudek\/#breadcrumb","itemListElement":[{"@type":"ListItem","position":1,"name":"Strona g\u0142\u00f3wna","item":"https:\/\/www.solidarnosc.org.pl\/ksn\/"},{"@type":"ListItem","position":2,"name":"Odszed\u0142 kol. Jerzy Dudek"}]},{"@type":"WebSite","@id":"https:\/\/www.solidarnosc.org.pl\/ksn\/#website","url":"https:\/\/www.solidarnosc.org.pl\/ksn\/","name":"Krajowa Sekcja Nauki NSZZ Solidarno\u015b\u0107","description":"Strona KSN to sprawy pracownik\u00f3w w szkolnictwie wy\u017cszym i nauce w Polsce","publisher":{"@id":"https:\/\/www.solidarnosc.org.pl\/ksn\/#organization"},"potentialAction":[{"@type":"SearchAction","target":{"@type":"EntryPoint","urlTemplate":"https:\/\/www.solidarnosc.org.pl\/ksn\/?s={search_term_string}"},"query-input":{"@type":"PropertyValueSpecification","valueRequired":true,"valueName":"search_term_string"}}],"inLanguage":"pl-PL"},{"@type":"Organization","@id":"https:\/\/www.solidarnosc.org.pl\/ksn\/#organization","name":"Krajowa Sekcja Nauki NSZZ Solidarno\u015b\u0107","url":"https:\/\/www.solidarnosc.org.pl\/ksn\/","logo":{"@type":"ImageObject","inLanguage":"pl-PL","@id":"https:\/\/www.solidarnosc.org.pl\/ksn\/#\/schema\/logo\/image\/","url":"https:\/\/www.solidarnosc.org.pl\/ksn\/wp-content\/uploads\/2024\/10\/profilowe-fb.jpg","contentUrl":"https:\/\/www.solidarnosc.org.pl\/ksn\/wp-content\/uploads\/2024\/10\/profilowe-fb.jpg","width":720,"height":719,"caption":"Krajowa Sekcja Nauki NSZZ Solidarno\u015b\u0107"},"image":{"@id":"https:\/\/www.solidarnosc.org.pl\/ksn\/#\/schema\/logo\/image\/"}},{"@type":"Person","@id":"https:\/\/www.solidarnosc.org.pl\/ksn\/#\/schema\/person\/6222b2d902beb6fe94c9f4369eeaafe7","name":"Administrator","image":{"@type":"ImageObject","inLanguage":"pl-PL","@id":"https:\/\/secure.gravatar.com\/avatar\/6b80ff59d103a71999655b48c30b36c0c70b1afde4cffe853b23eaa556766f7f?s=96&d=mm&r=g","url":"https:\/\/secure.gravatar.com\/avatar\/6b80ff59d103a71999655b48c30b36c0c70b1afde4cffe853b23eaa556766f7f?s=96&d=mm&r=g","contentUrl":"https:\/\/secure.gravatar.com\/avatar\/6b80ff59d103a71999655b48c30b36c0c70b1afde4cffe853b23eaa556766f7f?s=96&d=mm&r=g","caption":"Administrator"},"sameAs":["http:\/\/www.solidarnosc.org.pl\/ksn"],"url":"https:\/\/www.solidarnosc.org.pl\/ksn\/author\/administrator\/"}]}},"_links":{"self":[{"href":"https:\/\/www.solidarnosc.org.pl\/ksn\/wp-json\/wp\/v2\/posts\/378","targetHints":{"allow":["GET"]}}],"collection":[{"href":"https:\/\/www.solidarnosc.org.pl\/ksn\/wp-json\/wp\/v2\/posts"}],"about":[{"href":"https:\/\/www.solidarnosc.org.pl\/ksn\/wp-json\/wp\/v2\/types\/post"}],"author":[{"embeddable":true,"href":"https:\/\/www.solidarnosc.org.pl\/ksn\/wp-json\/wp\/v2\/users\/1"}],"replies":[{"embeddable":true,"href":"https:\/\/www.solidarnosc.org.pl\/ksn\/wp-json\/wp\/v2\/comments?post=378"}],"version-history":[{"count":3,"href":"https:\/\/www.solidarnosc.org.pl\/ksn\/wp-json\/wp\/v2\/posts\/378\/revisions"}],"predecessor-version":[{"id":382,"href":"https:\/\/www.solidarnosc.org.pl\/ksn\/wp-json\/wp\/v2\/posts\/378\/revisions\/382"}],"wp:attachment":[{"href":"https:\/\/www.solidarnosc.org.pl\/ksn\/wp-json\/wp\/v2\/media?parent=378"}],"wp:term":[{"taxonomy":"category","embeddable":true,"href":"https:\/\/www.solidarnosc.org.pl\/ksn\/wp-json\/wp\/v2\/categories?post=378"},{"taxonomy":"post_tag","embeddable":true,"href":"https:\/\/www.solidarnosc.org.pl\/ksn\/wp-json\/wp\/v2\/tags?post=378"}],"curies":[{"name":"wp","href":"https:\/\/api.w.org\/{rel}","templated":true}]}}