{"id":3821,"date":"2026-08-30T09:50:15","date_gmt":"2026-08-30T07:50:15","guid":{"rendered":"https:\/\/www.solidarnosc.org.pl\/elblag\/?p=3821"},"modified":"2026-08-30T10:00:57","modified_gmt":"2026-08-30T08:00:57","slug":"46-rocznica-porozumien-sierpniowych-i-powstania-nszz-solidarnosc","status":"publish","type":"post","link":"https:\/\/www.solidarnosc.org.pl\/elblag\/46-rocznica-porozumien-sierpniowych-i-powstania-nszz-solidarnosc\/","title":{"rendered":"46. ROCZNICA POROZUMIE\u0143 SIERPNIOWYCH I POWSTANIA NSZZ \u201eSOLIDARNO\u015a\u0106\u201d"},"content":{"rendered":"\n<h2 class=\"wp-block-heading has-palette-color-2-color has-text-color has-link-color wp-elements-c4750457fb23afabac5233de4bb29423\">46. ROCZNICA POROZUMIE\u0143 SIERPNIOWYCH I POWSTANIA NSZZ \u201eSOLIDARNO\u015a\u0106\u201d<\/h2>\n\n\n\n<p id=\"block-a32e4bb6-8d69-49f4-922b-aa1f39e01ea4\"><strong>Region Elbl\u0105ski NSZZ \u201eSolidarno\u015b\u0107\u201d uczci\u0142 46. rocznic\u0119 podpisania Porozumie\u0144 Sierpniowych i powstania NSZZ \u201eSolidarno\u015b\u0107\u201d. By\u0142 to dzie\u0144 pami\u0119ci o ludziach, kt\u00f3rzy w sierpniu 1980 roku upomnieli si\u0119 o godno\u015b\u0107, wolno\u015b\u0107, prawa pracownicze i mo\u017cliwo\u015b\u0107 niezale\u017cnego organizowania si\u0119.<\/strong><\/p>\n\n\n\n<p id=\"block-bbdb3b18-b0cc-4b26-9eac-4458fe6ed7fe\">Porozumienia Sierpniowe by\u0142y jednym z najwa\u017cniejszych moment\u00f3w w najnowszej historii Polski. Fala strajk\u00f3w, kt\u00f3ra latem 1980 roku obj\u0119\u0142a setki zak\u0142ad\u00f3w pracy, doprowadzi\u0142a do podpisania porozumie\u0144 w Szczecinie, Gda\u0144sku, Jastrz\u0119biu-Zdroju i Hucie Katowice. Otworzy\u0142y one drog\u0119 do powstania Niezale\u017cnego Samorz\u0105dnego Zwi\u0105zku Zawodowego \u201eSolidarno\u015b\u0107\u201d \u2013 ruchu, kt\u00f3ry wkr\u00f3tce po\u0142\u0105czy\u0142 miliony Polak\u00f3w.<\/p>\n\n\n\n<p id=\"block-ff227f30-5cd6-4a38-88dc-c044c6a2f9bf\"><strong>Msza \u015awi\u0119ta i s\u0142owa Biskupa Elbl\u0105skiego<\/strong><\/p>\n\n\n\n<p id=\"block-831746b8-322a-4b56-bf51-92bf0429317b\">Obchody rozpocz\u0119\u0142a uroczysta Msza \u015awi\u0119ta. Homili\u0119 wyg\u0142osi\u0142 <strong>Biskup Elbl\u0105ski Wojciech Skibicki<\/strong>, kt\u00f3ry nawi\u0105zuj\u0105c do ewangelicznego wezwania Chrystusa \u201eP\u00f3jd\u017a za mn\u0105\u201d, m\u00f3wi\u0142 o odpowiedzialno\u015bci, s\u0142u\u017cbie drugiemu cz\u0142owiekowi oraz potrzebie kierowania si\u0119 w \u017cyciu prawd\u0105, wolno\u015bci\u0105 i sprawiedliwo\u015bci\u0105.<\/p>\n\n\n\n<p id=\"block-29f7558b-800f-4080-9804-0a2672478a45\">Biskup przypomnia\u0142 tak\u017ce wydarzenia roku 1980 oraz szczeg\u00f3ln\u0105 rol\u0119, jak\u0105 w tamtym czasie odgrywa\u0142 Ko\u015bci\u00f3\u0142 \u2013 b\u0119d\u0105cy dla wielu ludzi przestrzeni\u0105 wolno\u015bci, wsparcia i duchowego umocnienia. Wspomnia\u0142 r\u00f3wnie\u017c posta\u0107 <strong>ks. infu\u0142ata Mieczys\u0142awa J\u00f3zefczyka<\/strong>, \u00f3wczesnego proboszcza parafii \u015bw. Miko\u0142aja, podkre\u015blaj\u0105c jego zaanga\u017cowanie, odwag\u0119 i znaczenie dla rozwoju spo\u0142ecze\u0144stwa obywatelskiego oraz wsparcia \u201eSolidarno\u015bci\u201d w Elbl\u0105gu. Za swoje zas\u0142ugi i niez\u0142omn\u0105 postaw\u0119 ks. infu\u0142at Mieczys\u0142aw J\u00f3zefczyk otrzyma\u0142 tytu\u0142 Honorowego Cz\u0142onka NSZZ \u201eSolidarno\u015b\u0107\u201d<\/p>\n\n\n\n<p id=\"block-81da1299-d42f-4a90-a934-3a8399c85257\"><strong>21 postulat\u00f3w \u2013 warto\u015bci, kt\u00f3re nie straci\u0142y znaczenia<\/strong><\/p>\n\n\n\n<p id=\"block-eeed7315-a133-44f0-afde-8b59443ebb58\">Nast\u0119pnie po mszy \u015bw. uczestnicy wsp\u00f3lnie przeszli pod pomnik Grudnia 1970 r. gdzie g\u0142os zabra\u0142 <strong>Zbigniew Koban \u2013 Przewodnicz\u0105cy Regionu Elbl\u0105skiego NSZZ \u201eSolidarno\u015b\u0107\u201d<\/strong>.<\/p>\n\n\n\n<p id=\"block-6ad6ed82-6559-43b5-af7d-3c3c39dd4fb5\">W swoim wyst\u0105pieniu przypomnia\u0142 o <strong>21 postulatach Sierpnia \u201980<\/strong> i warto\u015bciach, kt\u00f3re sta\u0142y za \u017c\u0105daniami \u00f3wczesnych pracownik\u00f3w. Dotyczy\u0142y one nie tylko spraw ekonomicznych, lecz tak\u017ce podstawowych praw pracowniczych i obywatelskich \u2013 m.in. prawa do tworzenia niezale\u017cnych zwi\u0105zk\u00f3w zawodowych, prawa do strajku czy wolno\u015bci s\u0142owa. Przewodnicz\u0105cy podkre\u015bli\u0142, jak wa\u017cne by\u0142y te postulaty 46 lat temu i jak wiele z poruszanych w\u00f3wczas kwestii pozostaje wa\u017cnych r\u00f3wnie\u017c dla wsp\u00f3\u0142czesnych pracownik\u00f3w. Sierpie\u0144 \u201980 nie mo\u017ce by\u0107 bowiem jedynie wspomnieniem historycznym \u2013 jego dziedzictwo zobowi\u0105zuje do troski o godno\u015b\u0107 cz\u0142owieka pracy, jego prawa oraz rzeczywisty dialog spo\u0142eczny.<\/p>\n\n\n\n<p id=\"block-5784b90a-1858-4a70-862f-2a433ef17080\"><strong>List Przewodnicz\u0105cego Komisji Krajowej Piotra Dudy<\/strong><\/p>\n\n\n\n<p id=\"block-1c021ac2-f02b-473d-87e5-c66ad6a2e7f2\">Do uczestnik\u00f3w elbl\u0105skich obchod\u00f3w specjalny list skierowa\u0142 <strong>Piotr Duda \u2013 Przewodnicz\u0105cy Komisji Krajowej NSZZ \u201eSolidarno\u015b\u0107\u201d<\/strong>. List w jego imieniu odczyta\u0142 <strong>Grzegorz Adamowicz \u2013 Zast\u0119pca Przewodnicz\u0105cego \u2013 Sekretarz Komisji Krajowej NSZZ \u201eSolidarno\u015b\u0107\u201d<\/strong>.<\/p>\n\n\n\n<p id=\"block-b76e03c4-171b-42ca-952b-9cf874b3f787\">Piotr Duda przypomnia\u0142 szczeg\u00f3lne miejsce Elbl\u0105ga w historii walki o wolno\u015b\u0107 i prawa ludzi pracy \u2013 zar\u00f3wno podczas tragicznych wydarze\u0144 Grudnia 1970 roku, jak i w czasie strajk\u00f3w Sierpnia 1980. Zwr\u00f3ci\u0142 uwag\u0119, \u017ce tamte wydarzenia pokaza\u0142y, i\u017c kiedy ludzie pracy potrafi\u0105 si\u0119 zjednoczy\u0107, mog\u0105 skutecznie upomina\u0107 si\u0119 o swoje prawa i wp\u0142ywa\u0107 na rzeczywisto\u015b\u0107.<\/p>\n\n\n\n<p id=\"block-ce3fd3d0-ea6c-4a17-a642-76936bc460b7\">Przewodnicz\u0105cy Komisji Krajowej odni\u00f3s\u0142 si\u0119 r\u00f3wnie\u017c do <strong>wsp\u00f3\u0142czesnych wyzwa\u0144 stoj\u0105cych przed pracownikami i polsk\u0105 gospodark\u0105<\/strong>. Wskaza\u0142 na polityk\u0119 klimatyczn\u0105 Unii Europejskiej, w tym rozwi\u0105zania zwi\u0105zane z Zielonym \u0141adem, oraz ich konsekwencje dla polskich rodzin, miejsc pracy, przemys\u0142u, energetyki i przysz\u0142o\u015bci gospodarki.<\/p>\n\n\n\n<p id=\"block-c3ecc183-4483-4809-9784-d9b133d89dd4\">W li\u015bcie przypomnia\u0142 tak\u017ce o prowadzonej przez NSZZ \u201eSolidarno\u015b\u0107\u201d zbi\u00f3rce podpis\u00f3w pod obywatelskim wnioskiem o przeprowadzenie <strong>referendum w sprawie polityki klimatycznej Unii Europejskiej<\/strong>, podkre\u015blaj\u0105c, \u017ce obywatele maj\u0105 prawo wsp\u00f3\u0142decydowa\u0107 o sprawach, kt\u00f3re bezpo\u015brednio wp\u0142ywaj\u0105 na ich \u017cycie, rodziny i miejsca pracy.<\/p>\n\n\n\n<p id=\"block-e5253f4f-8734-4576-b706-65beb45d66b1\">Jak podkre\u015bli\u0142, historia \u201eSolidarno\u015bci\u201d pokazuje, \u017ce najwi\u0119ksz\u0105 si\u0142\u0105 ludzi pracy zawsze by\u0142a jedno\u015b\u0107 \u2013 zar\u00f3wno 46 lat temu, jak i dzi\u015b.<\/p>\n\n\n\n<p id=\"block-6ec3f4e2-c36d-4bf3-a4e0-852ac50ba235\"><strong>Pami\u0119\u0107 i wdzi\u0119czno\u015b\u0107<\/strong><\/p>\n\n\n\n<p id=\"block-e298b615-24f8-41ac-855e-e5818d202fb5\">Po wyst\u0105pieniach odby\u0142a si\u0119 uroczysta ceremonia sk\u0142adania kwiat\u00f3w \u2013 symboliczny gest pami\u0119ci, wdzi\u0119czno\u015bci i szacunku wobec ludzi, dzi\u0119ki kt\u00f3rym Sierpie\u0144 1980 roku sta\u0142 si\u0119 jednym z najwa\u017cniejszych wydarze\u0144 na polskiej drodze ku wolno\u015bci.<\/p>\n\n\n\n<p id=\"block-b23873e8-ceeb-4f26-b673-c1958b491867\">Kwiaty z\u0142o\u017cy\u0142y delegacje instytucji, organizacji, \u015brodowisk zwi\u0105zkowych i spo\u0142ecznych oraz uczestnicy uroczysto\u015bci.<\/p>\n\n\n\n<p id=\"block-a247d826-ff98-44c0-af76-bd555759ab45\"><\/p>\n\n\n\n<p id=\"block-908375f2-3f01-4bbf-9441-ef9ed38d6073\"><strong>Dzi\u0119kujemy za wsp\u00f3lne uczczenie Sierpnia \u201980<\/strong><\/p>\n\n\n\n<p id=\"block-bb41838f-3b56-4e1f-b812-87e114b4ea15\">Serdecznie dzi\u0119kujemy wszystkim, kt\u00f3rzy przyj\u0119li zaproszenie Regionu Elbl\u0105skiego NSZZ \u201eSolidarno\u015b\u0107\u201d i uczestniczyli w tegorocznych obchodach.<\/p>\n\n\n\n<p id=\"block-3a8ce1c9-6d90-4e86-bd01-647e5984a9a4\">Szczeg\u00f3lne podzi\u0119kowania za obecno\u015b\u0107 kierujemy do:<\/p>\n\n\n\n<ul class=\"wp-block-list\">\n<li><strong>Biskupa Elbl\u0105skiego Wojciecha Skibickiego,<\/strong><\/li>\n<\/ul>\n\n\n\n<ul class=\"wp-block-list\">\n<li><strong>dr. Daniela Czerwi\u0144skiego<\/strong> \u2013 Naczelnika Oddzia\u0142owego Biura Bada\u0144 Historycznych Instytutu Pami\u0119ci Narodowej w Gda\u0144sku,<\/li>\n<\/ul>\n\n\n\n<ul class=\"wp-block-list\">\n<li><strong>Grzegorza Adamowicza<\/strong> \u2013 Zast\u0119pcy Przewodnicz\u0105cego \u2013 Sekretarza Komisji Krajowej NSZZ \u201eSolidarno\u015b\u0107\u201d,<\/li>\n<\/ul>\n\n\n\n<ul class=\"wp-block-list\">\n<li><strong>Teresy Wilk<\/strong> \u2013 Pos\u0142anka na Sejm RP,<\/li>\n<\/ul>\n\n\n\n<ul class=\"wp-block-list\">\n<li><strong>Andrzeja \u015aliwki<\/strong> \u2013 Pos\u0142a na Sejm RP,<\/li>\n<\/ul>\n\n\n\n<ul class=\"wp-block-list\">\n<li><strong>Artura Zieli\u0144skiego<\/strong> \u2013 Sekretarza Miasta Elbl\u0105ga, reprezentuj\u0105cego Prezydenta Miasta Elbl\u0105ga dr. Micha\u0142a Missana,<\/li>\n<\/ul>\n\n\n\n<ul class=\"wp-block-list\">\n<li><strong>Marcina Kazimierczuka<\/strong> &#8211; Radnego Sejmiku Wojew\u00f3dztwa Warmi\u0144sko &#8211; Mazurskiego<\/li>\n<\/ul>\n\n\n\n<ul class=\"wp-block-list\">\n<li><strong>Macieja Bukowskiego<\/strong> \u2013 Konsula Honorowego Republiki Mo\u0142dawii w Elbl\u0105gu.<\/li>\n<\/ul>\n\n\n\n<p id=\"block-accfb803-7e84-48cd-8618-cfcde0a3b135\">Dzi\u0119kujemy r\u00f3wnie\u017c <strong>radnym Rady Miejskiej w Elbl\u0105gu, przedstawicielom Elbl\u0105skiego Stowarzyszenia Os\u00f3b Represjonowanych, organizacji spo\u0142ecznych, przedstawicielom organizacji zwi\u0105zkowych, pocztom sztandarowym, cz\u0142onkom i sympatykom NSZZ \u201eSolidarno\u015b\u0107\u201d oraz mieszka\u0144com Elbl\u0105ga<\/strong>, kt\u00f3rzy byli tego dnia razem z nami.<\/p>\n\n\n\n<p id=\"block-1bceb30a-a798-441d-b2d8-e363d1eb57bf\">Szczeg\u00f3lne s\u0142owa podzi\u0119kowania kierujemy do <strong>harcerzy Hufca ZHP Elbl\u0105g im. Miko\u0142aja Kopernika<\/strong> za pe\u0142nion\u0105 s\u0142u\u017cb\u0119, czuwanie przy pomniku oraz pomoc i wsparcie podczas ceremonii sk\u0142adania kwiat\u00f3w.<\/p>\n\n\n\n<p id=\"block-bdc9e1fd-c330-4580-976b-ab0249e62ab6\">Dzi\u0119kujemy r\u00f3wnie\u017c firm\u0105 odpowiedzialnym za obs\u0142ug\u0119 techniczn\u0105 uroczysto\u015bci<strong> \u2013 DifferentMusic oraz Transport, Przeprowadzki Elbl\u0105g<\/strong> \u2013 za profesjonalizm, sprawn\u0105 wsp\u00f3\u0142prac\u0119 i jak zawsze niezawodne przygotowanie techniczne wydarzenia.<\/p>\n\n\n\n<p id=\"block-e93c4e16-0333-4e14-996b-56ec928f8c19\">Podzi\u0119kowania kierujemy tak\u017ce do <strong>funkcjonariuszy Policji w Elbl\u0105gu<\/strong> za czuwanie nad bezpiecze\u0144stwem uczestnik\u00f3w uroczysto\u015bci oraz sprawne zabezpieczenie przemarszu pod pomnik.<\/p>\n\n\n\n<p id=\"block-13d53593-7ce5-4bc9-87ae-e8b28a612b8a\">Dzi\u0119kujemy wszystkim osobom, kt\u00f3re w\u0142\u0105czy\u0142y si\u0119 w przygotowanie obchod\u00f3w i czuwa\u0142y nad ich sprawnym przebiegiem. Dzi\u0119ki Waszej pomocy mogli\u015bmy wsp\u00f3lnie i godnie uczci\u0107 46. rocznic\u0119 wydarze\u0144, kt\u00f3re da\u0142y pocz\u0105tek \u201eSolidarno\u015bci\u201d.<\/p>\n\n\n\n<p id=\"block-067d4eb9-afb9-4ed1-9956-ff38d163532e\"><strong>Sierpie\u0144 \u201980 przypomina nam, jak wielk\u0105 si\u0142\u0119 ma solidarno\u015b\u0107 ludzi, kt\u00f3rzy potrafi\u0105 stan\u0105\u0107 razem w obronie godno\u015bci, wolno\u015bci i swoich praw.<\/strong><\/p>\n\n\n\n<p id=\"block-71e5bff4-8748-4140-ba1b-a0019ea1aa1a\"><strong>Pami\u0119tamy o tych, kt\u00f3rzy 46 lat temu mieli odwag\u0119 si\u0119 o nie upomnie\u0107. Ich dziedzictwo pozostaje naszym zobowi\u0105zaniem.<\/strong><\/p>\n\n\n\n<p id=\"block-4c70bfe8-8f19-416e-b91a-b0c6a7808ca5\"><strong>Solidarno\u015b\u0107 \u2013 wtedy i dzi\u015b.<\/strong> \ud83c\uddf5\ud83c\uddf1\u270c\ufe0f<\/p>\n\n\n\n<figure class=\"wp-block-gallery has-nested-images columns-default is-cropped has-lightbox wp-block-gallery-1 is-layout-flex wp-block-gallery-is-layout-flex\">\n<figure class=\"wp-block-image size-large\"><img loading=\"lazy\" decoding=\"async\" width=\"1024\" height=\"576\" data-id=\"3770\" src=\"https:\/\/www.solidarnosc.org.pl\/elblag\/wp-content\/uploads\/2026\/08\/IMG_8649-1024x576.jpeg\" alt=\"\" class=\"wp-image-3770\" srcset=\"https:\/\/www.solidarnosc.org.pl\/elblag\/wp-content\/uploads\/2026\/08\/IMG_8649-1024x576.jpeg 1024w, https:\/\/www.solidarnosc.org.pl\/elblag\/wp-content\/uploads\/2026\/08\/IMG_8649-300x169.jpeg 300w, https:\/\/www.solidarnosc.org.pl\/elblag\/wp-content\/uploads\/2026\/08\/IMG_8649-768x432.jpeg 768w, https:\/\/www.solidarnosc.org.pl\/elblag\/wp-content\/uploads\/2026\/08\/IMG_8649-1536x864.jpeg 1536w, https:\/\/www.solidarnosc.org.pl\/elblag\/wp-content\/uploads\/2026\/08\/IMG_8649-2048x1152.jpeg 2048w\" sizes=\"auto, (max-width: 1024px) 100vw, 1024px\" \/><\/figure>\n\n\n\n<figure class=\"wp-block-image size-large\"><img loading=\"lazy\" decoding=\"async\" width=\"576\" height=\"1024\" data-id=\"3764\" src=\"https:\/\/www.solidarnosc.org.pl\/elblag\/wp-content\/uploads\/2026\/08\/IMG_8653-576x1024.jpeg\" alt=\"\" class=\"wp-image-3764\" srcset=\"https:\/\/www.solidarnosc.org.pl\/elblag\/wp-content\/uploads\/2026\/08\/IMG_8653-576x1024.jpeg 576w, https:\/\/www.solidarnosc.org.pl\/elblag\/wp-content\/uploads\/2026\/08\/IMG_8653-169x300.jpeg 169w, https:\/\/www.solidarnosc.org.pl\/elblag\/wp-content\/uploads\/2026\/08\/IMG_8653-768x1365.jpeg 768w, https:\/\/www.solidarnosc.org.pl\/elblag\/wp-content\/uploads\/2026\/08\/IMG_8653-864x1536.jpeg 864w, https:\/\/www.solidarnosc.org.pl\/elblag\/wp-content\/uploads\/2026\/08\/IMG_8653-1152x2048.jpeg 1152w, https:\/\/www.solidarnosc.org.pl\/elblag\/wp-content\/uploads\/2026\/08\/IMG_8653-scaled.jpeg 1440w\" sizes=\"auto, (max-width: 576px) 100vw, 576px\" \/><\/figure>\n\n\n\n<figure class=\"wp-block-image size-large\"><img loading=\"lazy\" decoding=\"async\" width=\"576\" height=\"1024\" data-id=\"3765\" src=\"https:\/\/www.solidarnosc.org.pl\/elblag\/wp-content\/uploads\/2026\/08\/IMG_8651-576x1024.jpeg\" alt=\"\" class=\"wp-image-3765\" srcset=\"https:\/\/www.solidarnosc.org.pl\/elblag\/wp-content\/uploads\/2026\/08\/IMG_8651-576x1024.jpeg 576w, https:\/\/www.solidarnosc.org.pl\/elblag\/wp-content\/uploads\/2026\/08\/IMG_8651-169x300.jpeg 169w, https:\/\/www.solidarnosc.org.pl\/elblag\/wp-content\/uploads\/2026\/08\/IMG_8651-768x1365.jpeg 768w, https:\/\/www.solidarnosc.org.pl\/elblag\/wp-content\/uploads\/2026\/08\/IMG_8651-864x1536.jpeg 864w, https:\/\/www.solidarnosc.org.pl\/elblag\/wp-content\/uploads\/2026\/08\/IMG_8651-1152x2048.jpeg 1152w, https:\/\/www.solidarnosc.org.pl\/elblag\/wp-content\/uploads\/2026\/08\/IMG_8651-scaled.jpeg 1440w\" sizes=\"auto, (max-width: 576px) 100vw, 576px\" \/><\/figure>\n\n\n\n<figure class=\"wp-block-image size-large\"><img loading=\"lazy\" decoding=\"async\" width=\"1024\" height=\"576\" data-id=\"3767\" src=\"https:\/\/www.solidarnosc.org.pl\/elblag\/wp-content\/uploads\/2026\/08\/IMG_8648-1024x576.jpeg\" alt=\"\" class=\"wp-image-3767\" srcset=\"https:\/\/www.solidarnosc.org.pl\/elblag\/wp-content\/uploads\/2026\/08\/IMG_8648-1024x576.jpeg 1024w, https:\/\/www.solidarnosc.org.pl\/elblag\/wp-content\/uploads\/2026\/08\/IMG_8648-300x169.jpeg 300w, https:\/\/www.solidarnosc.org.pl\/elblag\/wp-content\/uploads\/2026\/08\/IMG_8648-768x432.jpeg 768w, https:\/\/www.solidarnosc.org.pl\/elblag\/wp-content\/uploads\/2026\/08\/IMG_8648-1536x864.jpeg 1536w, https:\/\/www.solidarnosc.org.pl\/elblag\/wp-content\/uploads\/2026\/08\/IMG_8648-2048x1152.jpeg 2048w\" sizes=\"auto, (max-width: 1024px) 100vw, 1024px\" \/><\/figure>\n\n\n\n<figure class=\"wp-block-image size-large\"><img loading=\"lazy\" decoding=\"async\" width=\"1024\" height=\"576\" data-id=\"3769\" src=\"https:\/\/www.solidarnosc.org.pl\/elblag\/wp-content\/uploads\/2026\/08\/IMG_8655-1024x576.jpeg\" alt=\"\" class=\"wp-image-3769\" srcset=\"https:\/\/www.solidarnosc.org.pl\/elblag\/wp-content\/uploads\/2026\/08\/IMG_8655-1024x576.jpeg 1024w, https:\/\/www.solidarnosc.org.pl\/elblag\/wp-content\/uploads\/2026\/08\/IMG_8655-300x169.jpeg 300w, https:\/\/www.solidarnosc.org.pl\/elblag\/wp-content\/uploads\/2026\/08\/IMG_8655-768x432.jpeg 768w, https:\/\/www.solidarnosc.org.pl\/elblag\/wp-content\/uploads\/2026\/08\/IMG_8655-1536x864.jpeg 1536w, https:\/\/www.solidarnosc.org.pl\/elblag\/wp-content\/uploads\/2026\/08\/IMG_8655-2048x1152.jpeg 2048w\" sizes=\"auto, (max-width: 1024px) 100vw, 1024px\" \/><\/figure>\n\n\n\n<figure class=\"wp-block-image size-large\"><img loading=\"lazy\" decoding=\"async\" width=\"1024\" height=\"576\" data-id=\"3763\" src=\"https:\/\/www.solidarnosc.org.pl\/elblag\/wp-content\/uploads\/2026\/08\/IMG_8656-1024x576.jpeg\" alt=\"\" class=\"wp-image-3763\" srcset=\"https:\/\/www.solidarnosc.org.pl\/elblag\/wp-content\/uploads\/2026\/08\/IMG_8656-1024x576.jpeg 1024w, https:\/\/www.solidarnosc.org.pl\/elblag\/wp-content\/uploads\/2026\/08\/IMG_8656-300x169.jpeg 300w, https:\/\/www.solidarnosc.org.pl\/elblag\/wp-content\/uploads\/2026\/08\/IMG_8656-768x432.jpeg 768w, https:\/\/www.solidarnosc.org.pl\/elblag\/wp-content\/uploads\/2026\/08\/IMG_8656-1536x864.jpeg 1536w, https:\/\/www.solidarnosc.org.pl\/elblag\/wp-content\/uploads\/2026\/08\/IMG_8656-2048x1152.jpeg 2048w\" sizes=\"auto, (max-width: 1024px) 100vw, 1024px\" \/><\/figure>\n\n\n\n<figure class=\"wp-block-image size-large\"><img loading=\"lazy\" decoding=\"async\" width=\"1024\" height=\"576\" data-id=\"3776\" src=\"https:\/\/www.solidarnosc.org.pl\/elblag\/wp-content\/uploads\/2026\/08\/IMG_8660-1024x576.jpeg\" alt=\"\" class=\"wp-image-3776\" srcset=\"https:\/\/www.solidarnosc.org.pl\/elblag\/wp-content\/uploads\/2026\/08\/IMG_8660-1024x576.jpeg 1024w, https:\/\/www.solidarnosc.org.pl\/elblag\/wp-content\/uploads\/2026\/08\/IMG_8660-300x169.jpeg 300w, https:\/\/www.solidarnosc.org.pl\/elblag\/wp-content\/uploads\/2026\/08\/IMG_8660-768x432.jpeg 768w, https:\/\/www.solidarnosc.org.pl\/elblag\/wp-content\/uploads\/2026\/08\/IMG_8660-1536x864.jpeg 1536w, https:\/\/www.solidarnosc.org.pl\/elblag\/wp-content\/uploads\/2026\/08\/IMG_8660-2048x1152.jpeg 2048w\" sizes=\"auto, (max-width: 1024px) 100vw, 1024px\" \/><\/figure>\n\n\n\n<figure class=\"wp-block-image size-large\"><img loading=\"lazy\" decoding=\"async\" width=\"1024\" height=\"576\" data-id=\"3783\" src=\"https:\/\/www.solidarnosc.org.pl\/elblag\/wp-content\/uploads\/2026\/08\/IMG_8658-1024x576.jpeg\" alt=\"\" class=\"wp-image-3783\" srcset=\"https:\/\/www.solidarnosc.org.pl\/elblag\/wp-content\/uploads\/2026\/08\/IMG_8658-1024x576.jpeg 1024w, https:\/\/www.solidarnosc.org.pl\/elblag\/wp-content\/uploads\/2026\/08\/IMG_8658-300x169.jpeg 300w, https:\/\/www.solidarnosc.org.pl\/elblag\/wp-content\/uploads\/2026\/08\/IMG_8658-768x432.jpeg 768w, https:\/\/www.solidarnosc.org.pl\/elblag\/wp-content\/uploads\/2026\/08\/IMG_8658-1536x864.jpeg 1536w, https:\/\/www.solidarnosc.org.pl\/elblag\/wp-content\/uploads\/2026\/08\/IMG_8658-2048x1152.jpeg 2048w\" sizes=\"auto, (max-width: 1024px) 100vw, 1024px\" \/><\/figure>\n\n\n\n<figure class=\"wp-block-image size-large\"><img loading=\"lazy\" decoding=\"async\" width=\"1024\" height=\"576\" data-id=\"3771\" src=\"https:\/\/www.solidarnosc.org.pl\/elblag\/wp-content\/uploads\/2026\/08\/IMG_8662-1024x576.jpeg\" alt=\"\" class=\"wp-image-3771\" srcset=\"https:\/\/www.solidarnosc.org.pl\/elblag\/wp-content\/uploads\/2026\/08\/IMG_8662-1024x576.jpeg 1024w, https:\/\/www.solidarnosc.org.pl\/elblag\/wp-content\/uploads\/2026\/08\/IMG_8662-300x169.jpeg 300w, https:\/\/www.solidarnosc.org.pl\/elblag\/wp-content\/uploads\/2026\/08\/IMG_8662-768x432.jpeg 768w, https:\/\/www.solidarnosc.org.pl\/elblag\/wp-content\/uploads\/2026\/08\/IMG_8662-1536x864.jpeg 1536w, https:\/\/www.solidarnosc.org.pl\/elblag\/wp-content\/uploads\/2026\/08\/IMG_8662-2048x1152.jpeg 2048w\" sizes=\"auto, (max-width: 1024px) 100vw, 1024px\" \/><\/figure>\n\n\n\n<figure class=\"wp-block-image size-large\"><img loading=\"lazy\" decoding=\"async\" width=\"1024\" height=\"576\" data-id=\"3762\" src=\"https:\/\/www.solidarnosc.org.pl\/elblag\/wp-content\/uploads\/2026\/08\/IMG_8666-1024x576.jpeg\" alt=\"\" class=\"wp-image-3762\" srcset=\"https:\/\/www.solidarnosc.org.pl\/elblag\/wp-content\/uploads\/2026\/08\/IMG_8666-1024x576.jpeg 1024w, https:\/\/www.solidarnosc.org.pl\/elblag\/wp-content\/uploads\/2026\/08\/IMG_8666-300x169.jpeg 300w, https:\/\/www.solidarnosc.org.pl\/elblag\/wp-content\/uploads\/2026\/08\/IMG_8666-768x432.jpeg 768w, https:\/\/www.solidarnosc.org.pl\/elblag\/wp-content\/uploads\/2026\/08\/IMG_8666-1536x864.jpeg 1536w, https:\/\/www.solidarnosc.org.pl\/elblag\/wp-content\/uploads\/2026\/08\/IMG_8666-2048x1152.jpeg 2048w\" sizes=\"auto, (max-width: 1024px) 100vw, 1024px\" \/><\/figure>\n\n\n\n<figure class=\"wp-block-image size-large\"><img loading=\"lazy\" decoding=\"async\" width=\"1024\" height=\"576\" data-id=\"3773\" src=\"https:\/\/www.solidarnosc.org.pl\/elblag\/wp-content\/uploads\/2026\/08\/IMG_8663-1024x576.jpeg\" alt=\"\" class=\"wp-image-3773\" srcset=\"https:\/\/www.solidarnosc.org.pl\/elblag\/wp-content\/uploads\/2026\/08\/IMG_8663-1024x576.jpeg 1024w, https:\/\/www.solidarnosc.org.pl\/elblag\/wp-content\/uploads\/2026\/08\/IMG_8663-300x169.jpeg 300w, https:\/\/www.solidarnosc.org.pl\/elblag\/wp-content\/uploads\/2026\/08\/IMG_8663-768x432.jpeg 768w, https:\/\/www.solidarnosc.org.pl\/elblag\/wp-content\/uploads\/2026\/08\/IMG_8663-1536x864.jpeg 1536w, https:\/\/www.solidarnosc.org.pl\/elblag\/wp-content\/uploads\/2026\/08\/IMG_8663-2048x1152.jpeg 2048w\" sizes=\"auto, (max-width: 1024px) 100vw, 1024px\" \/><\/figure>\n\n\n\n<figure class=\"wp-block-image size-large\"><img loading=\"lazy\" decoding=\"async\" width=\"1024\" height=\"576\" data-id=\"3778\" src=\"https:\/\/www.solidarnosc.org.pl\/elblag\/wp-content\/uploads\/2026\/08\/IMG_8671-1024x576.jpeg\" alt=\"\" class=\"wp-image-3778\" srcset=\"https:\/\/www.solidarnosc.org.pl\/elblag\/wp-content\/uploads\/2026\/08\/IMG_8671-1024x576.jpeg 1024w, https:\/\/www.solidarnosc.org.pl\/elblag\/wp-content\/uploads\/2026\/08\/IMG_8671-300x169.jpeg 300w, https:\/\/www.solidarnosc.org.pl\/elblag\/wp-content\/uploads\/2026\/08\/IMG_8671-768x432.jpeg 768w, https:\/\/www.solidarnosc.org.pl\/elblag\/wp-content\/uploads\/2026\/08\/IMG_8671-1536x864.jpeg 1536w, https:\/\/www.solidarnosc.org.pl\/elblag\/wp-content\/uploads\/2026\/08\/IMG_8671-2048x1152.jpeg 2048w\" sizes=\"auto, (max-width: 1024px) 100vw, 1024px\" \/><\/figure>\n\n\n\n<figure class=\"wp-block-image size-large\"><img loading=\"lazy\" decoding=\"async\" width=\"1024\" height=\"576\" data-id=\"3779\" src=\"https:\/\/www.solidarnosc.org.pl\/elblag\/wp-content\/uploads\/2026\/08\/IMG_8679-1024x576.jpeg\" alt=\"\" class=\"wp-image-3779\" srcset=\"https:\/\/www.solidarnosc.org.pl\/elblag\/wp-content\/uploads\/2026\/08\/IMG_8679-1024x576.jpeg 1024w, https:\/\/www.solidarnosc.org.pl\/elblag\/wp-content\/uploads\/2026\/08\/IMG_8679-300x169.jpeg 300w, https:\/\/www.solidarnosc.org.pl\/elblag\/wp-content\/uploads\/2026\/08\/IMG_8679-768x432.jpeg 768w, https:\/\/www.solidarnosc.org.pl\/elblag\/wp-content\/uploads\/2026\/08\/IMG_8679-1536x864.jpeg 1536w, https:\/\/www.solidarnosc.org.pl\/elblag\/wp-content\/uploads\/2026\/08\/IMG_8679-2048x1152.jpeg 2048w\" sizes=\"auto, (max-width: 1024px) 100vw, 1024px\" \/><\/figure>\n\n\n\n<figure class=\"wp-block-image size-large\"><img loading=\"lazy\" decoding=\"async\" width=\"1024\" height=\"576\" data-id=\"3798\" src=\"https:\/\/www.solidarnosc.org.pl\/elblag\/wp-content\/uploads\/2026\/08\/IMG_8676-1024x576.jpeg\" alt=\"\" class=\"wp-image-3798\" srcset=\"https:\/\/www.solidarnosc.org.pl\/elblag\/wp-content\/uploads\/2026\/08\/IMG_8676-1024x576.jpeg 1024w, https:\/\/www.solidarnosc.org.pl\/elblag\/wp-content\/uploads\/2026\/08\/IMG_8676-300x169.jpeg 300w, https:\/\/www.solidarnosc.org.pl\/elblag\/wp-content\/uploads\/2026\/08\/IMG_8676-768x432.jpeg 768w, https:\/\/www.solidarnosc.org.pl\/elblag\/wp-content\/uploads\/2026\/08\/IMG_8676-1536x864.jpeg 1536w, https:\/\/www.solidarnosc.org.pl\/elblag\/wp-content\/uploads\/2026\/08\/IMG_8676-2048x1152.jpeg 2048w\" sizes=\"auto, (max-width: 1024px) 100vw, 1024px\" \/><\/figure>\n\n\n\n<figure class=\"wp-block-image size-large\"><img loading=\"lazy\" decoding=\"async\" width=\"1024\" height=\"576\" data-id=\"3780\" src=\"https:\/\/www.solidarnosc.org.pl\/elblag\/wp-content\/uploads\/2026\/08\/IMG_8673-1024x576.jpeg\" alt=\"\" class=\"wp-image-3780\" srcset=\"https:\/\/www.solidarnosc.org.pl\/elblag\/wp-content\/uploads\/2026\/08\/IMG_8673-1024x576.jpeg 1024w, https:\/\/www.solidarnosc.org.pl\/elblag\/wp-content\/uploads\/2026\/08\/IMG_8673-300x169.jpeg 300w, https:\/\/www.solidarnosc.org.pl\/elblag\/wp-content\/uploads\/2026\/08\/IMG_8673-768x432.jpeg 768w, https:\/\/www.solidarnosc.org.pl\/elblag\/wp-content\/uploads\/2026\/08\/IMG_8673-1536x864.jpeg 1536w, https:\/\/www.solidarnosc.org.pl\/elblag\/wp-content\/uploads\/2026\/08\/IMG_8673-2048x1152.jpeg 2048w\" sizes=\"auto, (max-width: 1024px) 100vw, 1024px\" \/><\/figure>\n\n\n\n<figure class=\"wp-block-image size-large\"><img loading=\"lazy\" decoding=\"async\" width=\"1024\" height=\"576\" data-id=\"3790\" src=\"https:\/\/www.solidarnosc.org.pl\/elblag\/wp-content\/uploads\/2026\/08\/IMG_8672-1024x576.jpeg\" alt=\"\" class=\"wp-image-3790\" srcset=\"https:\/\/www.solidarnosc.org.pl\/elblag\/wp-content\/uploads\/2026\/08\/IMG_8672-1024x576.jpeg 1024w, https:\/\/www.solidarnosc.org.pl\/elblag\/wp-content\/uploads\/2026\/08\/IMG_8672-300x169.jpeg 300w, https:\/\/www.solidarnosc.org.pl\/elblag\/wp-content\/uploads\/2026\/08\/IMG_8672-768x432.jpeg 768w, https:\/\/www.solidarnosc.org.pl\/elblag\/wp-content\/uploads\/2026\/08\/IMG_8672-1536x864.jpeg 1536w, https:\/\/www.solidarnosc.org.pl\/elblag\/wp-content\/uploads\/2026\/08\/IMG_8672-2048x1152.jpeg 2048w\" sizes=\"auto, (max-width: 1024px) 100vw, 1024px\" \/><\/figure>\n\n\n\n<figure class=\"wp-block-image size-large\"><img loading=\"lazy\" decoding=\"async\" width=\"1024\" height=\"576\" data-id=\"3801\" src=\"https:\/\/www.solidarnosc.org.pl\/elblag\/wp-content\/uploads\/2026\/08\/IMG_8683-1024x576.jpeg\" alt=\"\" class=\"wp-image-3801\" srcset=\"https:\/\/www.solidarnosc.org.pl\/elblag\/wp-content\/uploads\/2026\/08\/IMG_8683-1024x576.jpeg 1024w, https:\/\/www.solidarnosc.org.pl\/elblag\/wp-content\/uploads\/2026\/08\/IMG_8683-300x169.jpeg 300w, https:\/\/www.solidarnosc.org.pl\/elblag\/wp-content\/uploads\/2026\/08\/IMG_8683-768x432.jpeg 768w, https:\/\/www.solidarnosc.org.pl\/elblag\/wp-content\/uploads\/2026\/08\/IMG_8683-1536x864.jpeg 1536w, https:\/\/www.solidarnosc.org.pl\/elblag\/wp-content\/uploads\/2026\/08\/IMG_8683-2048x1152.jpeg 2048w\" sizes=\"auto, (max-width: 1024px) 100vw, 1024px\" \/><\/figure>\n\n\n\n<figure class=\"wp-block-image size-large\"><img loading=\"lazy\" decoding=\"async\" width=\"1024\" height=\"576\" data-id=\"3803\" src=\"https:\/\/www.solidarnosc.org.pl\/elblag\/wp-content\/uploads\/2026\/08\/IMG_8695-1024x576.jpeg\" alt=\"\" class=\"wp-image-3803\" srcset=\"https:\/\/www.solidarnosc.org.pl\/elblag\/wp-content\/uploads\/2026\/08\/IMG_8695-1024x576.jpeg 1024w, https:\/\/www.solidarnosc.org.pl\/elblag\/wp-content\/uploads\/2026\/08\/IMG_8695-300x169.jpeg 300w, https:\/\/www.solidarnosc.org.pl\/elblag\/wp-content\/uploads\/2026\/08\/IMG_8695-768x432.jpeg 768w, https:\/\/www.solidarnosc.org.pl\/elblag\/wp-content\/uploads\/2026\/08\/IMG_8695-1536x864.jpeg 1536w, https:\/\/www.solidarnosc.org.pl\/elblag\/wp-content\/uploads\/2026\/08\/IMG_8695-2048x1152.jpeg 2048w\" sizes=\"auto, (max-width: 1024px) 100vw, 1024px\" \/><\/figure>\n\n\n\n<figure class=\"wp-block-image size-large\"><img loading=\"lazy\" decoding=\"async\" width=\"1024\" height=\"576\" data-id=\"3809\" src=\"https:\/\/www.solidarnosc.org.pl\/elblag\/wp-content\/uploads\/2026\/08\/IMG_8696-1024x576.jpeg\" alt=\"\" class=\"wp-image-3809\" srcset=\"https:\/\/www.solidarnosc.org.pl\/elblag\/wp-content\/uploads\/2026\/08\/IMG_8696-1024x576.jpeg 1024w, https:\/\/www.solidarnosc.org.pl\/elblag\/wp-content\/uploads\/2026\/08\/IMG_8696-300x169.jpeg 300w, https:\/\/www.solidarnosc.org.pl\/elblag\/wp-content\/uploads\/2026\/08\/IMG_8696-768x432.jpeg 768w, https:\/\/www.solidarnosc.org.pl\/elblag\/wp-content\/uploads\/2026\/08\/IMG_8696-1536x864.jpeg 1536w, https:\/\/www.solidarnosc.org.pl\/elblag\/wp-content\/uploads\/2026\/08\/IMG_8696-2048x1152.jpeg 2048w\" sizes=\"auto, (max-width: 1024px) 100vw, 1024px\" \/><\/figure>\n\n\n\n<figure class=\"wp-block-image size-large\"><img loading=\"lazy\" decoding=\"async\" width=\"1024\" height=\"576\" data-id=\"3807\" src=\"https:\/\/www.solidarnosc.org.pl\/elblag\/wp-content\/uploads\/2026\/08\/IMG_8698-1024x576.jpeg\" alt=\"\" class=\"wp-image-3807\" srcset=\"https:\/\/www.solidarnosc.org.pl\/elblag\/wp-content\/uploads\/2026\/08\/IMG_8698-1024x576.jpeg 1024w, https:\/\/www.solidarnosc.org.pl\/elblag\/wp-content\/uploads\/2026\/08\/IMG_8698-300x169.jpeg 300w, https:\/\/www.solidarnosc.org.pl\/elblag\/wp-content\/uploads\/2026\/08\/IMG_8698-768x432.jpeg 768w, https:\/\/www.solidarnosc.org.pl\/elblag\/wp-content\/uploads\/2026\/08\/IMG_8698-1536x864.jpeg 1536w, https:\/\/www.solidarnosc.org.pl\/elblag\/wp-content\/uploads\/2026\/08\/IMG_8698-2048x1152.jpeg 2048w\" sizes=\"auto, (max-width: 1024px) 100vw, 1024px\" \/><\/figure>\n\n\n\n<figure class=\"wp-block-image size-large\"><img loading=\"lazy\" decoding=\"async\" width=\"1024\" height=\"576\" data-id=\"3805\" src=\"https:\/\/www.solidarnosc.org.pl\/elblag\/wp-content\/uploads\/2026\/08\/IMG_8691-1024x576.jpeg\" alt=\"\" class=\"wp-image-3805\" srcset=\"https:\/\/www.solidarnosc.org.pl\/elblag\/wp-content\/uploads\/2026\/08\/IMG_8691-1024x576.jpeg 1024w, https:\/\/www.solidarnosc.org.pl\/elblag\/wp-content\/uploads\/2026\/08\/IMG_8691-300x169.jpeg 300w, https:\/\/www.solidarnosc.org.pl\/elblag\/wp-content\/uploads\/2026\/08\/IMG_8691-768x432.jpeg 768w, https:\/\/www.solidarnosc.org.pl\/elblag\/wp-content\/uploads\/2026\/08\/IMG_8691-1536x864.jpeg 1536w, https:\/\/www.solidarnosc.org.pl\/elblag\/wp-content\/uploads\/2026\/08\/IMG_8691-2048x1152.jpeg 2048w\" sizes=\"auto, (max-width: 1024px) 100vw, 1024px\" \/><\/figure>\n\n\n\n<figure class=\"wp-block-image size-large\"><img loading=\"lazy\" decoding=\"async\" width=\"1024\" height=\"576\" data-id=\"3806\" src=\"https:\/\/www.solidarnosc.org.pl\/elblag\/wp-content\/uploads\/2026\/08\/IMG_8697-1024x576.jpeg\" alt=\"\" class=\"wp-image-3806\" srcset=\"https:\/\/www.solidarnosc.org.pl\/elblag\/wp-content\/uploads\/2026\/08\/IMG_8697-1024x576.jpeg 1024w, https:\/\/www.solidarnosc.org.pl\/elblag\/wp-content\/uploads\/2026\/08\/IMG_8697-300x169.jpeg 300w, https:\/\/www.solidarnosc.org.pl\/elblag\/wp-content\/uploads\/2026\/08\/IMG_8697-768x432.jpeg 768w, https:\/\/www.solidarnosc.org.pl\/elblag\/wp-content\/uploads\/2026\/08\/IMG_8697-1536x864.jpeg 1536w, https:\/\/www.solidarnosc.org.pl\/elblag\/wp-content\/uploads\/2026\/08\/IMG_8697-2048x1152.jpeg 2048w\" sizes=\"auto, (max-width: 1024px) 100vw, 1024px\" \/><\/figure>\n\n\n\n<figure class=\"wp-block-image size-large\"><img loading=\"lazy\" decoding=\"async\" width=\"900\" height=\"600\" data-id=\"3820\" src=\"https:\/\/www.solidarnosc.org.pl\/elblag\/wp-content\/uploads\/2026\/08\/IMG_8741.png\" alt=\"\" class=\"wp-image-3820\" srcset=\"https:\/\/www.solidarnosc.org.pl\/elblag\/wp-content\/uploads\/2026\/08\/IMG_8741.png 900w, https:\/\/www.solidarnosc.org.pl\/elblag\/wp-content\/uploads\/2026\/08\/IMG_8741-300x200.png 300w, https:\/\/www.solidarnosc.org.pl\/elblag\/wp-content\/uploads\/2026\/08\/IMG_8741-768x512.png 768w\" sizes=\"auto, (max-width: 900px) 100vw, 900px\" \/><\/figure>\n\n\n\n<figure class=\"wp-block-image size-large\"><img loading=\"lazy\" decoding=\"async\" width=\"900\" height=\"600\" data-id=\"3818\" src=\"https:\/\/www.solidarnosc.org.pl\/elblag\/wp-content\/uploads\/2026\/08\/IMG_8740.png\" alt=\"\" class=\"wp-image-3818\" srcset=\"https:\/\/www.solidarnosc.org.pl\/elblag\/wp-content\/uploads\/2026\/08\/IMG_8740.png 900w, https:\/\/www.solidarnosc.org.pl\/elblag\/wp-content\/uploads\/2026\/08\/IMG_8740-300x200.png 300w, https:\/\/www.solidarnosc.org.pl\/elblag\/wp-content\/uploads\/2026\/08\/IMG_8740-768x512.png 768w\" sizes=\"auto, (max-width: 900px) 100vw, 900px\" \/><\/figure>\n\n\n\n<figure class=\"wp-block-image size-large\"><img loading=\"lazy\" decoding=\"async\" width=\"768\" height=\"1024\" data-id=\"3793\" src=\"https:\/\/www.solidarnosc.org.pl\/elblag\/wp-content\/uploads\/2026\/08\/att.4cGV4VGMDJ8vTBoxdKBiQmmfKw6ZAX6Wv9sAtCJA6sg-768x1024.jpeg\" alt=\"\" class=\"wp-image-3793\" srcset=\"https:\/\/www.solidarnosc.org.pl\/elblag\/wp-content\/uploads\/2026\/08\/att.4cGV4VGMDJ8vTBoxdKBiQmmfKw6ZAX6Wv9sAtCJA6sg-768x1024.jpeg 768w, https:\/\/www.solidarnosc.org.pl\/elblag\/wp-content\/uploads\/2026\/08\/att.4cGV4VGMDJ8vTBoxdKBiQmmfKw6ZAX6Wv9sAtCJA6sg-225x300.jpeg 225w, https:\/\/www.solidarnosc.org.pl\/elblag\/wp-content\/uploads\/2026\/08\/att.4cGV4VGMDJ8vTBoxdKBiQmmfKw6ZAX6Wv9sAtCJA6sg-1152x1536.jpeg 1152w, https:\/\/www.solidarnosc.org.pl\/elblag\/wp-content\/uploads\/2026\/08\/att.4cGV4VGMDJ8vTBoxdKBiQmmfKw6ZAX6Wv9sAtCJA6sg.jpeg 1536w\" sizes=\"auto, (max-width: 768px) 100vw, 768px\" \/><\/figure>\n\n\n\n<figure class=\"wp-block-image size-large\"><img loading=\"lazy\" decoding=\"async\" width=\"768\" height=\"1024\" data-id=\"3795\" src=\"https:\/\/www.solidarnosc.org.pl\/elblag\/wp-content\/uploads\/2026\/08\/att.muvJsqhKwELN9RTTjhRu8bHuDkSyhdFb5tsNqwxZLBA-768x1024.jpeg\" alt=\"\" class=\"wp-image-3795\" srcset=\"https:\/\/www.solidarnosc.org.pl\/elblag\/wp-content\/uploads\/2026\/08\/att.muvJsqhKwELN9RTTjhRu8bHuDkSyhdFb5tsNqwxZLBA-768x1024.jpeg 768w, https:\/\/www.solidarnosc.org.pl\/elblag\/wp-content\/uploads\/2026\/08\/att.muvJsqhKwELN9RTTjhRu8bHuDkSyhdFb5tsNqwxZLBA-225x300.jpeg 225w, https:\/\/www.solidarnosc.org.pl\/elblag\/wp-content\/uploads\/2026\/08\/att.muvJsqhKwELN9RTTjhRu8bHuDkSyhdFb5tsNqwxZLBA-1152x1536.jpeg 1152w, https:\/\/www.solidarnosc.org.pl\/elblag\/wp-content\/uploads\/2026\/08\/att.muvJsqhKwELN9RTTjhRu8bHuDkSyhdFb5tsNqwxZLBA.jpeg 1536w\" sizes=\"auto, (max-width: 768px) 100vw, 768px\" \/><\/figure>\n\n\n\n<figure class=\"wp-block-image size-large\"><img loading=\"lazy\" decoding=\"async\" width=\"768\" height=\"1024\" data-id=\"3787\" src=\"https:\/\/www.solidarnosc.org.pl\/elblag\/wp-content\/uploads\/2026\/08\/att.I1asLPcc6OEEsQbfw951qjVD_9e5FXYqXvFnkPhQfD8-768x1024.jpeg\" alt=\"\" class=\"wp-image-3787\" srcset=\"https:\/\/www.solidarnosc.org.pl\/elblag\/wp-content\/uploads\/2026\/08\/att.I1asLPcc6OEEsQbfw951qjVD_9e5FXYqXvFnkPhQfD8-768x1024.jpeg 768w, https:\/\/www.solidarnosc.org.pl\/elblag\/wp-content\/uploads\/2026\/08\/att.I1asLPcc6OEEsQbfw951qjVD_9e5FXYqXvFnkPhQfD8-225x300.jpeg 225w, https:\/\/www.solidarnosc.org.pl\/elblag\/wp-content\/uploads\/2026\/08\/att.I1asLPcc6OEEsQbfw951qjVD_9e5FXYqXvFnkPhQfD8-1152x1536.jpeg 1152w, https:\/\/www.solidarnosc.org.pl\/elblag\/wp-content\/uploads\/2026\/08\/att.I1asLPcc6OEEsQbfw951qjVD_9e5FXYqXvFnkPhQfD8.jpeg 1536w\" sizes=\"auto, (max-width: 768px) 100vw, 768px\" \/><\/figure>\n\n\n\n<figure class=\"wp-block-image size-large\"><img loading=\"lazy\" decoding=\"async\" width=\"768\" height=\"1024\" data-id=\"3789\" src=\"https:\/\/www.solidarnosc.org.pl\/elblag\/wp-content\/uploads\/2026\/08\/att.E6W40mkXeDVquXpl1M_Ft_DOy3VlRpLi87JneKuCmNc-768x1024.jpeg\" alt=\"\" class=\"wp-image-3789\" srcset=\"https:\/\/www.solidarnosc.org.pl\/elblag\/wp-content\/uploads\/2026\/08\/att.E6W40mkXeDVquXpl1M_Ft_DOy3VlRpLi87JneKuCmNc-768x1024.jpeg 768w, https:\/\/www.solidarnosc.org.pl\/elblag\/wp-content\/uploads\/2026\/08\/att.E6W40mkXeDVquXpl1M_Ft_DOy3VlRpLi87JneKuCmNc-225x300.jpeg 225w, https:\/\/www.solidarnosc.org.pl\/elblag\/wp-content\/uploads\/2026\/08\/att.E6W40mkXeDVquXpl1M_Ft_DOy3VlRpLi87JneKuCmNc-1152x1536.jpeg 1152w, https:\/\/www.solidarnosc.org.pl\/elblag\/wp-content\/uploads\/2026\/08\/att.E6W40mkXeDVquXpl1M_Ft_DOy3VlRpLi87JneKuCmNc.jpeg 1536w\" sizes=\"auto, (max-width: 768px) 100vw, 768px\" \/><\/figure>\n\n\n\n<figure class=\"wp-block-image size-large\"><img loading=\"lazy\" decoding=\"async\" width=\"1024\" height=\"768\" data-id=\"3812\" src=\"https:\/\/www.solidarnosc.org.pl\/elblag\/wp-content\/uploads\/2026\/08\/682079f7-2aab-47d5-adda-2ee6fe7953ee-1024x768.jpeg\" alt=\"\" class=\"wp-image-3812\" srcset=\"https:\/\/www.solidarnosc.org.pl\/elblag\/wp-content\/uploads\/2026\/08\/682079f7-2aab-47d5-adda-2ee6fe7953ee-1024x768.jpeg 1024w, https:\/\/www.solidarnosc.org.pl\/elblag\/wp-content\/uploads\/2026\/08\/682079f7-2aab-47d5-adda-2ee6fe7953ee-300x225.jpeg 300w, https:\/\/www.solidarnosc.org.pl\/elblag\/wp-content\/uploads\/2026\/08\/682079f7-2aab-47d5-adda-2ee6fe7953ee-768x576.jpeg 768w, https:\/\/www.solidarnosc.org.pl\/elblag\/wp-content\/uploads\/2026\/08\/682079f7-2aab-47d5-adda-2ee6fe7953ee-1536x1152.jpeg 1536w, https:\/\/www.solidarnosc.org.pl\/elblag\/wp-content\/uploads\/2026\/08\/682079f7-2aab-47d5-adda-2ee6fe7953ee.jpeg 2040w\" sizes=\"auto, (max-width: 1024px) 100vw, 1024px\" \/><\/figure>\n\n\n\n<figure class=\"wp-block-image size-large\"><img loading=\"lazy\" decoding=\"async\" width=\"768\" height=\"1024\" data-id=\"3788\" src=\"https:\/\/www.solidarnosc.org.pl\/elblag\/wp-content\/uploads\/2026\/08\/att.-wq6LQZCZrVNH7eMDUMkWtgviAYeOD_n5SaD20FjI90-768x1024.jpeg\" alt=\"\" class=\"wp-image-3788\" srcset=\"https:\/\/www.solidarnosc.org.pl\/elblag\/wp-content\/uploads\/2026\/08\/att.-wq6LQZCZrVNH7eMDUMkWtgviAYeOD_n5SaD20FjI90-768x1024.jpeg 768w, https:\/\/www.solidarnosc.org.pl\/elblag\/wp-content\/uploads\/2026\/08\/att.-wq6LQZCZrVNH7eMDUMkWtgviAYeOD_n5SaD20FjI90-225x300.jpeg 225w, https:\/\/www.solidarnosc.org.pl\/elblag\/wp-content\/uploads\/2026\/08\/att.-wq6LQZCZrVNH7eMDUMkWtgviAYeOD_n5SaD20FjI90-1152x1536.jpeg 1152w, https:\/\/www.solidarnosc.org.pl\/elblag\/wp-content\/uploads\/2026\/08\/att.-wq6LQZCZrVNH7eMDUMkWtgviAYeOD_n5SaD20FjI90.jpeg 1536w\" sizes=\"auto, (max-width: 768px) 100vw, 768px\" \/><\/figure>\n\n\n\n<figure class=\"wp-block-image size-large\"><img loading=\"lazy\" decoding=\"async\" width=\"1024\" height=\"768\" data-id=\"3808\" src=\"https:\/\/www.solidarnosc.org.pl\/elblag\/wp-content\/uploads\/2026\/08\/b64b9a1a-8188-491b-8028-1368ebdde2f0-1024x768.jpeg\" alt=\"\" class=\"wp-image-3808\" srcset=\"https:\/\/www.solidarnosc.org.pl\/elblag\/wp-content\/uploads\/2026\/08\/b64b9a1a-8188-491b-8028-1368ebdde2f0-1024x768.jpeg 1024w, https:\/\/www.solidarnosc.org.pl\/elblag\/wp-content\/uploads\/2026\/08\/b64b9a1a-8188-491b-8028-1368ebdde2f0-300x225.jpeg 300w, https:\/\/www.solidarnosc.org.pl\/elblag\/wp-content\/uploads\/2026\/08\/b64b9a1a-8188-491b-8028-1368ebdde2f0-768x576.jpeg 768w, https:\/\/www.solidarnosc.org.pl\/elblag\/wp-content\/uploads\/2026\/08\/b64b9a1a-8188-491b-8028-1368ebdde2f0-1536x1152.jpeg 1536w, https:\/\/www.solidarnosc.org.pl\/elblag\/wp-content\/uploads\/2026\/08\/b64b9a1a-8188-491b-8028-1368ebdde2f0.jpeg 2040w\" sizes=\"auto, (max-width: 1024px) 100vw, 1024px\" \/><\/figure>\n\n\n\n<figure class=\"wp-block-image size-large\"><img loading=\"lazy\" decoding=\"async\" width=\"768\" height=\"1024\" data-id=\"3786\" src=\"https:\/\/www.solidarnosc.org.pl\/elblag\/wp-content\/uploads\/2026\/08\/att.k1K7m4VmRHpd8qCpmstsqShmaBtiUif_MkJHxuaXnLE-768x1024.jpeg\" alt=\"\" class=\"wp-image-3786\" srcset=\"https:\/\/www.solidarnosc.org.pl\/elblag\/wp-content\/uploads\/2026\/08\/att.k1K7m4VmRHpd8qCpmstsqShmaBtiUif_MkJHxuaXnLE-768x1024.jpeg 768w, https:\/\/www.solidarnosc.org.pl\/elblag\/wp-content\/uploads\/2026\/08\/att.k1K7m4VmRHpd8qCpmstsqShmaBtiUif_MkJHxuaXnLE-225x300.jpeg 225w, https:\/\/www.solidarnosc.org.pl\/elblag\/wp-content\/uploads\/2026\/08\/att.k1K7m4VmRHpd8qCpmstsqShmaBtiUif_MkJHxuaXnLE-1152x1536.jpeg 1152w, https:\/\/www.solidarnosc.org.pl\/elblag\/wp-content\/uploads\/2026\/08\/att.k1K7m4VmRHpd8qCpmstsqShmaBtiUif_MkJHxuaXnLE.jpeg 1536w\" sizes=\"auto, (max-width: 768px) 100vw, 768px\" \/><\/figure>\n\n\n\n<figure class=\"wp-block-image size-large\"><img loading=\"lazy\" decoding=\"async\" width=\"1024\" height=\"768\" data-id=\"3802\" src=\"https:\/\/www.solidarnosc.org.pl\/elblag\/wp-content\/uploads\/2026\/08\/65089154-4ff1-468f-ad2a-b384ed51a6e1-1024x768.jpeg\" alt=\"\" class=\"wp-image-3802\" srcset=\"https:\/\/www.solidarnosc.org.pl\/elblag\/wp-content\/uploads\/2026\/08\/65089154-4ff1-468f-ad2a-b384ed51a6e1-1024x768.jpeg 1024w, https:\/\/www.solidarnosc.org.pl\/elblag\/wp-content\/uploads\/2026\/08\/65089154-4ff1-468f-ad2a-b384ed51a6e1-300x225.jpeg 300w, https:\/\/www.solidarnosc.org.pl\/elblag\/wp-content\/uploads\/2026\/08\/65089154-4ff1-468f-ad2a-b384ed51a6e1-768x576.jpeg 768w, https:\/\/www.solidarnosc.org.pl\/elblag\/wp-content\/uploads\/2026\/08\/65089154-4ff1-468f-ad2a-b384ed51a6e1-1536x1152.jpeg 1536w, https:\/\/www.solidarnosc.org.pl\/elblag\/wp-content\/uploads\/2026\/08\/65089154-4ff1-468f-ad2a-b384ed51a6e1.jpeg 2040w\" sizes=\"auto, (max-width: 1024px) 100vw, 1024px\" \/><\/figure>\n\n\n\n<figure class=\"wp-block-image size-large\"><img loading=\"lazy\" decoding=\"async\" width=\"1024\" height=\"768\" data-id=\"3797\" src=\"https:\/\/www.solidarnosc.org.pl\/elblag\/wp-content\/uploads\/2026\/08\/08783d9b-c2e1-4508-b94f-1e7d300d65bc-1024x768.jpeg\" alt=\"\" class=\"wp-image-3797\" srcset=\"https:\/\/www.solidarnosc.org.pl\/elblag\/wp-content\/uploads\/2026\/08\/08783d9b-c2e1-4508-b94f-1e7d300d65bc-1024x768.jpeg 1024w, https:\/\/www.solidarnosc.org.pl\/elblag\/wp-content\/uploads\/2026\/08\/08783d9b-c2e1-4508-b94f-1e7d300d65bc-300x225.jpeg 300w, https:\/\/www.solidarnosc.org.pl\/elblag\/wp-content\/uploads\/2026\/08\/08783d9b-c2e1-4508-b94f-1e7d300d65bc-768x576.jpeg 768w, https:\/\/www.solidarnosc.org.pl\/elblag\/wp-content\/uploads\/2026\/08\/08783d9b-c2e1-4508-b94f-1e7d300d65bc-1536x1152.jpeg 1536w, https:\/\/www.solidarnosc.org.pl\/elblag\/wp-content\/uploads\/2026\/08\/08783d9b-c2e1-4508-b94f-1e7d300d65bc.jpeg 2040w\" sizes=\"auto, (max-width: 1024px) 100vw, 1024px\" \/><\/figure>\n\n\n\n<figure class=\"wp-block-image size-large\"><img loading=\"lazy\" decoding=\"async\" width=\"768\" height=\"1024\" data-id=\"3791\" src=\"https:\/\/www.solidarnosc.org.pl\/elblag\/wp-content\/uploads\/2026\/08\/att.lquBV2fpJXA1-Zcb6v1WBUqIT3yW69YPOHVk89EGOdU-768x1024.jpeg\" alt=\"\" class=\"wp-image-3791\" srcset=\"https:\/\/www.solidarnosc.org.pl\/elblag\/wp-content\/uploads\/2026\/08\/att.lquBV2fpJXA1-Zcb6v1WBUqIT3yW69YPOHVk89EGOdU-768x1024.jpeg 768w, https:\/\/www.solidarnosc.org.pl\/elblag\/wp-content\/uploads\/2026\/08\/att.lquBV2fpJXA1-Zcb6v1WBUqIT3yW69YPOHVk89EGOdU-225x300.jpeg 225w, https:\/\/www.solidarnosc.org.pl\/elblag\/wp-content\/uploads\/2026\/08\/att.lquBV2fpJXA1-Zcb6v1WBUqIT3yW69YPOHVk89EGOdU-1152x1536.jpeg 1152w, https:\/\/www.solidarnosc.org.pl\/elblag\/wp-content\/uploads\/2026\/08\/att.lquBV2fpJXA1-Zcb6v1WBUqIT3yW69YPOHVk89EGOdU.jpeg 1536w\" sizes=\"auto, (max-width: 768px) 100vw, 768px\" \/><\/figure>\n\n\n\n<figure class=\"wp-block-image size-large\"><img loading=\"lazy\" decoding=\"async\" width=\"1024\" height=\"768\" data-id=\"3814\" src=\"https:\/\/www.solidarnosc.org.pl\/elblag\/wp-content\/uploads\/2026\/08\/5ac9fc32-4712-4296-8d64-a04c547783e8-1024x768.jpeg\" alt=\"\" class=\"wp-image-3814\" srcset=\"https:\/\/www.solidarnosc.org.pl\/elblag\/wp-content\/uploads\/2026\/08\/5ac9fc32-4712-4296-8d64-a04c547783e8-1024x768.jpeg 1024w, https:\/\/www.solidarnosc.org.pl\/elblag\/wp-content\/uploads\/2026\/08\/5ac9fc32-4712-4296-8d64-a04c547783e8-300x225.jpeg 300w, https:\/\/www.solidarnosc.org.pl\/elblag\/wp-content\/uploads\/2026\/08\/5ac9fc32-4712-4296-8d64-a04c547783e8-768x576.jpeg 768w, https:\/\/www.solidarnosc.org.pl\/elblag\/wp-content\/uploads\/2026\/08\/5ac9fc32-4712-4296-8d64-a04c547783e8-1536x1152.jpeg 1536w, https:\/\/www.solidarnosc.org.pl\/elblag\/wp-content\/uploads\/2026\/08\/5ac9fc32-4712-4296-8d64-a04c547783e8.jpeg 2040w\" sizes=\"auto, (max-width: 1024px) 100vw, 1024px\" \/><\/figure>\n\n\n\n<figure class=\"wp-block-image size-large\"><img loading=\"lazy\" decoding=\"async\" width=\"1024\" height=\"768\" data-id=\"3815\" src=\"https:\/\/www.solidarnosc.org.pl\/elblag\/wp-content\/uploads\/2026\/08\/3662d441-1cbc-43a6-bd58-1a53c796f42c-1024x768.jpeg\" alt=\"\" class=\"wp-image-3815\" srcset=\"https:\/\/www.solidarnosc.org.pl\/elblag\/wp-content\/uploads\/2026\/08\/3662d441-1cbc-43a6-bd58-1a53c796f42c-1024x768.jpeg 1024w, https:\/\/www.solidarnosc.org.pl\/elblag\/wp-content\/uploads\/2026\/08\/3662d441-1cbc-43a6-bd58-1a53c796f42c-300x225.jpeg 300w, https:\/\/www.solidarnosc.org.pl\/elblag\/wp-content\/uploads\/2026\/08\/3662d441-1cbc-43a6-bd58-1a53c796f42c-768x576.jpeg 768w, https:\/\/www.solidarnosc.org.pl\/elblag\/wp-content\/uploads\/2026\/08\/3662d441-1cbc-43a6-bd58-1a53c796f42c-1536x1152.jpeg 1536w, https:\/\/www.solidarnosc.org.pl\/elblag\/wp-content\/uploads\/2026\/08\/3662d441-1cbc-43a6-bd58-1a53c796f42c.jpeg 2040w\" sizes=\"auto, (max-width: 1024px) 100vw, 1024px\" \/><\/figure>\n\n\n\n<figure class=\"wp-block-image size-large\"><img loading=\"lazy\" decoding=\"async\" width=\"1024\" height=\"768\" data-id=\"3813\" src=\"https:\/\/www.solidarnosc.org.pl\/elblag\/wp-content\/uploads\/2026\/08\/410ab95f-e834-4671-900f-9f51ac4d6386-1024x768.jpeg\" alt=\"\" class=\"wp-image-3813\" srcset=\"https:\/\/www.solidarnosc.org.pl\/elblag\/wp-content\/uploads\/2026\/08\/410ab95f-e834-4671-900f-9f51ac4d6386-1024x768.jpeg 1024w, https:\/\/www.solidarnosc.org.pl\/elblag\/wp-content\/uploads\/2026\/08\/410ab95f-e834-4671-900f-9f51ac4d6386-300x225.jpeg 300w, https:\/\/www.solidarnosc.org.pl\/elblag\/wp-content\/uploads\/2026\/08\/410ab95f-e834-4671-900f-9f51ac4d6386-768x576.jpeg 768w, https:\/\/www.solidarnosc.org.pl\/elblag\/wp-content\/uploads\/2026\/08\/410ab95f-e834-4671-900f-9f51ac4d6386-1536x1152.jpeg 1536w, https:\/\/www.solidarnosc.org.pl\/elblag\/wp-content\/uploads\/2026\/08\/410ab95f-e834-4671-900f-9f51ac4d6386.jpeg 2040w\" sizes=\"auto, (max-width: 1024px) 100vw, 1024px\" \/><\/figure>\n\n\n\n<figure class=\"wp-block-image size-large\"><img loading=\"lazy\" decoding=\"async\" width=\"1024\" height=\"761\" data-id=\"3810\" src=\"https:\/\/www.solidarnosc.org.pl\/elblag\/wp-content\/uploads\/2026\/08\/784b8472-5e06-4bd6-a7c7-356636d1bbec-1024x761.jpeg\" alt=\"\" class=\"wp-image-3810\" srcset=\"https:\/\/www.solidarnosc.org.pl\/elblag\/wp-content\/uploads\/2026\/08\/784b8472-5e06-4bd6-a7c7-356636d1bbec-1024x761.jpeg 1024w, https:\/\/www.solidarnosc.org.pl\/elblag\/wp-content\/uploads\/2026\/08\/784b8472-5e06-4bd6-a7c7-356636d1bbec-300x223.jpeg 300w, https:\/\/www.solidarnosc.org.pl\/elblag\/wp-content\/uploads\/2026\/08\/784b8472-5e06-4bd6-a7c7-356636d1bbec-768x571.jpeg 768w, https:\/\/www.solidarnosc.org.pl\/elblag\/wp-content\/uploads\/2026\/08\/784b8472-5e06-4bd6-a7c7-356636d1bbec.jpeg 1177w\" sizes=\"auto, (max-width: 1024px) 100vw, 1024px\" \/><\/figure>\n\n\n\n<figure class=\"wp-block-image size-large\"><img loading=\"lazy\" decoding=\"async\" width=\"1024\" height=\"768\" data-id=\"3811\" src=\"https:\/\/www.solidarnosc.org.pl\/elblag\/wp-content\/uploads\/2026\/08\/4de80e91-cca7-47e3-a62d-539a3ed79c28-1024x768.jpeg\" alt=\"\" class=\"wp-image-3811\" srcset=\"https:\/\/www.solidarnosc.org.pl\/elblag\/wp-content\/uploads\/2026\/08\/4de80e91-cca7-47e3-a62d-539a3ed79c28-1024x768.jpeg 1024w, https:\/\/www.solidarnosc.org.pl\/elblag\/wp-content\/uploads\/2026\/08\/4de80e91-cca7-47e3-a62d-539a3ed79c28-300x225.jpeg 300w, https:\/\/www.solidarnosc.org.pl\/elblag\/wp-content\/uploads\/2026\/08\/4de80e91-cca7-47e3-a62d-539a3ed79c28-768x576.jpeg 768w, https:\/\/www.solidarnosc.org.pl\/elblag\/wp-content\/uploads\/2026\/08\/4de80e91-cca7-47e3-a62d-539a3ed79c28-1536x1152.jpeg 1536w, https:\/\/www.solidarnosc.org.pl\/elblag\/wp-content\/uploads\/2026\/08\/4de80e91-cca7-47e3-a62d-539a3ed79c28.jpeg 2040w\" sizes=\"auto, (max-width: 1024px) 100vw, 1024px\" \/><\/figure>\n\n\n\n<figure class=\"wp-block-image size-large\"><img loading=\"lazy\" decoding=\"async\" width=\"1024\" height=\"576\" data-id=\"3817\" src=\"https:\/\/www.solidarnosc.org.pl\/elblag\/wp-content\/uploads\/2026\/08\/IMG_8704-1024x576.jpeg\" alt=\"\" class=\"wp-image-3817\" srcset=\"https:\/\/www.solidarnosc.org.pl\/elblag\/wp-content\/uploads\/2026\/08\/IMG_8704-1024x576.jpeg 1024w, https:\/\/www.solidarnosc.org.pl\/elblag\/wp-content\/uploads\/2026\/08\/IMG_8704-300x169.jpeg 300w, https:\/\/www.solidarnosc.org.pl\/elblag\/wp-content\/uploads\/2026\/08\/IMG_8704-768x432.jpeg 768w, https:\/\/www.solidarnosc.org.pl\/elblag\/wp-content\/uploads\/2026\/08\/IMG_8704-1536x864.jpeg 1536w, https:\/\/www.solidarnosc.org.pl\/elblag\/wp-content\/uploads\/2026\/08\/IMG_8704-2048x1152.jpeg 2048w\" sizes=\"auto, (max-width: 1024px) 100vw, 1024px\" \/><\/figure>\n\n\n\n<figure class=\"wp-block-image size-large\"><img loading=\"lazy\" decoding=\"async\" width=\"1024\" height=\"576\" data-id=\"3816\" src=\"https:\/\/www.solidarnosc.org.pl\/elblag\/wp-content\/uploads\/2026\/08\/IMG_8706-1024x576.jpeg\" alt=\"\" class=\"wp-image-3816\" srcset=\"https:\/\/www.solidarnosc.org.pl\/elblag\/wp-content\/uploads\/2026\/08\/IMG_8706-1024x576.jpeg 1024w, https:\/\/www.solidarnosc.org.pl\/elblag\/wp-content\/uploads\/2026\/08\/IMG_8706-300x169.jpeg 300w, https:\/\/www.solidarnosc.org.pl\/elblag\/wp-content\/uploads\/2026\/08\/IMG_8706-768x432.jpeg 768w, https:\/\/www.solidarnosc.org.pl\/elblag\/wp-content\/uploads\/2026\/08\/IMG_8706-1536x864.jpeg 1536w, https:\/\/www.solidarnosc.org.pl\/elblag\/wp-content\/uploads\/2026\/08\/IMG_8706-2048x1152.jpeg 2048w\" sizes=\"auto, (max-width: 1024px) 100vw, 1024px\" \/><\/figure>\n\n\n\n<figure class=\"wp-block-image size-large\"><img loading=\"lazy\" decoding=\"async\" width=\"1024\" height=\"576\" data-id=\"3819\" src=\"https:\/\/www.solidarnosc.org.pl\/elblag\/wp-content\/uploads\/2026\/08\/IMG_8710-1024x576.jpeg\" alt=\"\" class=\"wp-image-3819\" srcset=\"https:\/\/www.solidarnosc.org.pl\/elblag\/wp-content\/uploads\/2026\/08\/IMG_8710-1024x576.jpeg 1024w, https:\/\/www.solidarnosc.org.pl\/elblag\/wp-content\/uploads\/2026\/08\/IMG_8710-300x169.jpeg 300w, https:\/\/www.solidarnosc.org.pl\/elblag\/wp-content\/uploads\/2026\/08\/IMG_8710-768x432.jpeg 768w, https:\/\/www.solidarnosc.org.pl\/elblag\/wp-content\/uploads\/2026\/08\/IMG_8710-1536x864.jpeg 1536w, https:\/\/www.solidarnosc.org.pl\/elblag\/wp-content\/uploads\/2026\/08\/IMG_8710-2048x1152.jpeg 2048w\" sizes=\"auto, (max-width: 1024px) 100vw, 1024px\" \/><\/figure>\n<\/figure>\n","protected":false},"excerpt":{"rendered":"<p>46. ROCZNICA POROZUMIE\u0143 SIERPNIOWYCH I POWSTANIA NSZZ \u201eSOLIDARNO\u015a\u0106\u201d Region Elbl\u0105ski NSZZ \u201eSolidarno\u015b\u0107\u201d uczci\u0142 46. rocznic\u0119 podpisania Porozumie\u0144 Sierpniowych i powstania NSZZ \u201eSolidarno\u015b\u0107\u201d. By\u0142 to dzie\u0144 pami\u0119ci o ludziach, kt\u00f3rzy w sierpniu 1980 roku upomnieli si\u0119 o godno\u015b\u0107, wolno\u015b\u0107, prawa pracownicze i mo\u017cliwo\u015b\u0107 niezale\u017cnego organizowania si\u0119. Porozumienia Sierpniowe by\u0142y jednym z najwa\u017cniejszych moment\u00f3w w najnowszej historii [&hellip;]<\/p>\n","protected":false},"author":5,"featured_media":3819,"comment_status":"open","ping_status":"open","sticky":false,"template":"","format":"standard","meta":{"_coblocks_attr":"","_coblocks_dimensions":"","_coblocks_responsive_height":"","_coblocks_accordion_ie_support":"","_uag_custom_page_level_css":"","footnotes":""},"categories":[4],"tags":[],"class_list":["post-3821","post","type-post","status-publish","format-standard","has-post-thumbnail","hentry","category-aktualnosci"],"blocksy_meta":[],"gutentor_comment":0,"yoast_head":"<!-- This site is optimized with the Yoast SEO plugin v25.4 - https:\/\/yoast.com\/wordpress\/plugins\/seo\/ -->\n<title>46. ROCZNICA POROZUMIE\u0143 SIERPNIOWYCH I POWSTANIA NSZZ \u201eSOLIDARNO\u015a\u0106\u201d - Solidarno\u015b\u0107 Region Elbl\u0105ski<\/title>\n<meta name=\"description\" content=\"Region Elbl\u0105ski NSZZ \u201eSolidarno\u015b\u0107\u201d uczci\u0142 46. rocznic\u0119 podpisania Porozumie\u0144 Sierpniowych i powstania NSZZ \u201eSolidarno\u015b\u0107\u201d. By\u0142 to dzie\u0144 pami\u0119ci o ludziach, kt\u00f3rzy w sierpniu 1980 roku upomnieli si\u0119 o godno\u015b\u0107, wolno\u015b\u0107, prawa pracownicze i mo\u017cliwo\u015b\u0107 niezale\u017cnego organizowania si\u0119.Porozumienia Sierpniowe by\u0142y jednym z najwa\u017cniejszych moment\u00f3w w najnowszej historii Polski. Fala strajk\u00f3w, kt\u00f3ra latem 1980 roku obj\u0119\u0142a setki zak\u0142ad\u00f3w pracy, doprowadzi\u0142a do podpisania porozumie\u0144 w Szczecinie, Gda\u0144sku, Jastrz\u0119biu-Zdroju i Hucie Katowice. Otworzy\u0142y one drog\u0119 do powstania Niezale\u017cnego Samorz\u0105dnego Zwi\u0105zku Zawodowego \u201eSolidarno\u015b\u0107\u201d \u2013 ruchu, kt\u00f3ry wkr\u00f3tce po\u0142\u0105czy\u0142 miliony Polak\u00f3w.\" \/>\n<meta name=\"robots\" content=\"index, follow, max-snippet:-1, max-image-preview:large, max-video-preview:-1\" \/>\n<link rel=\"canonical\" href=\"https:\/\/www.solidarnosc.org.pl\/elblag\/46-rocznica-porozumien-sierpniowych-i-powstania-nszz-solidarnosc\/\" \/>\n<meta property=\"og:locale\" content=\"pl_PL\" \/>\n<meta property=\"og:type\" content=\"article\" \/>\n<meta property=\"og:title\" content=\"46. ROCZNICA POROZUMIE\u0143 SIERPNIOWYCH I POWSTANIA NSZZ \u201eSOLIDARNO\u015a\u0106\u201d - Solidarno\u015b\u0107 Region Elbl\u0105ski\" \/>\n<meta property=\"og:description\" content=\"Region Elbl\u0105ski NSZZ \u201eSolidarno\u015b\u0107\u201d uczci\u0142 46. rocznic\u0119 podpisania Porozumie\u0144 Sierpniowych i powstania NSZZ \u201eSolidarno\u015b\u0107\u201d. By\u0142 to dzie\u0144 pami\u0119ci o ludziach, kt\u00f3rzy w sierpniu 1980 roku upomnieli si\u0119 o godno\u015b\u0107, wolno\u015b\u0107, prawa pracownicze i mo\u017cliwo\u015b\u0107 niezale\u017cnego organizowania si\u0119.Porozumienia Sierpniowe by\u0142y jednym z najwa\u017cniejszych moment\u00f3w w najnowszej historii Polski. Fala strajk\u00f3w, kt\u00f3ra latem 1980 roku obj\u0119\u0142a setki zak\u0142ad\u00f3w pracy, doprowadzi\u0142a do podpisania porozumie\u0144 w Szczecinie, Gda\u0144sku, Jastrz\u0119biu-Zdroju i Hucie Katowice. Otworzy\u0142y one drog\u0119 do powstania Niezale\u017cnego Samorz\u0105dnego Zwi\u0105zku Zawodowego \u201eSolidarno\u015b\u0107\u201d \u2013 ruchu, kt\u00f3ry wkr\u00f3tce po\u0142\u0105czy\u0142 miliony Polak\u00f3w.\" \/>\n<meta property=\"og:url\" content=\"https:\/\/www.solidarnosc.org.pl\/elblag\/46-rocznica-porozumien-sierpniowych-i-powstania-nszz-solidarnosc\/\" \/>\n<meta property=\"og:site_name\" content=\"Solidarno\u015b\u0107 Region Elbl\u0105ski\" \/>\n<meta property=\"article:publisher\" content=\"https:\/\/www.facebook.com\/RegionElblaskiNszzSolidarnosc\" \/>\n<meta property=\"article:published_time\" content=\"2026-08-30T07:50:15+00:00\" \/>\n<meta property=\"article:modified_time\" content=\"2026-08-30T08:00:57+00:00\" \/>\n<meta property=\"og:image\" content=\"https:\/\/www.solidarnosc.org.pl\/elblag\/wp-content\/uploads\/2026\/08\/IMG_8710-scaled.jpeg\" \/>\n\t<meta property=\"og:image:width\" content=\"2560\" \/>\n\t<meta property=\"og:image:height\" content=\"1440\" \/>\n\t<meta property=\"og:image:type\" content=\"image\/jpeg\" \/>\n<meta name=\"author\" content=\"Joanna\" \/>\n<meta name=\"twitter:card\" content=\"summary_large_image\" \/>\n<meta name=\"twitter:label1\" content=\"Napisane przez\" \/>\n\t<meta name=\"twitter:data1\" content=\"Joanna\" \/>\n\t<meta name=\"twitter:label2\" content=\"Szacowany czas czytania\" \/>\n\t<meta name=\"twitter:data2\" content=\"14 minut\" \/>\n<script type=\"application\/ld+json\" class=\"yoast-schema-graph\">{\"@context\":\"https:\/\/schema.org\",\"@graph\":[{\"@type\":\"Article\",\"@id\":\"https:\/\/www.solidarnosc.org.pl\/elblag\/46-rocznica-porozumien-sierpniowych-i-powstania-nszz-solidarnosc\/#article\",\"isPartOf\":{\"@id\":\"https:\/\/www.solidarnosc.org.pl\/elblag\/46-rocznica-porozumien-sierpniowych-i-powstania-nszz-solidarnosc\/\"},\"author\":{\"name\":\"Joanna\",\"@id\":\"https:\/\/www.solidarnosc.org.pl\/elblag\/#\/schema\/person\/73ff52cd1aba148398fb5b1d6db75ca3\"},\"headline\":\"46. ROCZNICA POROZUMIE\u0143 SIERPNIOWYCH I POWSTANIA NSZZ \u201eSOLIDARNO\u015a\u0106\u201d\",\"datePublished\":\"2026-08-30T07:50:15+00:00\",\"dateModified\":\"2026-08-30T08:00:57+00:00\",\"mainEntityOfPage\":{\"@id\":\"https:\/\/www.solidarnosc.org.pl\/elblag\/46-rocznica-porozumien-sierpniowych-i-powstania-nszz-solidarnosc\/\"},\"wordCount\":1053,\"commentCount\":0,\"publisher\":{\"@id\":\"https:\/\/www.solidarnosc.org.pl\/elblag\/#organization\"},\"image\":{\"@id\":\"https:\/\/www.solidarnosc.org.pl\/elblag\/46-rocznica-porozumien-sierpniowych-i-powstania-nszz-solidarnosc\/#primaryimage\"},\"thumbnailUrl\":\"https:\/\/www.solidarnosc.org.pl\/elblag\/wp-content\/uploads\/2026\/08\/IMG_8710-scaled.jpeg\",\"articleSection\":[\"Aktualno\u015bci\"],\"inLanguage\":\"pl-PL\",\"potentialAction\":[{\"@type\":\"CommentAction\",\"name\":\"Comment\",\"target\":[\"https:\/\/www.solidarnosc.org.pl\/elblag\/46-rocznica-porozumien-sierpniowych-i-powstania-nszz-solidarnosc\/#respond\"]}]},{\"@type\":\"WebPage\",\"@id\":\"https:\/\/www.solidarnosc.org.pl\/elblag\/46-rocznica-porozumien-sierpniowych-i-powstania-nszz-solidarnosc\/\",\"url\":\"https:\/\/www.solidarnosc.org.pl\/elblag\/46-rocznica-porozumien-sierpniowych-i-powstania-nszz-solidarnosc\/\",\"name\":\"46. ROCZNICA POROZUMIE\u0143 SIERPNIOWYCH I POWSTANIA NSZZ \u201eSOLIDARNO\u015a\u0106\u201d - Solidarno\u015b\u0107 Region Elbl\u0105ski\",\"isPartOf\":{\"@id\":\"https:\/\/www.solidarnosc.org.pl\/elblag\/#website\"},\"primaryImageOfPage\":{\"@id\":\"https:\/\/www.solidarnosc.org.pl\/elblag\/46-rocznica-porozumien-sierpniowych-i-powstania-nszz-solidarnosc\/#primaryimage\"},\"image\":{\"@id\":\"https:\/\/www.solidarnosc.org.pl\/elblag\/46-rocznica-porozumien-sierpniowych-i-powstania-nszz-solidarnosc\/#primaryimage\"},\"thumbnailUrl\":\"https:\/\/www.solidarnosc.org.pl\/elblag\/wp-content\/uploads\/2026\/08\/IMG_8710-scaled.jpeg\",\"datePublished\":\"2026-08-30T07:50:15+00:00\",\"dateModified\":\"2026-08-30T08:00:57+00:00\",\"description\":\"Region Elbl\u0105ski NSZZ \u201eSolidarno\u015b\u0107\u201d uczci\u0142 46. rocznic\u0119 podpisania Porozumie\u0144 Sierpniowych i powstania NSZZ \u201eSolidarno\u015b\u0107\u201d. By\u0142 to dzie\u0144 pami\u0119ci o ludziach, kt\u00f3rzy w sierpniu 1980 roku upomnieli si\u0119 o godno\u015b\u0107, wolno\u015b\u0107, prawa pracownicze i mo\u017cliwo\u015b\u0107 niezale\u017cnego organizowania si\u0119.Porozumienia Sierpniowe by\u0142y jednym z najwa\u017cniejszych moment\u00f3w w najnowszej historii Polski. Fala strajk\u00f3w, kt\u00f3ra latem 1980 roku obj\u0119\u0142a setki zak\u0142ad\u00f3w pracy, doprowadzi\u0142a do podpisania porozumie\u0144 w Szczecinie, Gda\u0144sku, Jastrz\u0119biu-Zdroju i Hucie Katowice. Otworzy\u0142y one drog\u0119 do powstania Niezale\u017cnego Samorz\u0105dnego Zwi\u0105zku Zawodowego \u201eSolidarno\u015b\u0107\u201d \u2013 ruchu, kt\u00f3ry wkr\u00f3tce po\u0142\u0105czy\u0142 miliony Polak\u00f3w.\",\"breadcrumb\":{\"@id\":\"https:\/\/www.solidarnosc.org.pl\/elblag\/46-rocznica-porozumien-sierpniowych-i-powstania-nszz-solidarnosc\/#breadcrumb\"},\"inLanguage\":\"pl-PL\",\"potentialAction\":[{\"@type\":\"ReadAction\",\"target\":[\"https:\/\/www.solidarnosc.org.pl\/elblag\/46-rocznica-porozumien-sierpniowych-i-powstania-nszz-solidarnosc\/\"]}]},{\"@type\":\"ImageObject\",\"inLanguage\":\"pl-PL\",\"@id\":\"https:\/\/www.solidarnosc.org.pl\/elblag\/46-rocznica-porozumien-sierpniowych-i-powstania-nszz-solidarnosc\/#primaryimage\",\"url\":\"https:\/\/www.solidarnosc.org.pl\/elblag\/wp-content\/uploads\/2026\/08\/IMG_8710-scaled.jpeg\",\"contentUrl\":\"https:\/\/www.solidarnosc.org.pl\/elblag\/wp-content\/uploads\/2026\/08\/IMG_8710-scaled.jpeg\",\"width\":2560,\"height\":1440},{\"@type\":\"BreadcrumbList\",\"@id\":\"https:\/\/www.solidarnosc.org.pl\/elblag\/46-rocznica-porozumien-sierpniowych-i-powstania-nszz-solidarnosc\/#breadcrumb\",\"itemListElement\":[{\"@type\":\"ListItem\",\"position\":1,\"name\":\"Home\",\"item\":\"https:\/\/www.solidarnosc.org.pl\/elblag\/\"},{\"@type\":\"ListItem\",\"position\":2,\"name\":\"46. ROCZNICA POROZUMIE\u0143 SIERPNIOWYCH I POWSTANIA NSZZ \u201eSOLIDARNO\u015a\u0106\u201d\"}]},{\"@type\":\"WebSite\",\"@id\":\"https:\/\/www.solidarnosc.org.pl\/elblag\/#website\",\"url\":\"https:\/\/www.solidarnosc.org.pl\/elblag\/\",\"name\":\"Solidarno\u015b\u0107 Region Elbl\u0105ski\",\"description\":\"\",\"publisher\":{\"@id\":\"https:\/\/www.solidarnosc.org.pl\/elblag\/#organization\"},\"potentialAction\":[{\"@type\":\"SearchAction\",\"target\":{\"@type\":\"EntryPoint\",\"urlTemplate\":\"https:\/\/www.solidarnosc.org.pl\/elblag\/?s={search_term_string}\"},\"query-input\":{\"@type\":\"PropertyValueSpecification\",\"valueRequired\":true,\"valueName\":\"search_term_string\"}}],\"inLanguage\":\"pl-PL\"},{\"@type\":\"Organization\",\"@id\":\"https:\/\/www.solidarnosc.org.pl\/elblag\/#organization\",\"name\":\"Solidarno\u015b\u0107 Region Elbl\u0105ski\",\"url\":\"https:\/\/www.solidarnosc.org.pl\/elblag\/\",\"logo\":{\"@type\":\"ImageObject\",\"inLanguage\":\"pl-PL\",\"@id\":\"https:\/\/www.solidarnosc.org.pl\/elblag\/#\/schema\/logo\/image\/\",\"url\":\"https:\/\/www.solidarnosc.org.pl\/elblag\/wp-content\/uploads\/Plik_system\/Motyw\/Region.png\",\"contentUrl\":\"https:\/\/www.solidarnosc.org.pl\/elblag\/wp-content\/uploads\/Plik_system\/Motyw\/Region.png\",\"width\":2200,\"height\":1300,\"caption\":\"Solidarno\u015b\u0107 Region Elbl\u0105ski\"},\"image\":{\"@id\":\"https:\/\/www.solidarnosc.org.pl\/elblag\/#\/schema\/logo\/image\/\"},\"sameAs\":[\"https:\/\/www.facebook.com\/RegionElblaskiNszzSolidarnosc\"]},{\"@type\":\"Person\",\"@id\":\"https:\/\/www.solidarnosc.org.pl\/elblag\/#\/schema\/person\/73ff52cd1aba148398fb5b1d6db75ca3\",\"name\":\"Joanna\",\"image\":{\"@type\":\"ImageObject\",\"inLanguage\":\"pl-PL\",\"@id\":\"https:\/\/www.solidarnosc.org.pl\/elblag\/#\/schema\/person\/image\/\",\"url\":\"https:\/\/secure.gravatar.com\/avatar\/6eb059203cecff508a10503b5311d55fda407e896806aaad53ea5346616834c6?s=96&d=mm&r=g\",\"contentUrl\":\"https:\/\/secure.gravatar.com\/avatar\/6eb059203cecff508a10503b5311d55fda407e896806aaad53ea5346616834c6?s=96&d=mm&r=g\",\"caption\":\"Joanna\"},\"url\":\"https:\/\/www.solidarnosc.org.pl\/elblag\/author\/joanna-admin\/\"}]}<\/script>\n<!-- \/ Yoast SEO plugin. -->","yoast_head_json":{"title":"46. ROCZNICA POROZUMIE\u0143 SIERPNIOWYCH I POWSTANIA NSZZ \u201eSOLIDARNO\u015a\u0106\u201d - Solidarno\u015b\u0107 Region Elbl\u0105ski","description":"Region Elbl\u0105ski NSZZ \u201eSolidarno\u015b\u0107\u201d uczci\u0142 46. rocznic\u0119 podpisania Porozumie\u0144 Sierpniowych i powstania NSZZ \u201eSolidarno\u015b\u0107\u201d. By\u0142 to dzie\u0144 pami\u0119ci o ludziach, kt\u00f3rzy w sierpniu 1980 roku upomnieli si\u0119 o godno\u015b\u0107, wolno\u015b\u0107, prawa pracownicze i mo\u017cliwo\u015b\u0107 niezale\u017cnego organizowania si\u0119.Porozumienia Sierpniowe by\u0142y jednym z najwa\u017cniejszych moment\u00f3w w najnowszej historii Polski. Fala strajk\u00f3w, kt\u00f3ra latem 1980 roku obj\u0119\u0142a setki zak\u0142ad\u00f3w pracy, doprowadzi\u0142a do podpisania porozumie\u0144 w Szczecinie, Gda\u0144sku, Jastrz\u0119biu-Zdroju i Hucie Katowice. Otworzy\u0142y one drog\u0119 do powstania Niezale\u017cnego Samorz\u0105dnego Zwi\u0105zku Zawodowego \u201eSolidarno\u015b\u0107\u201d \u2013 ruchu, kt\u00f3ry wkr\u00f3tce po\u0142\u0105czy\u0142 miliony Polak\u00f3w.","robots":{"index":"index","follow":"follow","max-snippet":"max-snippet:-1","max-image-preview":"max-image-preview:large","max-video-preview":"max-video-preview:-1"},"canonical":"https:\/\/www.solidarnosc.org.pl\/elblag\/46-rocznica-porozumien-sierpniowych-i-powstania-nszz-solidarnosc\/","og_locale":"pl_PL","og_type":"article","og_title":"46. ROCZNICA POROZUMIE\u0143 SIERPNIOWYCH I POWSTANIA NSZZ \u201eSOLIDARNO\u015a\u0106\u201d - Solidarno\u015b\u0107 Region Elbl\u0105ski","og_description":"Region Elbl\u0105ski NSZZ \u201eSolidarno\u015b\u0107\u201d uczci\u0142 46. rocznic\u0119 podpisania Porozumie\u0144 Sierpniowych i powstania NSZZ \u201eSolidarno\u015b\u0107\u201d. By\u0142 to dzie\u0144 pami\u0119ci o ludziach, kt\u00f3rzy w sierpniu 1980 roku upomnieli si\u0119 o godno\u015b\u0107, wolno\u015b\u0107, prawa pracownicze i mo\u017cliwo\u015b\u0107 niezale\u017cnego organizowania si\u0119.Porozumienia Sierpniowe by\u0142y jednym z najwa\u017cniejszych moment\u00f3w w najnowszej historii Polski. Fala strajk\u00f3w, kt\u00f3ra latem 1980 roku obj\u0119\u0142a setki zak\u0142ad\u00f3w pracy, doprowadzi\u0142a do podpisania porozumie\u0144 w Szczecinie, Gda\u0144sku, Jastrz\u0119biu-Zdroju i Hucie Katowice. Otworzy\u0142y one drog\u0119 do powstania Niezale\u017cnego Samorz\u0105dnego Zwi\u0105zku Zawodowego \u201eSolidarno\u015b\u0107\u201d \u2013 ruchu, kt\u00f3ry wkr\u00f3tce po\u0142\u0105czy\u0142 miliony Polak\u00f3w.","og_url":"https:\/\/www.solidarnosc.org.pl\/elblag\/46-rocznica-porozumien-sierpniowych-i-powstania-nszz-solidarnosc\/","og_site_name":"Solidarno\u015b\u0107 Region Elbl\u0105ski","article_publisher":"https:\/\/www.facebook.com\/RegionElblaskiNszzSolidarnosc","article_published_time":"2026-08-30T07:50:15+00:00","article_modified_time":"2026-08-30T08:00:57+00:00","og_image":[{"width":2560,"height":1440,"url":"https:\/\/www.solidarnosc.org.pl\/elblag\/wp-content\/uploads\/2026\/08\/IMG_8710-scaled.jpeg","type":"image\/jpeg"}],"author":"Joanna","twitter_card":"summary_large_image","twitter_misc":{"Napisane przez":"Joanna","Szacowany czas czytania":"14 minut"},"schema":{"@context":"https:\/\/schema.org","@graph":[{"@type":"Article","@id":"https:\/\/www.solidarnosc.org.pl\/elblag\/46-rocznica-porozumien-sierpniowych-i-powstania-nszz-solidarnosc\/#article","isPartOf":{"@id":"https:\/\/www.solidarnosc.org.pl\/elblag\/46-rocznica-porozumien-sierpniowych-i-powstania-nszz-solidarnosc\/"},"author":{"name":"Joanna","@id":"https:\/\/www.solidarnosc.org.pl\/elblag\/#\/schema\/person\/73ff52cd1aba148398fb5b1d6db75ca3"},"headline":"46. ROCZNICA POROZUMIE\u0143 SIERPNIOWYCH I POWSTANIA NSZZ \u201eSOLIDARNO\u015a\u0106\u201d","datePublished":"2026-08-30T07:50:15+00:00","dateModified":"2026-08-30T08:00:57+00:00","mainEntityOfPage":{"@id":"https:\/\/www.solidarnosc.org.pl\/elblag\/46-rocznica-porozumien-sierpniowych-i-powstania-nszz-solidarnosc\/"},"wordCount":1053,"commentCount":0,"publisher":{"@id":"https:\/\/www.solidarnosc.org.pl\/elblag\/#organization"},"image":{"@id":"https:\/\/www.solidarnosc.org.pl\/elblag\/46-rocznica-porozumien-sierpniowych-i-powstania-nszz-solidarnosc\/#primaryimage"},"thumbnailUrl":"https:\/\/www.solidarnosc.org.pl\/elblag\/wp-content\/uploads\/2026\/08\/IMG_8710-scaled.jpeg","articleSection":["Aktualno\u015bci"],"inLanguage":"pl-PL","potentialAction":[{"@type":"CommentAction","name":"Comment","target":["https:\/\/www.solidarnosc.org.pl\/elblag\/46-rocznica-porozumien-sierpniowych-i-powstania-nszz-solidarnosc\/#respond"]}]},{"@type":"WebPage","@id":"https:\/\/www.solidarnosc.org.pl\/elblag\/46-rocznica-porozumien-sierpniowych-i-powstania-nszz-solidarnosc\/","url":"https:\/\/www.solidarnosc.org.pl\/elblag\/46-rocznica-porozumien-sierpniowych-i-powstania-nszz-solidarnosc\/","name":"46. ROCZNICA POROZUMIE\u0143 SIERPNIOWYCH I POWSTANIA NSZZ \u201eSOLIDARNO\u015a\u0106\u201d - Solidarno\u015b\u0107 Region Elbl\u0105ski","isPartOf":{"@id":"https:\/\/www.solidarnosc.org.pl\/elblag\/#website"},"primaryImageOfPage":{"@id":"https:\/\/www.solidarnosc.org.pl\/elblag\/46-rocznica-porozumien-sierpniowych-i-powstania-nszz-solidarnosc\/#primaryimage"},"image":{"@id":"https:\/\/www.solidarnosc.org.pl\/elblag\/46-rocznica-porozumien-sierpniowych-i-powstania-nszz-solidarnosc\/#primaryimage"},"thumbnailUrl":"https:\/\/www.solidarnosc.org.pl\/elblag\/wp-content\/uploads\/2026\/08\/IMG_8710-scaled.jpeg","datePublished":"2026-08-30T07:50:15+00:00","dateModified":"2026-08-30T08:00:57+00:00","description":"Region Elbl\u0105ski NSZZ \u201eSolidarno\u015b\u0107\u201d uczci\u0142 46. rocznic\u0119 podpisania Porozumie\u0144 Sierpniowych i powstania NSZZ \u201eSolidarno\u015b\u0107\u201d. By\u0142 to dzie\u0144 pami\u0119ci o ludziach, kt\u00f3rzy w sierpniu 1980 roku upomnieli si\u0119 o godno\u015b\u0107, wolno\u015b\u0107, prawa pracownicze i mo\u017cliwo\u015b\u0107 niezale\u017cnego organizowania si\u0119.Porozumienia Sierpniowe by\u0142y jednym z najwa\u017cniejszych moment\u00f3w w najnowszej historii Polski. Fala strajk\u00f3w, kt\u00f3ra latem 1980 roku obj\u0119\u0142a setki zak\u0142ad\u00f3w pracy, doprowadzi\u0142a do podpisania porozumie\u0144 w Szczecinie, Gda\u0144sku, Jastrz\u0119biu-Zdroju i Hucie Katowice. Otworzy\u0142y one drog\u0119 do powstania Niezale\u017cnego Samorz\u0105dnego Zwi\u0105zku Zawodowego \u201eSolidarno\u015b\u0107\u201d \u2013 ruchu, kt\u00f3ry wkr\u00f3tce po\u0142\u0105czy\u0142 miliony Polak\u00f3w.","breadcrumb":{"@id":"https:\/\/www.solidarnosc.org.pl\/elblag\/46-rocznica-porozumien-sierpniowych-i-powstania-nszz-solidarnosc\/#breadcrumb"},"inLanguage":"pl-PL","potentialAction":[{"@type":"ReadAction","target":["https:\/\/www.solidarnosc.org.pl\/elblag\/46-rocznica-porozumien-sierpniowych-i-powstania-nszz-solidarnosc\/"]}]},{"@type":"ImageObject","inLanguage":"pl-PL","@id":"https:\/\/www.solidarnosc.org.pl\/elblag\/46-rocznica-porozumien-sierpniowych-i-powstania-nszz-solidarnosc\/#primaryimage","url":"https:\/\/www.solidarnosc.org.pl\/elblag\/wp-content\/uploads\/2026\/08\/IMG_8710-scaled.jpeg","contentUrl":"https:\/\/www.solidarnosc.org.pl\/elblag\/wp-content\/uploads\/2026\/08\/IMG_8710-scaled.jpeg","width":2560,"height":1440},{"@type":"BreadcrumbList","@id":"https:\/\/www.solidarnosc.org.pl\/elblag\/46-rocznica-porozumien-sierpniowych-i-powstania-nszz-solidarnosc\/#breadcrumb","itemListElement":[{"@type":"ListItem","position":1,"name":"Home","item":"https:\/\/www.solidarnosc.org.pl\/elblag\/"},{"@type":"ListItem","position":2,"name":"46. ROCZNICA POROZUMIE\u0143 SIERPNIOWYCH I POWSTANIA NSZZ \u201eSOLIDARNO\u015a\u0106\u201d"}]},{"@type":"WebSite","@id":"https:\/\/www.solidarnosc.org.pl\/elblag\/#website","url":"https:\/\/www.solidarnosc.org.pl\/elblag\/","name":"Solidarno\u015b\u0107 Region Elbl\u0105ski","description":"","publisher":{"@id":"https:\/\/www.solidarnosc.org.pl\/elblag\/#organization"},"potentialAction":[{"@type":"SearchAction","target":{"@type":"EntryPoint","urlTemplate":"https:\/\/www.solidarnosc.org.pl\/elblag\/?s={search_term_string}"},"query-input":{"@type":"PropertyValueSpecification","valueRequired":true,"valueName":"search_term_string"}}],"inLanguage":"pl-PL"},{"@type":"Organization","@id":"https:\/\/www.solidarnosc.org.pl\/elblag\/#organization","name":"Solidarno\u015b\u0107 Region Elbl\u0105ski","url":"https:\/\/www.solidarnosc.org.pl\/elblag\/","logo":{"@type":"ImageObject","inLanguage":"pl-PL","@id":"https:\/\/www.solidarnosc.org.pl\/elblag\/#\/schema\/logo\/image\/","url":"https:\/\/www.solidarnosc.org.pl\/elblag\/wp-content\/uploads\/Plik_system\/Motyw\/Region.png","contentUrl":"https:\/\/www.solidarnosc.org.pl\/elblag\/wp-content\/uploads\/Plik_system\/Motyw\/Region.png","width":2200,"height":1300,"caption":"Solidarno\u015b\u0107 Region Elbl\u0105ski"},"image":{"@id":"https:\/\/www.solidarnosc.org.pl\/elblag\/#\/schema\/logo\/image\/"},"sameAs":["https:\/\/www.facebook.com\/RegionElblaskiNszzSolidarnosc"]},{"@type":"Person","@id":"https:\/\/www.solidarnosc.org.pl\/elblag\/#\/schema\/person\/73ff52cd1aba148398fb5b1d6db75ca3","name":"Joanna","image":{"@type":"ImageObject","inLanguage":"pl-PL","@id":"https:\/\/www.solidarnosc.org.pl\/elblag\/#\/schema\/person\/image\/","url":"https:\/\/secure.gravatar.com\/avatar\/6eb059203cecff508a10503b5311d55fda407e896806aaad53ea5346616834c6?s=96&d=mm&r=g","contentUrl":"https:\/\/secure.gravatar.com\/avatar\/6eb059203cecff508a10503b5311d55fda407e896806aaad53ea5346616834c6?s=96&d=mm&r=g","caption":"Joanna"},"url":"https:\/\/www.solidarnosc.org.pl\/elblag\/author\/joanna-admin\/"}]}},"uagb_featured_image_src":{"full":["https:\/\/www.solidarnosc.org.pl\/elblag\/wp-content\/uploads\/2026\/08\/IMG_8710-scaled.jpeg",2560,1440,false],"thumbnail":["https:\/\/www.solidarnosc.org.pl\/elblag\/wp-content\/uploads\/2026\/08\/IMG_8710-150x150.jpeg",150,150,true],"medium":["https:\/\/www.solidarnosc.org.pl\/elblag\/wp-content\/uploads\/2026\/08\/IMG_8710-300x169.jpeg",300,169,true],"medium_large":["https:\/\/www.solidarnosc.org.pl\/elblag\/wp-content\/uploads\/2026\/08\/IMG_8710-768x432.jpeg",768,432,true],"large":["https:\/\/www.solidarnosc.org.pl\/elblag\/wp-content\/uploads\/2026\/08\/IMG_8710-1024x576.jpeg",1024,576,true],"1536x1536":["https:\/\/www.solidarnosc.org.pl\/elblag\/wp-content\/uploads\/2026\/08\/IMG_8710-1536x864.jpeg",1536,864,true],"2048x2048":["https:\/\/www.solidarnosc.org.pl\/elblag\/wp-content\/uploads\/2026\/08\/IMG_8710-2048x1152.jpeg",2048,1152,true]},"uagb_author_info":{"display_name":"Joanna","author_link":"https:\/\/www.solidarnosc.org.pl\/elblag\/author\/joanna-admin\/"},"uagb_comment_info":0,"uagb_excerpt":"46. ROCZNICA POROZUMIE\u0143 SIERPNIOWYCH I POWSTANIA NSZZ \u201eSOLIDARNO\u015a\u0106\u201d Region Elbl\u0105ski NSZZ \u201eSolidarno\u015b\u0107\u201d uczci\u0142 46. rocznic\u0119 podpisania Porozumie\u0144 Sierpniowych i powstania NSZZ \u201eSolidarno\u015b\u0107\u201d. By\u0142 to dzie\u0144 pami\u0119ci o ludziach, kt\u00f3rzy w sierpniu 1980 roku upomnieli si\u0119 o godno\u015b\u0107, wolno\u015b\u0107, prawa pracownicze i mo\u017cliwo\u015b\u0107 niezale\u017cnego organizowania si\u0119. Porozumienia Sierpniowe by\u0142y jednym z najwa\u017cniejszych moment\u00f3w w najnowszej historii&hellip;","_links":{"self":[{"href":"https:\/\/www.solidarnosc.org.pl\/elblag\/wp-json\/wp\/v2\/posts\/3821","targetHints":{"allow":["GET"]}}],"collection":[{"href":"https:\/\/www.solidarnosc.org.pl\/elblag\/wp-json\/wp\/v2\/posts"}],"about":[{"href":"https:\/\/www.solidarnosc.org.pl\/elblag\/wp-json\/wp\/v2\/types\/post"}],"author":[{"embeddable":true,"href":"https:\/\/www.solidarnosc.org.pl\/elblag\/wp-json\/wp\/v2\/users\/5"}],"replies":[{"embeddable":true,"href":"https:\/\/www.solidarnosc.org.pl\/elblag\/wp-json\/wp\/v2\/comments?post=3821"}],"version-history":[{"count":3,"href":"https:\/\/www.solidarnosc.org.pl\/elblag\/wp-json\/wp\/v2\/posts\/3821\/revisions"}],"predecessor-version":[{"id":3825,"href":"https:\/\/www.solidarnosc.org.pl\/elblag\/wp-json\/wp\/v2\/posts\/3821\/revisions\/3825"}],"wp:featuredmedia":[{"embeddable":true,"href":"https:\/\/www.solidarnosc.org.pl\/elblag\/wp-json\/wp\/v2\/media\/3819"}],"wp:attachment":[{"href":"https:\/\/www.solidarnosc.org.pl\/elblag\/wp-json\/wp\/v2\/media?parent=3821"}],"wp:term":[{"taxonomy":"category","embeddable":true,"href":"https:\/\/www.solidarnosc.org.pl\/elblag\/wp-json\/wp\/v2\/categories?post=3821"},{"taxonomy":"post_tag","embeddable":true,"href":"https:\/\/www.solidarnosc.org.pl\/elblag\/wp-json\/wp\/v2\/tags?post=3821"}],"curies":[{"name":"wp","href":"https:\/\/api.w.org\/{rel}","templated":true}]}}