{"id":3329,"date":"2026-02-18T14:52:24","date_gmt":"2026-02-18T13:52:24","guid":{"rendered":"https:\/\/www.solidarnosc.org.pl\/elblag\/?p=3329"},"modified":"2026-02-26T15:41:23","modified_gmt":"2026-02-26T14:41:23","slug":"spotkanie-przedstawicieli-komisji-zakladowych-w-nowym-dworze-gdanskim","status":"publish","type":"post","link":"https:\/\/www.solidarnosc.org.pl\/elblag\/spotkanie-przedstawicieli-komisji-zakladowych-w-nowym-dworze-gdanskim\/","title":{"rendered":"Spotkanie przedstawicieli komisji zak\u0142adowych w Nowym Dworze Gda\u0144skim"},"content":{"rendered":"\n<h2 class=\"wp-block-heading has-palette-color-1-color has-text-color has-link-color wp-elements-9ed7861261b9bbe65b79edaa29c19d21\">Spotkanie przedstawicieli komisji zak\u0142adowych w Nowym Dworze Gda\u0144skim<\/h2>\n\n\n\n<p>18 lutego w Nowym Dworze Gda\u0144skim odby\u0142o si\u0119 spotkanie przedstawicieli komisji zak\u0142adowych Regionu Elbl\u0105skiego NSZZ \u201eSolidarno\u015b\u0107\u201d. W rozmowach uczestniczyli reprezentanci r\u00f3\u017cnych \u015brodowisk pracy, kt\u00f3rzy wsp\u00f3lnie om\u00f3wili najwa\u017cniejsze kwestie zwi\u0105zane z bie\u017c\u0105c\u0105 dzia\u0142alno\u015bci\u0105 Zwi\u0105zku oraz aktualn\u0105 sytuacj\u0105 w zak\u0142adach pracy.<\/p>\n\n\n\n<p>Podczas spotkania poruszono tematy dotycz\u0105ce problem\u00f3w, z jakimi na co dzie\u0144 mierz\u0105 si\u0119 pracownicy, a tak\u017ce wyzwa\u0144 stoj\u0105cych przed organizacjami zwi\u0105zkowymi. Uczestnicy dzielili si\u0119 do\u015bwiadczeniami, przedstawiali postulaty oraz analizowali mo\u017cliwo\u015bci skuteczniejszego dzia\u0142ania w obronie praw pracowniczych. Istotnym elementem rozm\u00f3w by\u0142a r\u00f3wnie\u017c wymiana informacji na temat planowanych inicjatyw oraz dalszych dzia\u0142a\u0144 organizacyjnych.<\/p>\n\n\n\n<p>Wa\u017cnym punktem spotkania by\u0142a kwestia wsp\u00f3\u0142pracy pomi\u0119dzy strukturami zwi\u0105zkowymi. Podkre\u015blono znaczenie wzajemnego wsparcia, sprawnej komunikacji oraz wypracowywania wsp\u00f3lnego stanowiska w sprawach kluczowych dla cz\u0142onk\u00f3w Zwi\u0105zku. Tego rodzaju spotkania stanowi\u0105 nie tylko przestrze\u0144 do merytorycznej dyskusji, ale tak\u017ce wzmacniaj\u0105 integracj\u0119 \u015brodowiska zwi\u0105zkowego.<\/p>\n\n\n\n<p>Rozmowy przebieg\u0142y w rzeczowej i konstruktywnej atmosferze, sprzyjaj\u0105cej otwartemu dialogowi oraz poszukiwaniu rozwi\u0105za\u0144. Na zako\u0144czenie podzi\u0119kowano wszystkim uczestnikom za obecno\u015b\u0107, zaanga\u017cowanie oraz aktywny udzia\u0142 w dyskusji.<\/p>\n\n\n\n<p>Spotkanie w Nowym Dworze Gda\u0144skim by\u0142o kolejnym krokiem w kierunku umacniania wsp\u00f3\u0142pracy i skutecznego reprezentowania interes\u00f3w pracownik\u00f3w w regionie.<\/p>\n\n\n\n<figure class=\"wp-block-image size-large\"><img loading=\"lazy\" decoding=\"async\" width=\"1024\" height=\"576\" src=\"https:\/\/www.solidarnosc.org.pl\/elblag\/wp-content\/uploads\/2026\/02\/IMG_2229-1024x576.jpeg\" alt=\"\" class=\"wp-image-3332\" srcset=\"https:\/\/www.solidarnosc.org.pl\/elblag\/wp-content\/uploads\/2026\/02\/IMG_2229-1024x576.jpeg 1024w, https:\/\/www.solidarnosc.org.pl\/elblag\/wp-content\/uploads\/2026\/02\/IMG_2229-300x169.jpeg 300w, https:\/\/www.solidarnosc.org.pl\/elblag\/wp-content\/uploads\/2026\/02\/IMG_2229-768x432.jpeg 768w, https:\/\/www.solidarnosc.org.pl\/elblag\/wp-content\/uploads\/2026\/02\/IMG_2229-1536x864.jpeg 1536w, https:\/\/www.solidarnosc.org.pl\/elblag\/wp-content\/uploads\/2026\/02\/IMG_2229-2048x1152.jpeg 2048w\" sizes=\"auto, (max-width: 1024px) 100vw, 1024px\" \/><\/figure>\n","protected":false},"excerpt":{"rendered":"<p>Spotkanie przedstawicieli komisji zak\u0142adowych w Nowym Dworze Gda\u0144skim 18 lutego w Nowym Dworze Gda\u0144skim odby\u0142o si\u0119 spotkanie przedstawicieli komisji zak\u0142adowych Regionu Elbl\u0105skiego NSZZ \u201eSolidarno\u015b\u0107\u201d. W rozmowach uczestniczyli reprezentanci r\u00f3\u017cnych \u015brodowisk pracy, kt\u00f3rzy wsp\u00f3lnie om\u00f3wili najwa\u017cniejsze kwestie zwi\u0105zane z bie\u017c\u0105c\u0105 dzia\u0142alno\u015bci\u0105 Zwi\u0105zku oraz aktualn\u0105 sytuacj\u0105 w zak\u0142adach pracy. Podczas spotkania poruszono tematy dotycz\u0105ce problem\u00f3w, z jakimi [&hellip;]<\/p>\n","protected":false},"author":5,"featured_media":3331,"comment_status":"open","ping_status":"open","sticky":false,"template":"","format":"standard","meta":{"_coblocks_attr":"","_coblocks_dimensions":"","_coblocks_responsive_height":"","_coblocks_accordion_ie_support":"","_uag_custom_page_level_css":"","footnotes":""},"categories":[4],"tags":[],"class_list":["post-3329","post","type-post","status-publish","format-standard","has-post-thumbnail","hentry","category-aktualnosci"],"blocksy_meta":[],"gutentor_comment":0,"yoast_head":"<!-- This site is optimized with the Yoast SEO plugin v25.4 - https:\/\/yoast.com\/wordpress\/plugins\/seo\/ -->\n<title>Spotkanie przedstawicieli komisji zak\u0142adowych w Nowym Dworze Gda\u0144skim - Solidarno\u015b\u0107 Region Elbl\u0105ski<\/title>\n<meta name=\"description\" content=\"18 lutego w Nowym Dworze Gda\u0144skim odby\u0142o si\u0119 spotkanie przedstawicieli komisji zak\u0142adowych Regionu Elbl\u0105skiego NSZZ \u201eSolidarno\u015b\u0107\u201d. W rozmowach uczestniczyli reprezentanci r\u00f3\u017cnych \u015brodowisk pracy, kt\u00f3rzy wsp\u00f3lnie om\u00f3wili najwa\u017cniejsze kwestie zwi\u0105zane z bie\u017c\u0105c\u0105 dzia\u0142alno\u015bci\u0105 Zwi\u0105zku oraz aktualn\u0105 sytuacj\u0105 w zak\u0142adach pracy.\" \/>\n<meta name=\"robots\" content=\"index, follow, max-snippet:-1, max-image-preview:large, max-video-preview:-1\" \/>\n<link rel=\"canonical\" href=\"https:\/\/www.solidarnosc.org.pl\/elblag\/spotkanie-przedstawicieli-komisji-zakladowych-w-nowym-dworze-gdanskim\/\" \/>\n<meta property=\"og:locale\" content=\"pl_PL\" \/>\n<meta property=\"og:type\" content=\"article\" \/>\n<meta property=\"og:title\" content=\"Spotkanie przedstawicieli komisji zak\u0142adowych w Nowym Dworze Gda\u0144skim - Solidarno\u015b\u0107 Region Elbl\u0105ski\" \/>\n<meta property=\"og:description\" content=\"18 lutego w Nowym Dworze Gda\u0144skim odby\u0142o si\u0119 spotkanie przedstawicieli komisji zak\u0142adowych Regionu Elbl\u0105skiego NSZZ \u201eSolidarno\u015b\u0107\u201d. W rozmowach uczestniczyli reprezentanci r\u00f3\u017cnych \u015brodowisk pracy, kt\u00f3rzy wsp\u00f3lnie om\u00f3wili najwa\u017cniejsze kwestie zwi\u0105zane z bie\u017c\u0105c\u0105 dzia\u0142alno\u015bci\u0105 Zwi\u0105zku oraz aktualn\u0105 sytuacj\u0105 w zak\u0142adach pracy.\" \/>\n<meta property=\"og:url\" content=\"https:\/\/www.solidarnosc.org.pl\/elblag\/spotkanie-przedstawicieli-komisji-zakladowych-w-nowym-dworze-gdanskim\/\" \/>\n<meta property=\"og:site_name\" content=\"Solidarno\u015b\u0107 Region Elbl\u0105ski\" \/>\n<meta property=\"article:publisher\" content=\"https:\/\/www.facebook.com\/RegionElblaskiNszzSolidarnosc\" \/>\n<meta property=\"article:published_time\" content=\"2026-02-18T13:52:24+00:00\" \/>\n<meta property=\"article:modified_time\" content=\"2026-02-26T14:41:23+00:00\" \/>\n<meta property=\"og:image\" content=\"https:\/\/www.solidarnosc.org.pl\/elblag\/wp-content\/uploads\/2026\/02\/IMG_2230-scaled.jpeg\" \/>\n\t<meta property=\"og:image:width\" content=\"2560\" \/>\n\t<meta property=\"og:image:height\" content=\"1440\" \/>\n\t<meta property=\"og:image:type\" content=\"image\/jpeg\" \/>\n<meta name=\"author\" content=\"Joanna\" \/>\n<meta name=\"twitter:card\" content=\"summary_large_image\" \/>\n<meta name=\"twitter:label1\" content=\"Napisane przez\" \/>\n\t<meta name=\"twitter:data1\" content=\"Joanna\" \/>\n\t<meta name=\"twitter:label2\" content=\"Szacowany czas czytania\" \/>\n\t<meta name=\"twitter:data2\" content=\"2 minuty\" \/>\n<script type=\"application\/ld+json\" class=\"yoast-schema-graph\">{\"@context\":\"https:\/\/schema.org\",\"@graph\":[{\"@type\":\"Article\",\"@id\":\"https:\/\/www.solidarnosc.org.pl\/elblag\/spotkanie-przedstawicieli-komisji-zakladowych-w-nowym-dworze-gdanskim\/#article\",\"isPartOf\":{\"@id\":\"https:\/\/www.solidarnosc.org.pl\/elblag\/spotkanie-przedstawicieli-komisji-zakladowych-w-nowym-dworze-gdanskim\/\"},\"author\":{\"name\":\"Joanna\",\"@id\":\"https:\/\/www.solidarnosc.org.pl\/elblag\/#\/schema\/person\/73ff52cd1aba148398fb5b1d6db75ca3\"},\"headline\":\"Spotkanie przedstawicieli komisji zak\u0142adowych w Nowym Dworze Gda\u0144skim\",\"datePublished\":\"2026-02-18T13:52:24+00:00\",\"dateModified\":\"2026-02-26T14:41:23+00:00\",\"mainEntityOfPage\":{\"@id\":\"https:\/\/www.solidarnosc.org.pl\/elblag\/spotkanie-przedstawicieli-komisji-zakladowych-w-nowym-dworze-gdanskim\/\"},\"wordCount\":246,\"commentCount\":0,\"publisher\":{\"@id\":\"https:\/\/www.solidarnosc.org.pl\/elblag\/#organization\"},\"image\":{\"@id\":\"https:\/\/www.solidarnosc.org.pl\/elblag\/spotkanie-przedstawicieli-komisji-zakladowych-w-nowym-dworze-gdanskim\/#primaryimage\"},\"thumbnailUrl\":\"https:\/\/www.solidarnosc.org.pl\/elblag\/wp-content\/uploads\/2026\/02\/IMG_2230-scaled.jpeg\",\"articleSection\":[\"Aktualno\u015bci\"],\"inLanguage\":\"pl-PL\",\"potentialAction\":[{\"@type\":\"CommentAction\",\"name\":\"Comment\",\"target\":[\"https:\/\/www.solidarnosc.org.pl\/elblag\/spotkanie-przedstawicieli-komisji-zakladowych-w-nowym-dworze-gdanskim\/#respond\"]}]},{\"@type\":\"WebPage\",\"@id\":\"https:\/\/www.solidarnosc.org.pl\/elblag\/spotkanie-przedstawicieli-komisji-zakladowych-w-nowym-dworze-gdanskim\/\",\"url\":\"https:\/\/www.solidarnosc.org.pl\/elblag\/spotkanie-przedstawicieli-komisji-zakladowych-w-nowym-dworze-gdanskim\/\",\"name\":\"Spotkanie przedstawicieli komisji zak\u0142adowych w Nowym Dworze Gda\u0144skim - Solidarno\u015b\u0107 Region Elbl\u0105ski\",\"isPartOf\":{\"@id\":\"https:\/\/www.solidarnosc.org.pl\/elblag\/#website\"},\"primaryImageOfPage\":{\"@id\":\"https:\/\/www.solidarnosc.org.pl\/elblag\/spotkanie-przedstawicieli-komisji-zakladowych-w-nowym-dworze-gdanskim\/#primaryimage\"},\"image\":{\"@id\":\"https:\/\/www.solidarnosc.org.pl\/elblag\/spotkanie-przedstawicieli-komisji-zakladowych-w-nowym-dworze-gdanskim\/#primaryimage\"},\"thumbnailUrl\":\"https:\/\/www.solidarnosc.org.pl\/elblag\/wp-content\/uploads\/2026\/02\/IMG_2230-scaled.jpeg\",\"datePublished\":\"2026-02-18T13:52:24+00:00\",\"dateModified\":\"2026-02-26T14:41:23+00:00\",\"description\":\"18 lutego w Nowym Dworze Gda\u0144skim odby\u0142o si\u0119 spotkanie przedstawicieli komisji zak\u0142adowych Regionu Elbl\u0105skiego NSZZ \u201eSolidarno\u015b\u0107\u201d. W rozmowach uczestniczyli reprezentanci r\u00f3\u017cnych \u015brodowisk pracy, kt\u00f3rzy wsp\u00f3lnie om\u00f3wili najwa\u017cniejsze kwestie zwi\u0105zane z bie\u017c\u0105c\u0105 dzia\u0142alno\u015bci\u0105 Zwi\u0105zku oraz aktualn\u0105 sytuacj\u0105 w zak\u0142adach pracy.\",\"breadcrumb\":{\"@id\":\"https:\/\/www.solidarnosc.org.pl\/elblag\/spotkanie-przedstawicieli-komisji-zakladowych-w-nowym-dworze-gdanskim\/#breadcrumb\"},\"inLanguage\":\"pl-PL\",\"potentialAction\":[{\"@type\":\"ReadAction\",\"target\":[\"https:\/\/www.solidarnosc.org.pl\/elblag\/spotkanie-przedstawicieli-komisji-zakladowych-w-nowym-dworze-gdanskim\/\"]}]},{\"@type\":\"ImageObject\",\"inLanguage\":\"pl-PL\",\"@id\":\"https:\/\/www.solidarnosc.org.pl\/elblag\/spotkanie-przedstawicieli-komisji-zakladowych-w-nowym-dworze-gdanskim\/#primaryimage\",\"url\":\"https:\/\/www.solidarnosc.org.pl\/elblag\/wp-content\/uploads\/2026\/02\/IMG_2230-scaled.jpeg\",\"contentUrl\":\"https:\/\/www.solidarnosc.org.pl\/elblag\/wp-content\/uploads\/2026\/02\/IMG_2230-scaled.jpeg\",\"width\":2560,\"height\":1440},{\"@type\":\"BreadcrumbList\",\"@id\":\"https:\/\/www.solidarnosc.org.pl\/elblag\/spotkanie-przedstawicieli-komisji-zakladowych-w-nowym-dworze-gdanskim\/#breadcrumb\",\"itemListElement\":[{\"@type\":\"ListItem\",\"position\":1,\"name\":\"Home\",\"item\":\"https:\/\/www.solidarnosc.org.pl\/elblag\/\"},{\"@type\":\"ListItem\",\"position\":2,\"name\":\"Spotkanie przedstawicieli komisji zak\u0142adowych w Nowym Dworze Gda\u0144skim\"}]},{\"@type\":\"WebSite\",\"@id\":\"https:\/\/www.solidarnosc.org.pl\/elblag\/#website\",\"url\":\"https:\/\/www.solidarnosc.org.pl\/elblag\/\",\"name\":\"Solidarno\u015b\u0107 Region Elbl\u0105ski\",\"description\":\"\",\"publisher\":{\"@id\":\"https:\/\/www.solidarnosc.org.pl\/elblag\/#organization\"},\"potentialAction\":[{\"@type\":\"SearchAction\",\"target\":{\"@type\":\"EntryPoint\",\"urlTemplate\":\"https:\/\/www.solidarnosc.org.pl\/elblag\/?s={search_term_string}\"},\"query-input\":{\"@type\":\"PropertyValueSpecification\",\"valueRequired\":true,\"valueName\":\"search_term_string\"}}],\"inLanguage\":\"pl-PL\"},{\"@type\":\"Organization\",\"@id\":\"https:\/\/www.solidarnosc.org.pl\/elblag\/#organization\",\"name\":\"Solidarno\u015b\u0107 Region Elbl\u0105ski\",\"url\":\"https:\/\/www.solidarnosc.org.pl\/elblag\/\",\"logo\":{\"@type\":\"ImageObject\",\"inLanguage\":\"pl-PL\",\"@id\":\"https:\/\/www.solidarnosc.org.pl\/elblag\/#\/schema\/logo\/image\/\",\"url\":\"https:\/\/www.solidarnosc.org.pl\/elblag\/wp-content\/uploads\/Plik_system\/Motyw\/Region.png\",\"contentUrl\":\"https:\/\/www.solidarnosc.org.pl\/elblag\/wp-content\/uploads\/Plik_system\/Motyw\/Region.png\",\"width\":2200,\"height\":1300,\"caption\":\"Solidarno\u015b\u0107 Region Elbl\u0105ski\"},\"image\":{\"@id\":\"https:\/\/www.solidarnosc.org.pl\/elblag\/#\/schema\/logo\/image\/\"},\"sameAs\":[\"https:\/\/www.facebook.com\/RegionElblaskiNszzSolidarnosc\"]},{\"@type\":\"Person\",\"@id\":\"https:\/\/www.solidarnosc.org.pl\/elblag\/#\/schema\/person\/73ff52cd1aba148398fb5b1d6db75ca3\",\"name\":\"Joanna\",\"image\":{\"@type\":\"ImageObject\",\"inLanguage\":\"pl-PL\",\"@id\":\"https:\/\/www.solidarnosc.org.pl\/elblag\/#\/schema\/person\/image\/\",\"url\":\"https:\/\/secure.gravatar.com\/avatar\/6eb059203cecff508a10503b5311d55fda407e896806aaad53ea5346616834c6?s=96&d=mm&r=g\",\"contentUrl\":\"https:\/\/secure.gravatar.com\/avatar\/6eb059203cecff508a10503b5311d55fda407e896806aaad53ea5346616834c6?s=96&d=mm&r=g\",\"caption\":\"Joanna\"},\"url\":\"https:\/\/www.solidarnosc.org.pl\/elblag\/author\/joanna-admin\/\"}]}<\/script>\n<!-- \/ Yoast SEO plugin. -->","yoast_head_json":{"title":"Spotkanie przedstawicieli komisji zak\u0142adowych w Nowym Dworze Gda\u0144skim - Solidarno\u015b\u0107 Region Elbl\u0105ski","description":"18 lutego w Nowym Dworze Gda\u0144skim odby\u0142o si\u0119 spotkanie przedstawicieli komisji zak\u0142adowych Regionu Elbl\u0105skiego NSZZ \u201eSolidarno\u015b\u0107\u201d. W rozmowach uczestniczyli reprezentanci r\u00f3\u017cnych \u015brodowisk pracy, kt\u00f3rzy wsp\u00f3lnie om\u00f3wili najwa\u017cniejsze kwestie zwi\u0105zane z bie\u017c\u0105c\u0105 dzia\u0142alno\u015bci\u0105 Zwi\u0105zku oraz aktualn\u0105 sytuacj\u0105 w zak\u0142adach pracy.","robots":{"index":"index","follow":"follow","max-snippet":"max-snippet:-1","max-image-preview":"max-image-preview:large","max-video-preview":"max-video-preview:-1"},"canonical":"https:\/\/www.solidarnosc.org.pl\/elblag\/spotkanie-przedstawicieli-komisji-zakladowych-w-nowym-dworze-gdanskim\/","og_locale":"pl_PL","og_type":"article","og_title":"Spotkanie przedstawicieli komisji zak\u0142adowych w Nowym Dworze Gda\u0144skim - Solidarno\u015b\u0107 Region Elbl\u0105ski","og_description":"18 lutego w Nowym Dworze Gda\u0144skim odby\u0142o si\u0119 spotkanie przedstawicieli komisji zak\u0142adowych Regionu Elbl\u0105skiego NSZZ \u201eSolidarno\u015b\u0107\u201d. W rozmowach uczestniczyli reprezentanci r\u00f3\u017cnych \u015brodowisk pracy, kt\u00f3rzy wsp\u00f3lnie om\u00f3wili najwa\u017cniejsze kwestie zwi\u0105zane z bie\u017c\u0105c\u0105 dzia\u0142alno\u015bci\u0105 Zwi\u0105zku oraz aktualn\u0105 sytuacj\u0105 w zak\u0142adach pracy.","og_url":"https:\/\/www.solidarnosc.org.pl\/elblag\/spotkanie-przedstawicieli-komisji-zakladowych-w-nowym-dworze-gdanskim\/","og_site_name":"Solidarno\u015b\u0107 Region Elbl\u0105ski","article_publisher":"https:\/\/www.facebook.com\/RegionElblaskiNszzSolidarnosc","article_published_time":"2026-02-18T13:52:24+00:00","article_modified_time":"2026-02-26T14:41:23+00:00","og_image":[{"width":2560,"height":1440,"url":"https:\/\/www.solidarnosc.org.pl\/elblag\/wp-content\/uploads\/2026\/02\/IMG_2230-scaled.jpeg","type":"image\/jpeg"}],"author":"Joanna","twitter_card":"summary_large_image","twitter_misc":{"Napisane przez":"Joanna","Szacowany czas czytania":"2 minuty"},"schema":{"@context":"https:\/\/schema.org","@graph":[{"@type":"Article","@id":"https:\/\/www.solidarnosc.org.pl\/elblag\/spotkanie-przedstawicieli-komisji-zakladowych-w-nowym-dworze-gdanskim\/#article","isPartOf":{"@id":"https:\/\/www.solidarnosc.org.pl\/elblag\/spotkanie-przedstawicieli-komisji-zakladowych-w-nowym-dworze-gdanskim\/"},"author":{"name":"Joanna","@id":"https:\/\/www.solidarnosc.org.pl\/elblag\/#\/schema\/person\/73ff52cd1aba148398fb5b1d6db75ca3"},"headline":"Spotkanie przedstawicieli komisji zak\u0142adowych w Nowym Dworze Gda\u0144skim","datePublished":"2026-02-18T13:52:24+00:00","dateModified":"2026-02-26T14:41:23+00:00","mainEntityOfPage":{"@id":"https:\/\/www.solidarnosc.org.pl\/elblag\/spotkanie-przedstawicieli-komisji-zakladowych-w-nowym-dworze-gdanskim\/"},"wordCount":246,"commentCount":0,"publisher":{"@id":"https:\/\/www.solidarnosc.org.pl\/elblag\/#organization"},"image":{"@id":"https:\/\/www.solidarnosc.org.pl\/elblag\/spotkanie-przedstawicieli-komisji-zakladowych-w-nowym-dworze-gdanskim\/#primaryimage"},"thumbnailUrl":"https:\/\/www.solidarnosc.org.pl\/elblag\/wp-content\/uploads\/2026\/02\/IMG_2230-scaled.jpeg","articleSection":["Aktualno\u015bci"],"inLanguage":"pl-PL","potentialAction":[{"@type":"CommentAction","name":"Comment","target":["https:\/\/www.solidarnosc.org.pl\/elblag\/spotkanie-przedstawicieli-komisji-zakladowych-w-nowym-dworze-gdanskim\/#respond"]}]},{"@type":"WebPage","@id":"https:\/\/www.solidarnosc.org.pl\/elblag\/spotkanie-przedstawicieli-komisji-zakladowych-w-nowym-dworze-gdanskim\/","url":"https:\/\/www.solidarnosc.org.pl\/elblag\/spotkanie-przedstawicieli-komisji-zakladowych-w-nowym-dworze-gdanskim\/","name":"Spotkanie przedstawicieli komisji zak\u0142adowych w Nowym Dworze Gda\u0144skim - Solidarno\u015b\u0107 Region Elbl\u0105ski","isPartOf":{"@id":"https:\/\/www.solidarnosc.org.pl\/elblag\/#website"},"primaryImageOfPage":{"@id":"https:\/\/www.solidarnosc.org.pl\/elblag\/spotkanie-przedstawicieli-komisji-zakladowych-w-nowym-dworze-gdanskim\/#primaryimage"},"image":{"@id":"https:\/\/www.solidarnosc.org.pl\/elblag\/spotkanie-przedstawicieli-komisji-zakladowych-w-nowym-dworze-gdanskim\/#primaryimage"},"thumbnailUrl":"https:\/\/www.solidarnosc.org.pl\/elblag\/wp-content\/uploads\/2026\/02\/IMG_2230-scaled.jpeg","datePublished":"2026-02-18T13:52:24+00:00","dateModified":"2026-02-26T14:41:23+00:00","description":"18 lutego w Nowym Dworze Gda\u0144skim odby\u0142o si\u0119 spotkanie przedstawicieli komisji zak\u0142adowych Regionu Elbl\u0105skiego NSZZ \u201eSolidarno\u015b\u0107\u201d. W rozmowach uczestniczyli reprezentanci r\u00f3\u017cnych \u015brodowisk pracy, kt\u00f3rzy wsp\u00f3lnie om\u00f3wili najwa\u017cniejsze kwestie zwi\u0105zane z bie\u017c\u0105c\u0105 dzia\u0142alno\u015bci\u0105 Zwi\u0105zku oraz aktualn\u0105 sytuacj\u0105 w zak\u0142adach pracy.","breadcrumb":{"@id":"https:\/\/www.solidarnosc.org.pl\/elblag\/spotkanie-przedstawicieli-komisji-zakladowych-w-nowym-dworze-gdanskim\/#breadcrumb"},"inLanguage":"pl-PL","potentialAction":[{"@type":"ReadAction","target":["https:\/\/www.solidarnosc.org.pl\/elblag\/spotkanie-przedstawicieli-komisji-zakladowych-w-nowym-dworze-gdanskim\/"]}]},{"@type":"ImageObject","inLanguage":"pl-PL","@id":"https:\/\/www.solidarnosc.org.pl\/elblag\/spotkanie-przedstawicieli-komisji-zakladowych-w-nowym-dworze-gdanskim\/#primaryimage","url":"https:\/\/www.solidarnosc.org.pl\/elblag\/wp-content\/uploads\/2026\/02\/IMG_2230-scaled.jpeg","contentUrl":"https:\/\/www.solidarnosc.org.pl\/elblag\/wp-content\/uploads\/2026\/02\/IMG_2230-scaled.jpeg","width":2560,"height":1440},{"@type":"BreadcrumbList","@id":"https:\/\/www.solidarnosc.org.pl\/elblag\/spotkanie-przedstawicieli-komisji-zakladowych-w-nowym-dworze-gdanskim\/#breadcrumb","itemListElement":[{"@type":"ListItem","position":1,"name":"Home","item":"https:\/\/www.solidarnosc.org.pl\/elblag\/"},{"@type":"ListItem","position":2,"name":"Spotkanie przedstawicieli komisji zak\u0142adowych w Nowym Dworze Gda\u0144skim"}]},{"@type":"WebSite","@id":"https:\/\/www.solidarnosc.org.pl\/elblag\/#website","url":"https:\/\/www.solidarnosc.org.pl\/elblag\/","name":"Solidarno\u015b\u0107 Region Elbl\u0105ski","description":"","publisher":{"@id":"https:\/\/www.solidarnosc.org.pl\/elblag\/#organization"},"potentialAction":[{"@type":"SearchAction","target":{"@type":"EntryPoint","urlTemplate":"https:\/\/www.solidarnosc.org.pl\/elblag\/?s={search_term_string}"},"query-input":{"@type":"PropertyValueSpecification","valueRequired":true,"valueName":"search_term_string"}}],"inLanguage":"pl-PL"},{"@type":"Organization","@id":"https:\/\/www.solidarnosc.org.pl\/elblag\/#organization","name":"Solidarno\u015b\u0107 Region Elbl\u0105ski","url":"https:\/\/www.solidarnosc.org.pl\/elblag\/","logo":{"@type":"ImageObject","inLanguage":"pl-PL","@id":"https:\/\/www.solidarnosc.org.pl\/elblag\/#\/schema\/logo\/image\/","url":"https:\/\/www.solidarnosc.org.pl\/elblag\/wp-content\/uploads\/Plik_system\/Motyw\/Region.png","contentUrl":"https:\/\/www.solidarnosc.org.pl\/elblag\/wp-content\/uploads\/Plik_system\/Motyw\/Region.png","width":2200,"height":1300,"caption":"Solidarno\u015b\u0107 Region Elbl\u0105ski"},"image":{"@id":"https:\/\/www.solidarnosc.org.pl\/elblag\/#\/schema\/logo\/image\/"},"sameAs":["https:\/\/www.facebook.com\/RegionElblaskiNszzSolidarnosc"]},{"@type":"Person","@id":"https:\/\/www.solidarnosc.org.pl\/elblag\/#\/schema\/person\/73ff52cd1aba148398fb5b1d6db75ca3","name":"Joanna","image":{"@type":"ImageObject","inLanguage":"pl-PL","@id":"https:\/\/www.solidarnosc.org.pl\/elblag\/#\/schema\/person\/image\/","url":"https:\/\/secure.gravatar.com\/avatar\/6eb059203cecff508a10503b5311d55fda407e896806aaad53ea5346616834c6?s=96&d=mm&r=g","contentUrl":"https:\/\/secure.gravatar.com\/avatar\/6eb059203cecff508a10503b5311d55fda407e896806aaad53ea5346616834c6?s=96&d=mm&r=g","caption":"Joanna"},"url":"https:\/\/www.solidarnosc.org.pl\/elblag\/author\/joanna-admin\/"}]}},"uagb_featured_image_src":{"full":["https:\/\/www.solidarnosc.org.pl\/elblag\/wp-content\/uploads\/2026\/02\/IMG_2230-scaled.jpeg",2560,1440,false],"thumbnail":["https:\/\/www.solidarnosc.org.pl\/elblag\/wp-content\/uploads\/2026\/02\/IMG_2230-150x150.jpeg",150,150,true],"medium":["https:\/\/www.solidarnosc.org.pl\/elblag\/wp-content\/uploads\/2026\/02\/IMG_2230-300x169.jpeg",300,169,true],"medium_large":["https:\/\/www.solidarnosc.org.pl\/elblag\/wp-content\/uploads\/2026\/02\/IMG_2230-768x432.jpeg",768,432,true],"large":["https:\/\/www.solidarnosc.org.pl\/elblag\/wp-content\/uploads\/2026\/02\/IMG_2230-1024x576.jpeg",1024,576,true],"1536x1536":["https:\/\/www.solidarnosc.org.pl\/elblag\/wp-content\/uploads\/2026\/02\/IMG_2230-1536x864.jpeg",1536,864,true],"2048x2048":["https:\/\/www.solidarnosc.org.pl\/elblag\/wp-content\/uploads\/2026\/02\/IMG_2230-2048x1152.jpeg",2048,1152,true]},"uagb_author_info":{"display_name":"Joanna","author_link":"https:\/\/www.solidarnosc.org.pl\/elblag\/author\/joanna-admin\/"},"uagb_comment_info":0,"uagb_excerpt":"Spotkanie przedstawicieli komisji zak\u0142adowych w Nowym Dworze Gda\u0144skim 18 lutego w Nowym Dworze Gda\u0144skim odby\u0142o si\u0119 spotkanie przedstawicieli komisji zak\u0142adowych Regionu Elbl\u0105skiego NSZZ \u201eSolidarno\u015b\u0107\u201d. W rozmowach uczestniczyli reprezentanci r\u00f3\u017cnych \u015brodowisk pracy, kt\u00f3rzy wsp\u00f3lnie om\u00f3wili najwa\u017cniejsze kwestie zwi\u0105zane z bie\u017c\u0105c\u0105 dzia\u0142alno\u015bci\u0105 Zwi\u0105zku oraz aktualn\u0105 sytuacj\u0105 w zak\u0142adach pracy. Podczas spotkania poruszono tematy dotycz\u0105ce problem\u00f3w, z jakimi&hellip;","_links":{"self":[{"href":"https:\/\/www.solidarnosc.org.pl\/elblag\/wp-json\/wp\/v2\/posts\/3329","targetHints":{"allow":["GET"]}}],"collection":[{"href":"https:\/\/www.solidarnosc.org.pl\/elblag\/wp-json\/wp\/v2\/posts"}],"about":[{"href":"https:\/\/www.solidarnosc.org.pl\/elblag\/wp-json\/wp\/v2\/types\/post"}],"author":[{"embeddable":true,"href":"https:\/\/www.solidarnosc.org.pl\/elblag\/wp-json\/wp\/v2\/users\/5"}],"replies":[{"embeddable":true,"href":"https:\/\/www.solidarnosc.org.pl\/elblag\/wp-json\/wp\/v2\/comments?post=3329"}],"version-history":[{"count":1,"href":"https:\/\/www.solidarnosc.org.pl\/elblag\/wp-json\/wp\/v2\/posts\/3329\/revisions"}],"predecessor-version":[{"id":3333,"href":"https:\/\/www.solidarnosc.org.pl\/elblag\/wp-json\/wp\/v2\/posts\/3329\/revisions\/3333"}],"wp:featuredmedia":[{"embeddable":true,"href":"https:\/\/www.solidarnosc.org.pl\/elblag\/wp-json\/wp\/v2\/media\/3331"}],"wp:attachment":[{"href":"https:\/\/www.solidarnosc.org.pl\/elblag\/wp-json\/wp\/v2\/media?parent=3329"}],"wp:term":[{"taxonomy":"category","embeddable":true,"href":"https:\/\/www.solidarnosc.org.pl\/elblag\/wp-json\/wp\/v2\/categories?post=3329"},{"taxonomy":"post_tag","embeddable":true,"href":"https:\/\/www.solidarnosc.org.pl\/elblag\/wp-json\/wp\/v2\/tags?post=3329"}],"curies":[{"name":"wp","href":"https:\/\/api.w.org\/{rel}","templated":true}]}}