{"id":3318,"date":"2026-02-17T11:49:49","date_gmt":"2026-02-17T10:49:49","guid":{"rendered":"https:\/\/www.solidarnosc.org.pl\/elblag\/?p=3318"},"modified":"2026-02-17T11:49:50","modified_gmt":"2026-02-17T10:49:50","slug":"posiedzenie-zarzadu-regionu-elblaskiego-w-kwidzynie","status":"publish","type":"post","link":"https:\/\/www.solidarnosc.org.pl\/elblag\/posiedzenie-zarzadu-regionu-elblaskiego-w-kwidzynie\/","title":{"rendered":"Posiedzenie Zarz\u0105du Regionu Elbl\u0105skiego w Kwidzynie"},"content":{"rendered":"\n<h2 class=\"wp-block-heading has-palette-color-1-color has-text-color has-link-color wp-elements-522896d948dd858a3d4694785e2c9f16\">Posiedzenie Zarz\u0105du Regionu Elbl\u0105skiego w Kwidzynie<\/h2>\n\n\n\n<p>W Kwidzynie w dniu dzisiejszym odby\u0142o si\u0119 posiedzenie Zarz\u0105du Regionu Elbl\u0105skiego NSZZ \u201eSolidarno\u015b\u0107\u201d.<\/p>\n\n\n\n<p>Podczas obrad dokonano podsumowania dzia\u0142alno\u015bci w 2025 roku, analizuj\u0105c najwa\u017cniejsze inicjatywy, osi\u0105gni\u0119cia oraz wyzwania, z kt\u00f3rymi mierzy\u0142 si\u0119 Region. Przedstawiono sprawozdania z bie\u017c\u0105cej dzia\u0142alno\u015bci oraz om\u00f3wiono sytuacj\u0119 w regionie i problemy z jakimi mierz\u0105 si\u0119 zak\u0142ady pracy.<\/p>\n\n\n\n<p>Istotnym elementem spotkania by\u0142a dyskusja nad planami i priorytetami na rok 2026. Przyj\u0119to uchwa\u0142\u0119 w sprawie zatwierdzenia preliminarza na 2026 rok. Cz\u0142onkowie Zarz\u0105du wyznaczyli kierunki dzia\u0142a\u0144, kt\u00f3re maj\u0105 na celu dalsze wzmacnianie pozycji Zwi\u0105zku, skuteczn\u0105 obron\u0119 praw pracowniczych oraz rozw\u00f3j struktur organizacyjnych w Regionie.<\/p>\n\n\n\n<p>W trakcie posiedzenia przyj\u0119to tak\u017ce uchwa\u0142\u0119 o powo\u0142aniu problemowej Sekcji M\u0142odych w Regionie. Przedstawiono r\u00f3wnie\u017c analizy dotycz\u0105ce ograniczenia \u015brodk\u00f3w na aktywizacj\u0119 zawodow\u0105 w latach 2025\u20132026 w powiatach: elbl\u0105skim, sztumskim, kwidzy\u0144skim i nowodworskim.<\/p>\n\n\n\n<p>Dzi\u0119kujemy wszystkim uczestnikom za merytoryczn\u0105 dyskusj\u0119 oraz zaanga\u017cowanie w dzia\u0142ania na rzecz pracownik\u00f3w i ca\u0142ej spo\u0142eczno\u015bci naszego Regionu.<\/p>\n\n\n\n<figure class=\"wp-block-image size-large\"><img loading=\"lazy\" decoding=\"async\" width=\"1024\" height=\"576\" src=\"https:\/\/www.solidarnosc.org.pl\/elblag\/wp-content\/uploads\/2026\/02\/IMG_2196-1024x576.jpeg\" alt=\"\" class=\"wp-image-3319\" srcset=\"https:\/\/www.solidarnosc.org.pl\/elblag\/wp-content\/uploads\/2026\/02\/IMG_2196-1024x576.jpeg 1024w, https:\/\/www.solidarnosc.org.pl\/elblag\/wp-content\/uploads\/2026\/02\/IMG_2196-300x169.jpeg 300w, https:\/\/www.solidarnosc.org.pl\/elblag\/wp-content\/uploads\/2026\/02\/IMG_2196-768x432.jpeg 768w, https:\/\/www.solidarnosc.org.pl\/elblag\/wp-content\/uploads\/2026\/02\/IMG_2196-1536x864.jpeg 1536w, https:\/\/www.solidarnosc.org.pl\/elblag\/wp-content\/uploads\/2026\/02\/IMG_2196-2048x1152.jpeg 2048w\" sizes=\"auto, (max-width: 1024px) 100vw, 1024px\" \/><\/figure>\n","protected":false},"excerpt":{"rendered":"<p>Posiedzenie Zarz\u0105du Regionu Elbl\u0105skiego w Kwidzynie W Kwidzynie w dniu dzisiejszym odby\u0142o si\u0119 posiedzenie Zarz\u0105du Regionu Elbl\u0105skiego NSZZ \u201eSolidarno\u015b\u0107\u201d. Podczas obrad dokonano podsumowania dzia\u0142alno\u015bci w 2025 roku, analizuj\u0105c najwa\u017cniejsze inicjatywy, osi\u0105gni\u0119cia oraz wyzwania, z kt\u00f3rymi mierzy\u0142 si\u0119 Region. Przedstawiono sprawozdania z bie\u017c\u0105cej dzia\u0142alno\u015bci oraz om\u00f3wiono sytuacj\u0119 w regionie i problemy z jakimi mierz\u0105 si\u0119 zak\u0142ady [&hellip;]<\/p>\n","protected":false},"author":5,"featured_media":3319,"comment_status":"open","ping_status":"open","sticky":false,"template":"","format":"standard","meta":{"_coblocks_attr":"","_coblocks_dimensions":"","_coblocks_responsive_height":"","_coblocks_accordion_ie_support":"","_uag_custom_page_level_css":"","footnotes":""},"categories":[4],"tags":[],"class_list":["post-3318","post","type-post","status-publish","format-standard","has-post-thumbnail","hentry","category-aktualnosci"],"blocksy_meta":[],"gutentor_comment":0,"yoast_head":"<!-- This site is optimized with the Yoast SEO plugin v25.4 - https:\/\/yoast.com\/wordpress\/plugins\/seo\/ -->\n<title>Posiedzenie Zarz\u0105du Regionu Elbl\u0105skiego w Kwidzynie - Solidarno\u015b\u0107 Region Elbl\u0105ski<\/title>\n<meta name=\"description\" content=\"W Kwidzynie w dniu dzisiejszym odby\u0142o si\u0119 posiedzenie Zarz\u0105du Regionu Elbl\u0105skiego NSZZ \u201eSolidarno\u015b\u0107\u201d.Podczas obrad dokonano podsumowania dzia\u0142alno\u015bci w 2025 roku, analizuj\u0105c najwa\u017cniejsze inicjatywy, osi\u0105gni\u0119cia oraz wyzwania, z kt\u00f3rymi mierzy\u0142 si\u0119 Region. Przedstawiono sprawozdania z bie\u017c\u0105cej dzia\u0142alno\u015bci oraz om\u00f3wiono sytuacj\u0119 w regionie i problemy z jakimi mierz\u0105 si\u0119 zak\u0142ady pracy.Istotnym elementem spotkania by\u0142a dyskusja nad planami i priorytetami na rok 2026. Przyj\u0119to uchwa\u0142\u0119 w sprawie zatwierdzenia preliminarza na 2026 rok. Cz\u0142onkowie Zarz\u0105du wyznaczyli kierunki dzia\u0142a\u0144, kt\u00f3re maj\u0105 na celu dalsze wzmacnianie pozycji Zwi\u0105zku, skuteczn\u0105 obron\u0119 praw pracowniczych oraz rozw\u00f3j struktur organizacyjnych w Regionie.W trakcie posiedzenia przyj\u0119to tak\u017ce uchwa\u0142\u0119 o powo\u0142aniu problemowej Sekcji M\u0142odych w Regionie. Przedstawiono r\u00f3wnie\u017c analizy dotycz\u0105ce ograniczenia \u015brodk\u00f3w na aktywizacj\u0119 zawodow\u0105 w latach 2025\u20132026 w powiatach: elbl\u0105skim, sztumskim, kwidzy\u0144skim i nowodworskim.Dzi\u0119kujemy wszystkim uczestnikom za merytoryczn\u0105 dyskusj\u0119 oraz zaanga\u017cowanie w dzia\u0142ania na rzecz pracownik\u00f3w i ca\u0142ej spo\u0142eczno\u015bci naszego Regionu.\" \/>\n<meta name=\"robots\" content=\"index, follow, max-snippet:-1, max-image-preview:large, max-video-preview:-1\" \/>\n<link rel=\"canonical\" href=\"https:\/\/www.solidarnosc.org.pl\/elblag\/posiedzenie-zarzadu-regionu-elblaskiego-w-kwidzynie\/\" \/>\n<meta property=\"og:locale\" content=\"pl_PL\" \/>\n<meta property=\"og:type\" content=\"article\" \/>\n<meta property=\"og:title\" content=\"Posiedzenie Zarz\u0105du Regionu Elbl\u0105skiego w Kwidzynie - Solidarno\u015b\u0107 Region Elbl\u0105ski\" \/>\n<meta property=\"og:description\" content=\"W Kwidzynie w dniu dzisiejszym odby\u0142o si\u0119 posiedzenie Zarz\u0105du Regionu Elbl\u0105skiego NSZZ \u201eSolidarno\u015b\u0107\u201d.Podczas obrad dokonano podsumowania dzia\u0142alno\u015bci w 2025 roku, analizuj\u0105c najwa\u017cniejsze inicjatywy, osi\u0105gni\u0119cia oraz wyzwania, z kt\u00f3rymi mierzy\u0142 si\u0119 Region. Przedstawiono sprawozdania z bie\u017c\u0105cej dzia\u0142alno\u015bci oraz om\u00f3wiono sytuacj\u0119 w regionie i problemy z jakimi mierz\u0105 si\u0119 zak\u0142ady pracy.Istotnym elementem spotkania by\u0142a dyskusja nad planami i priorytetami na rok 2026. Przyj\u0119to uchwa\u0142\u0119 w sprawie zatwierdzenia preliminarza na 2026 rok. Cz\u0142onkowie Zarz\u0105du wyznaczyli kierunki dzia\u0142a\u0144, kt\u00f3re maj\u0105 na celu dalsze wzmacnianie pozycji Zwi\u0105zku, skuteczn\u0105 obron\u0119 praw pracowniczych oraz rozw\u00f3j struktur organizacyjnych w Regionie.W trakcie posiedzenia przyj\u0119to tak\u017ce uchwa\u0142\u0119 o powo\u0142aniu problemowej Sekcji M\u0142odych w Regionie. Przedstawiono r\u00f3wnie\u017c analizy dotycz\u0105ce ograniczenia \u015brodk\u00f3w na aktywizacj\u0119 zawodow\u0105 w latach 2025\u20132026 w powiatach: elbl\u0105skim, sztumskim, kwidzy\u0144skim i nowodworskim.Dzi\u0119kujemy wszystkim uczestnikom za merytoryczn\u0105 dyskusj\u0119 oraz zaanga\u017cowanie w dzia\u0142ania na rzecz pracownik\u00f3w i ca\u0142ej spo\u0142eczno\u015bci naszego Regionu.\" \/>\n<meta property=\"og:url\" content=\"https:\/\/www.solidarnosc.org.pl\/elblag\/posiedzenie-zarzadu-regionu-elblaskiego-w-kwidzynie\/\" \/>\n<meta property=\"og:site_name\" content=\"Solidarno\u015b\u0107 Region Elbl\u0105ski\" \/>\n<meta property=\"article:publisher\" content=\"https:\/\/www.facebook.com\/RegionElblaskiNszzSolidarnosc\" \/>\n<meta property=\"article:published_time\" content=\"2026-02-17T10:49:49+00:00\" \/>\n<meta property=\"article:modified_time\" content=\"2026-02-17T10:49:50+00:00\" \/>\n<meta property=\"og:image\" content=\"https:\/\/www.solidarnosc.org.pl\/elblag\/wp-content\/uploads\/2026\/02\/IMG_2196-scaled.jpeg\" \/>\n\t<meta property=\"og:image:width\" content=\"2560\" \/>\n\t<meta property=\"og:image:height\" content=\"1440\" \/>\n\t<meta property=\"og:image:type\" content=\"image\/jpeg\" \/>\n<meta name=\"author\" content=\"Joanna\" \/>\n<meta name=\"twitter:card\" content=\"summary_large_image\" \/>\n<meta name=\"twitter:label1\" content=\"Napisane przez\" \/>\n\t<meta name=\"twitter:data1\" content=\"Joanna\" \/>\n\t<meta name=\"twitter:label2\" content=\"Szacowany czas czytania\" \/>\n\t<meta name=\"twitter:data2\" content=\"2 minuty\" \/>\n<script type=\"application\/ld+json\" class=\"yoast-schema-graph\">{\"@context\":\"https:\/\/schema.org\",\"@graph\":[{\"@type\":\"Article\",\"@id\":\"https:\/\/www.solidarnosc.org.pl\/elblag\/posiedzenie-zarzadu-regionu-elblaskiego-w-kwidzynie\/#article\",\"isPartOf\":{\"@id\":\"https:\/\/www.solidarnosc.org.pl\/elblag\/posiedzenie-zarzadu-regionu-elblaskiego-w-kwidzynie\/\"},\"author\":{\"name\":\"Joanna\",\"@id\":\"https:\/\/www.solidarnosc.org.pl\/elblag\/#\/schema\/person\/73ff52cd1aba148398fb5b1d6db75ca3\"},\"headline\":\"Posiedzenie Zarz\u0105du Regionu Elbl\u0105skiego w Kwidzynie\",\"datePublished\":\"2026-02-17T10:49:49+00:00\",\"dateModified\":\"2026-02-17T10:49:50+00:00\",\"mainEntityOfPage\":{\"@id\":\"https:\/\/www.solidarnosc.org.pl\/elblag\/posiedzenie-zarzadu-regionu-elblaskiego-w-kwidzynie\/\"},\"wordCount\":195,\"commentCount\":0,\"publisher\":{\"@id\":\"https:\/\/www.solidarnosc.org.pl\/elblag\/#organization\"},\"image\":{\"@id\":\"https:\/\/www.solidarnosc.org.pl\/elblag\/posiedzenie-zarzadu-regionu-elblaskiego-w-kwidzynie\/#primaryimage\"},\"thumbnailUrl\":\"https:\/\/www.solidarnosc.org.pl\/elblag\/wp-content\/uploads\/2026\/02\/IMG_2196-scaled.jpeg\",\"articleSection\":[\"Aktualno\u015bci\"],\"inLanguage\":\"pl-PL\",\"potentialAction\":[{\"@type\":\"CommentAction\",\"name\":\"Comment\",\"target\":[\"https:\/\/www.solidarnosc.org.pl\/elblag\/posiedzenie-zarzadu-regionu-elblaskiego-w-kwidzynie\/#respond\"]}]},{\"@type\":\"WebPage\",\"@id\":\"https:\/\/www.solidarnosc.org.pl\/elblag\/posiedzenie-zarzadu-regionu-elblaskiego-w-kwidzynie\/\",\"url\":\"https:\/\/www.solidarnosc.org.pl\/elblag\/posiedzenie-zarzadu-regionu-elblaskiego-w-kwidzynie\/\",\"name\":\"Posiedzenie Zarz\u0105du Regionu Elbl\u0105skiego w Kwidzynie - Solidarno\u015b\u0107 Region Elbl\u0105ski\",\"isPartOf\":{\"@id\":\"https:\/\/www.solidarnosc.org.pl\/elblag\/#website\"},\"primaryImageOfPage\":{\"@id\":\"https:\/\/www.solidarnosc.org.pl\/elblag\/posiedzenie-zarzadu-regionu-elblaskiego-w-kwidzynie\/#primaryimage\"},\"image\":{\"@id\":\"https:\/\/www.solidarnosc.org.pl\/elblag\/posiedzenie-zarzadu-regionu-elblaskiego-w-kwidzynie\/#primaryimage\"},\"thumbnailUrl\":\"https:\/\/www.solidarnosc.org.pl\/elblag\/wp-content\/uploads\/2026\/02\/IMG_2196-scaled.jpeg\",\"datePublished\":\"2026-02-17T10:49:49+00:00\",\"dateModified\":\"2026-02-17T10:49:50+00:00\",\"description\":\"W Kwidzynie w dniu dzisiejszym odby\u0142o si\u0119 posiedzenie Zarz\u0105du Regionu Elbl\u0105skiego NSZZ \u201eSolidarno\u015b\u0107\u201d.Podczas obrad dokonano podsumowania dzia\u0142alno\u015bci w 2025 roku, analizuj\u0105c najwa\u017cniejsze inicjatywy, osi\u0105gni\u0119cia oraz wyzwania, z kt\u00f3rymi mierzy\u0142 si\u0119 Region. Przedstawiono sprawozdania z bie\u017c\u0105cej dzia\u0142alno\u015bci oraz om\u00f3wiono sytuacj\u0119 w regionie i problemy z jakimi mierz\u0105 si\u0119 zak\u0142ady pracy.Istotnym elementem spotkania by\u0142a dyskusja nad planami i priorytetami na rok 2026. Przyj\u0119to uchwa\u0142\u0119 w sprawie zatwierdzenia preliminarza na 2026 rok. Cz\u0142onkowie Zarz\u0105du wyznaczyli kierunki dzia\u0142a\u0144, kt\u00f3re maj\u0105 na celu dalsze wzmacnianie pozycji Zwi\u0105zku, skuteczn\u0105 obron\u0119 praw pracowniczych oraz rozw\u00f3j struktur organizacyjnych w Regionie.W trakcie posiedzenia przyj\u0119to tak\u017ce uchwa\u0142\u0119 o powo\u0142aniu problemowej Sekcji M\u0142odych w Regionie. Przedstawiono r\u00f3wnie\u017c analizy dotycz\u0105ce ograniczenia \u015brodk\u00f3w na aktywizacj\u0119 zawodow\u0105 w latach 2025\u20132026 w powiatach: elbl\u0105skim, sztumskim, kwidzy\u0144skim i nowodworskim.Dzi\u0119kujemy wszystkim uczestnikom za merytoryczn\u0105 dyskusj\u0119 oraz zaanga\u017cowanie w dzia\u0142ania na rzecz pracownik\u00f3w i ca\u0142ej spo\u0142eczno\u015bci naszego Regionu.\",\"breadcrumb\":{\"@id\":\"https:\/\/www.solidarnosc.org.pl\/elblag\/posiedzenie-zarzadu-regionu-elblaskiego-w-kwidzynie\/#breadcrumb\"},\"inLanguage\":\"pl-PL\",\"potentialAction\":[{\"@type\":\"ReadAction\",\"target\":[\"https:\/\/www.solidarnosc.org.pl\/elblag\/posiedzenie-zarzadu-regionu-elblaskiego-w-kwidzynie\/\"]}]},{\"@type\":\"ImageObject\",\"inLanguage\":\"pl-PL\",\"@id\":\"https:\/\/www.solidarnosc.org.pl\/elblag\/posiedzenie-zarzadu-regionu-elblaskiego-w-kwidzynie\/#primaryimage\",\"url\":\"https:\/\/www.solidarnosc.org.pl\/elblag\/wp-content\/uploads\/2026\/02\/IMG_2196-scaled.jpeg\",\"contentUrl\":\"https:\/\/www.solidarnosc.org.pl\/elblag\/wp-content\/uploads\/2026\/02\/IMG_2196-scaled.jpeg\",\"width\":2560,\"height\":1440},{\"@type\":\"BreadcrumbList\",\"@id\":\"https:\/\/www.solidarnosc.org.pl\/elblag\/posiedzenie-zarzadu-regionu-elblaskiego-w-kwidzynie\/#breadcrumb\",\"itemListElement\":[{\"@type\":\"ListItem\",\"position\":1,\"name\":\"Home\",\"item\":\"https:\/\/www.solidarnosc.org.pl\/elblag\/\"},{\"@type\":\"ListItem\",\"position\":2,\"name\":\"Posiedzenie Zarz\u0105du Regionu Elbl\u0105skiego w Kwidzynie\"}]},{\"@type\":\"WebSite\",\"@id\":\"https:\/\/www.solidarnosc.org.pl\/elblag\/#website\",\"url\":\"https:\/\/www.solidarnosc.org.pl\/elblag\/\",\"name\":\"Solidarno\u015b\u0107 Region Elbl\u0105ski\",\"description\":\"\",\"publisher\":{\"@id\":\"https:\/\/www.solidarnosc.org.pl\/elblag\/#organization\"},\"potentialAction\":[{\"@type\":\"SearchAction\",\"target\":{\"@type\":\"EntryPoint\",\"urlTemplate\":\"https:\/\/www.solidarnosc.org.pl\/elblag\/?s={search_term_string}\"},\"query-input\":{\"@type\":\"PropertyValueSpecification\",\"valueRequired\":true,\"valueName\":\"search_term_string\"}}],\"inLanguage\":\"pl-PL\"},{\"@type\":\"Organization\",\"@id\":\"https:\/\/www.solidarnosc.org.pl\/elblag\/#organization\",\"name\":\"Solidarno\u015b\u0107 Region Elbl\u0105ski\",\"url\":\"https:\/\/www.solidarnosc.org.pl\/elblag\/\",\"logo\":{\"@type\":\"ImageObject\",\"inLanguage\":\"pl-PL\",\"@id\":\"https:\/\/www.solidarnosc.org.pl\/elblag\/#\/schema\/logo\/image\/\",\"url\":\"https:\/\/www.solidarnosc.org.pl\/elblag\/wp-content\/uploads\/Plik_system\/Motyw\/Region.png\",\"contentUrl\":\"https:\/\/www.solidarnosc.org.pl\/elblag\/wp-content\/uploads\/Plik_system\/Motyw\/Region.png\",\"width\":2200,\"height\":1300,\"caption\":\"Solidarno\u015b\u0107 Region Elbl\u0105ski\"},\"image\":{\"@id\":\"https:\/\/www.solidarnosc.org.pl\/elblag\/#\/schema\/logo\/image\/\"},\"sameAs\":[\"https:\/\/www.facebook.com\/RegionElblaskiNszzSolidarnosc\"]},{\"@type\":\"Person\",\"@id\":\"https:\/\/www.solidarnosc.org.pl\/elblag\/#\/schema\/person\/73ff52cd1aba148398fb5b1d6db75ca3\",\"name\":\"Joanna\",\"image\":{\"@type\":\"ImageObject\",\"inLanguage\":\"pl-PL\",\"@id\":\"https:\/\/www.solidarnosc.org.pl\/elblag\/#\/schema\/person\/image\/\",\"url\":\"https:\/\/secure.gravatar.com\/avatar\/6eb059203cecff508a10503b5311d55fda407e896806aaad53ea5346616834c6?s=96&d=mm&r=g\",\"contentUrl\":\"https:\/\/secure.gravatar.com\/avatar\/6eb059203cecff508a10503b5311d55fda407e896806aaad53ea5346616834c6?s=96&d=mm&r=g\",\"caption\":\"Joanna\"},\"url\":\"https:\/\/www.solidarnosc.org.pl\/elblag\/author\/joanna-admin\/\"}]}<\/script>\n<!-- \/ Yoast SEO plugin. -->","yoast_head_json":{"title":"Posiedzenie Zarz\u0105du Regionu Elbl\u0105skiego w Kwidzynie - Solidarno\u015b\u0107 Region Elbl\u0105ski","description":"W Kwidzynie w dniu dzisiejszym odby\u0142o si\u0119 posiedzenie Zarz\u0105du Regionu Elbl\u0105skiego NSZZ \u201eSolidarno\u015b\u0107\u201d.Podczas obrad dokonano podsumowania dzia\u0142alno\u015bci w 2025 roku, analizuj\u0105c najwa\u017cniejsze inicjatywy, osi\u0105gni\u0119cia oraz wyzwania, z kt\u00f3rymi mierzy\u0142 si\u0119 Region. Przedstawiono sprawozdania z bie\u017c\u0105cej dzia\u0142alno\u015bci oraz om\u00f3wiono sytuacj\u0119 w regionie i problemy z jakimi mierz\u0105 si\u0119 zak\u0142ady pracy.Istotnym elementem spotkania by\u0142a dyskusja nad planami i priorytetami na rok 2026. Przyj\u0119to uchwa\u0142\u0119 w sprawie zatwierdzenia preliminarza na 2026 rok. Cz\u0142onkowie Zarz\u0105du wyznaczyli kierunki dzia\u0142a\u0144, kt\u00f3re maj\u0105 na celu dalsze wzmacnianie pozycji Zwi\u0105zku, skuteczn\u0105 obron\u0119 praw pracowniczych oraz rozw\u00f3j struktur organizacyjnych w Regionie.W trakcie posiedzenia przyj\u0119to tak\u017ce uchwa\u0142\u0119 o powo\u0142aniu problemowej Sekcji M\u0142odych w Regionie. Przedstawiono r\u00f3wnie\u017c analizy dotycz\u0105ce ograniczenia \u015brodk\u00f3w na aktywizacj\u0119 zawodow\u0105 w latach 2025\u20132026 w powiatach: elbl\u0105skim, sztumskim, kwidzy\u0144skim i nowodworskim.Dzi\u0119kujemy wszystkim uczestnikom za merytoryczn\u0105 dyskusj\u0119 oraz zaanga\u017cowanie w dzia\u0142ania na rzecz pracownik\u00f3w i ca\u0142ej spo\u0142eczno\u015bci naszego Regionu.","robots":{"index":"index","follow":"follow","max-snippet":"max-snippet:-1","max-image-preview":"max-image-preview:large","max-video-preview":"max-video-preview:-1"},"canonical":"https:\/\/www.solidarnosc.org.pl\/elblag\/posiedzenie-zarzadu-regionu-elblaskiego-w-kwidzynie\/","og_locale":"pl_PL","og_type":"article","og_title":"Posiedzenie Zarz\u0105du Regionu Elbl\u0105skiego w Kwidzynie - Solidarno\u015b\u0107 Region Elbl\u0105ski","og_description":"W Kwidzynie w dniu dzisiejszym odby\u0142o si\u0119 posiedzenie Zarz\u0105du Regionu Elbl\u0105skiego NSZZ \u201eSolidarno\u015b\u0107\u201d.Podczas obrad dokonano podsumowania dzia\u0142alno\u015bci w 2025 roku, analizuj\u0105c najwa\u017cniejsze inicjatywy, osi\u0105gni\u0119cia oraz wyzwania, z kt\u00f3rymi mierzy\u0142 si\u0119 Region. Przedstawiono sprawozdania z bie\u017c\u0105cej dzia\u0142alno\u015bci oraz om\u00f3wiono sytuacj\u0119 w regionie i problemy z jakimi mierz\u0105 si\u0119 zak\u0142ady pracy.Istotnym elementem spotkania by\u0142a dyskusja nad planami i priorytetami na rok 2026. Przyj\u0119to uchwa\u0142\u0119 w sprawie zatwierdzenia preliminarza na 2026 rok. Cz\u0142onkowie Zarz\u0105du wyznaczyli kierunki dzia\u0142a\u0144, kt\u00f3re maj\u0105 na celu dalsze wzmacnianie pozycji Zwi\u0105zku, skuteczn\u0105 obron\u0119 praw pracowniczych oraz rozw\u00f3j struktur organizacyjnych w Regionie.W trakcie posiedzenia przyj\u0119to tak\u017ce uchwa\u0142\u0119 o powo\u0142aniu problemowej Sekcji M\u0142odych w Regionie. Przedstawiono r\u00f3wnie\u017c analizy dotycz\u0105ce ograniczenia \u015brodk\u00f3w na aktywizacj\u0119 zawodow\u0105 w latach 2025\u20132026 w powiatach: elbl\u0105skim, sztumskim, kwidzy\u0144skim i nowodworskim.Dzi\u0119kujemy wszystkim uczestnikom za merytoryczn\u0105 dyskusj\u0119 oraz zaanga\u017cowanie w dzia\u0142ania na rzecz pracownik\u00f3w i ca\u0142ej spo\u0142eczno\u015bci naszego Regionu.","og_url":"https:\/\/www.solidarnosc.org.pl\/elblag\/posiedzenie-zarzadu-regionu-elblaskiego-w-kwidzynie\/","og_site_name":"Solidarno\u015b\u0107 Region Elbl\u0105ski","article_publisher":"https:\/\/www.facebook.com\/RegionElblaskiNszzSolidarnosc","article_published_time":"2026-02-17T10:49:49+00:00","article_modified_time":"2026-02-17T10:49:50+00:00","og_image":[{"width":2560,"height":1440,"url":"https:\/\/www.solidarnosc.org.pl\/elblag\/wp-content\/uploads\/2026\/02\/IMG_2196-scaled.jpeg","type":"image\/jpeg"}],"author":"Joanna","twitter_card":"summary_large_image","twitter_misc":{"Napisane przez":"Joanna","Szacowany czas czytania":"2 minuty"},"schema":{"@context":"https:\/\/schema.org","@graph":[{"@type":"Article","@id":"https:\/\/www.solidarnosc.org.pl\/elblag\/posiedzenie-zarzadu-regionu-elblaskiego-w-kwidzynie\/#article","isPartOf":{"@id":"https:\/\/www.solidarnosc.org.pl\/elblag\/posiedzenie-zarzadu-regionu-elblaskiego-w-kwidzynie\/"},"author":{"name":"Joanna","@id":"https:\/\/www.solidarnosc.org.pl\/elblag\/#\/schema\/person\/73ff52cd1aba148398fb5b1d6db75ca3"},"headline":"Posiedzenie Zarz\u0105du Regionu Elbl\u0105skiego w Kwidzynie","datePublished":"2026-02-17T10:49:49+00:00","dateModified":"2026-02-17T10:49:50+00:00","mainEntityOfPage":{"@id":"https:\/\/www.solidarnosc.org.pl\/elblag\/posiedzenie-zarzadu-regionu-elblaskiego-w-kwidzynie\/"},"wordCount":195,"commentCount":0,"publisher":{"@id":"https:\/\/www.solidarnosc.org.pl\/elblag\/#organization"},"image":{"@id":"https:\/\/www.solidarnosc.org.pl\/elblag\/posiedzenie-zarzadu-regionu-elblaskiego-w-kwidzynie\/#primaryimage"},"thumbnailUrl":"https:\/\/www.solidarnosc.org.pl\/elblag\/wp-content\/uploads\/2026\/02\/IMG_2196-scaled.jpeg","articleSection":["Aktualno\u015bci"],"inLanguage":"pl-PL","potentialAction":[{"@type":"CommentAction","name":"Comment","target":["https:\/\/www.solidarnosc.org.pl\/elblag\/posiedzenie-zarzadu-regionu-elblaskiego-w-kwidzynie\/#respond"]}]},{"@type":"WebPage","@id":"https:\/\/www.solidarnosc.org.pl\/elblag\/posiedzenie-zarzadu-regionu-elblaskiego-w-kwidzynie\/","url":"https:\/\/www.solidarnosc.org.pl\/elblag\/posiedzenie-zarzadu-regionu-elblaskiego-w-kwidzynie\/","name":"Posiedzenie Zarz\u0105du Regionu Elbl\u0105skiego w Kwidzynie - Solidarno\u015b\u0107 Region Elbl\u0105ski","isPartOf":{"@id":"https:\/\/www.solidarnosc.org.pl\/elblag\/#website"},"primaryImageOfPage":{"@id":"https:\/\/www.solidarnosc.org.pl\/elblag\/posiedzenie-zarzadu-regionu-elblaskiego-w-kwidzynie\/#primaryimage"},"image":{"@id":"https:\/\/www.solidarnosc.org.pl\/elblag\/posiedzenie-zarzadu-regionu-elblaskiego-w-kwidzynie\/#primaryimage"},"thumbnailUrl":"https:\/\/www.solidarnosc.org.pl\/elblag\/wp-content\/uploads\/2026\/02\/IMG_2196-scaled.jpeg","datePublished":"2026-02-17T10:49:49+00:00","dateModified":"2026-02-17T10:49:50+00:00","description":"W Kwidzynie w dniu dzisiejszym odby\u0142o si\u0119 posiedzenie Zarz\u0105du Regionu Elbl\u0105skiego NSZZ \u201eSolidarno\u015b\u0107\u201d.Podczas obrad dokonano podsumowania dzia\u0142alno\u015bci w 2025 roku, analizuj\u0105c najwa\u017cniejsze inicjatywy, osi\u0105gni\u0119cia oraz wyzwania, z kt\u00f3rymi mierzy\u0142 si\u0119 Region. Przedstawiono sprawozdania z bie\u017c\u0105cej dzia\u0142alno\u015bci oraz om\u00f3wiono sytuacj\u0119 w regionie i problemy z jakimi mierz\u0105 si\u0119 zak\u0142ady pracy.Istotnym elementem spotkania by\u0142a dyskusja nad planami i priorytetami na rok 2026. Przyj\u0119to uchwa\u0142\u0119 w sprawie zatwierdzenia preliminarza na 2026 rok. Cz\u0142onkowie Zarz\u0105du wyznaczyli kierunki dzia\u0142a\u0144, kt\u00f3re maj\u0105 na celu dalsze wzmacnianie pozycji Zwi\u0105zku, skuteczn\u0105 obron\u0119 praw pracowniczych oraz rozw\u00f3j struktur organizacyjnych w Regionie.W trakcie posiedzenia przyj\u0119to tak\u017ce uchwa\u0142\u0119 o powo\u0142aniu problemowej Sekcji M\u0142odych w Regionie. Przedstawiono r\u00f3wnie\u017c analizy dotycz\u0105ce ograniczenia \u015brodk\u00f3w na aktywizacj\u0119 zawodow\u0105 w latach 2025\u20132026 w powiatach: elbl\u0105skim, sztumskim, kwidzy\u0144skim i nowodworskim.Dzi\u0119kujemy wszystkim uczestnikom za merytoryczn\u0105 dyskusj\u0119 oraz zaanga\u017cowanie w dzia\u0142ania na rzecz pracownik\u00f3w i ca\u0142ej spo\u0142eczno\u015bci naszego Regionu.","breadcrumb":{"@id":"https:\/\/www.solidarnosc.org.pl\/elblag\/posiedzenie-zarzadu-regionu-elblaskiego-w-kwidzynie\/#breadcrumb"},"inLanguage":"pl-PL","potentialAction":[{"@type":"ReadAction","target":["https:\/\/www.solidarnosc.org.pl\/elblag\/posiedzenie-zarzadu-regionu-elblaskiego-w-kwidzynie\/"]}]},{"@type":"ImageObject","inLanguage":"pl-PL","@id":"https:\/\/www.solidarnosc.org.pl\/elblag\/posiedzenie-zarzadu-regionu-elblaskiego-w-kwidzynie\/#primaryimage","url":"https:\/\/www.solidarnosc.org.pl\/elblag\/wp-content\/uploads\/2026\/02\/IMG_2196-scaled.jpeg","contentUrl":"https:\/\/www.solidarnosc.org.pl\/elblag\/wp-content\/uploads\/2026\/02\/IMG_2196-scaled.jpeg","width":2560,"height":1440},{"@type":"BreadcrumbList","@id":"https:\/\/www.solidarnosc.org.pl\/elblag\/posiedzenie-zarzadu-regionu-elblaskiego-w-kwidzynie\/#breadcrumb","itemListElement":[{"@type":"ListItem","position":1,"name":"Home","item":"https:\/\/www.solidarnosc.org.pl\/elblag\/"},{"@type":"ListItem","position":2,"name":"Posiedzenie Zarz\u0105du Regionu Elbl\u0105skiego w Kwidzynie"}]},{"@type":"WebSite","@id":"https:\/\/www.solidarnosc.org.pl\/elblag\/#website","url":"https:\/\/www.solidarnosc.org.pl\/elblag\/","name":"Solidarno\u015b\u0107 Region Elbl\u0105ski","description":"","publisher":{"@id":"https:\/\/www.solidarnosc.org.pl\/elblag\/#organization"},"potentialAction":[{"@type":"SearchAction","target":{"@type":"EntryPoint","urlTemplate":"https:\/\/www.solidarnosc.org.pl\/elblag\/?s={search_term_string}"},"query-input":{"@type":"PropertyValueSpecification","valueRequired":true,"valueName":"search_term_string"}}],"inLanguage":"pl-PL"},{"@type":"Organization","@id":"https:\/\/www.solidarnosc.org.pl\/elblag\/#organization","name":"Solidarno\u015b\u0107 Region Elbl\u0105ski","url":"https:\/\/www.solidarnosc.org.pl\/elblag\/","logo":{"@type":"ImageObject","inLanguage":"pl-PL","@id":"https:\/\/www.solidarnosc.org.pl\/elblag\/#\/schema\/logo\/image\/","url":"https:\/\/www.solidarnosc.org.pl\/elblag\/wp-content\/uploads\/Plik_system\/Motyw\/Region.png","contentUrl":"https:\/\/www.solidarnosc.org.pl\/elblag\/wp-content\/uploads\/Plik_system\/Motyw\/Region.png","width":2200,"height":1300,"caption":"Solidarno\u015b\u0107 Region Elbl\u0105ski"},"image":{"@id":"https:\/\/www.solidarnosc.org.pl\/elblag\/#\/schema\/logo\/image\/"},"sameAs":["https:\/\/www.facebook.com\/RegionElblaskiNszzSolidarnosc"]},{"@type":"Person","@id":"https:\/\/www.solidarnosc.org.pl\/elblag\/#\/schema\/person\/73ff52cd1aba148398fb5b1d6db75ca3","name":"Joanna","image":{"@type":"ImageObject","inLanguage":"pl-PL","@id":"https:\/\/www.solidarnosc.org.pl\/elblag\/#\/schema\/person\/image\/","url":"https:\/\/secure.gravatar.com\/avatar\/6eb059203cecff508a10503b5311d55fda407e896806aaad53ea5346616834c6?s=96&d=mm&r=g","contentUrl":"https:\/\/secure.gravatar.com\/avatar\/6eb059203cecff508a10503b5311d55fda407e896806aaad53ea5346616834c6?s=96&d=mm&r=g","caption":"Joanna"},"url":"https:\/\/www.solidarnosc.org.pl\/elblag\/author\/joanna-admin\/"}]}},"uagb_featured_image_src":{"full":["https:\/\/www.solidarnosc.org.pl\/elblag\/wp-content\/uploads\/2026\/02\/IMG_2196-scaled.jpeg",2560,1440,false],"thumbnail":["https:\/\/www.solidarnosc.org.pl\/elblag\/wp-content\/uploads\/2026\/02\/IMG_2196-150x150.jpeg",150,150,true],"medium":["https:\/\/www.solidarnosc.org.pl\/elblag\/wp-content\/uploads\/2026\/02\/IMG_2196-300x169.jpeg",300,169,true],"medium_large":["https:\/\/www.solidarnosc.org.pl\/elblag\/wp-content\/uploads\/2026\/02\/IMG_2196-768x432.jpeg",768,432,true],"large":["https:\/\/www.solidarnosc.org.pl\/elblag\/wp-content\/uploads\/2026\/02\/IMG_2196-1024x576.jpeg",1024,576,true],"1536x1536":["https:\/\/www.solidarnosc.org.pl\/elblag\/wp-content\/uploads\/2026\/02\/IMG_2196-1536x864.jpeg",1536,864,true],"2048x2048":["https:\/\/www.solidarnosc.org.pl\/elblag\/wp-content\/uploads\/2026\/02\/IMG_2196-2048x1152.jpeg",2048,1152,true]},"uagb_author_info":{"display_name":"Joanna","author_link":"https:\/\/www.solidarnosc.org.pl\/elblag\/author\/joanna-admin\/"},"uagb_comment_info":0,"uagb_excerpt":"Posiedzenie Zarz\u0105du Regionu Elbl\u0105skiego w Kwidzynie W Kwidzynie w dniu dzisiejszym odby\u0142o si\u0119 posiedzenie Zarz\u0105du Regionu Elbl\u0105skiego NSZZ \u201eSolidarno\u015b\u0107\u201d. Podczas obrad dokonano podsumowania dzia\u0142alno\u015bci w 2025 roku, analizuj\u0105c najwa\u017cniejsze inicjatywy, osi\u0105gni\u0119cia oraz wyzwania, z kt\u00f3rymi mierzy\u0142 si\u0119 Region. Przedstawiono sprawozdania z bie\u017c\u0105cej dzia\u0142alno\u015bci oraz om\u00f3wiono sytuacj\u0119 w regionie i problemy z jakimi mierz\u0105 si\u0119 zak\u0142ady&hellip;","_links":{"self":[{"href":"https:\/\/www.solidarnosc.org.pl\/elblag\/wp-json\/wp\/v2\/posts\/3318","targetHints":{"allow":["GET"]}}],"collection":[{"href":"https:\/\/www.solidarnosc.org.pl\/elblag\/wp-json\/wp\/v2\/posts"}],"about":[{"href":"https:\/\/www.solidarnosc.org.pl\/elblag\/wp-json\/wp\/v2\/types\/post"}],"author":[{"embeddable":true,"href":"https:\/\/www.solidarnosc.org.pl\/elblag\/wp-json\/wp\/v2\/users\/5"}],"replies":[{"embeddable":true,"href":"https:\/\/www.solidarnosc.org.pl\/elblag\/wp-json\/wp\/v2\/comments?post=3318"}],"version-history":[{"count":1,"href":"https:\/\/www.solidarnosc.org.pl\/elblag\/wp-json\/wp\/v2\/posts\/3318\/revisions"}],"predecessor-version":[{"id":3320,"href":"https:\/\/www.solidarnosc.org.pl\/elblag\/wp-json\/wp\/v2\/posts\/3318\/revisions\/3320"}],"wp:featuredmedia":[{"embeddable":true,"href":"https:\/\/www.solidarnosc.org.pl\/elblag\/wp-json\/wp\/v2\/media\/3319"}],"wp:attachment":[{"href":"https:\/\/www.solidarnosc.org.pl\/elblag\/wp-json\/wp\/v2\/media?parent=3318"}],"wp:term":[{"taxonomy":"category","embeddable":true,"href":"https:\/\/www.solidarnosc.org.pl\/elblag\/wp-json\/wp\/v2\/categories?post=3318"},{"taxonomy":"post_tag","embeddable":true,"href":"https:\/\/www.solidarnosc.org.pl\/elblag\/wp-json\/wp\/v2\/tags?post=3318"}],"curies":[{"name":"wp","href":"https:\/\/api.w.org\/{rel}","templated":true}]}}