{"id":3312,"date":"2026-02-14T13:19:00","date_gmt":"2026-02-14T12:19:00","guid":{"rendered":"https:\/\/www.solidarnosc.org.pl\/elblag\/?p=3312"},"modified":"2026-02-17T10:23:30","modified_gmt":"2026-02-17T09:23:30","slug":"84-rocznica-powolania-armii-krajowej-14-lutego-1942-roku","status":"publish","type":"post","link":"https:\/\/www.solidarnosc.org.pl\/elblag\/84-rocznica-powolania-armii-krajowej-14-lutego-1942-roku\/","title":{"rendered":"84. rocznica powo\u0142ania Armii Krajowej &#8211; 14 lutego 1942 roku."},"content":{"rendered":"\n<h2 class=\"wp-block-heading has-palette-color-1-color has-text-color has-link-color wp-elements-30ea94e312701574abba0d690e9e8c92\">84. rocznica powo\u0142ania Armii Krajowej &#8211; 14 lutego 1942 roku.<\/h2>\n\n\n\n<ol start=\"84\" class=\"wp-block-list\">\n<li>rocznica powo\u0142ania Armii Krajowej &#8211; 14 lutego 1942 roku.<\/li>\n<\/ol>\n\n\n\n<p>Dzi\u015b obchodzimy Narodowy Dzie\u0144 Pami\u0119ci \u017bo\u0142nierzy Armii Krajowej -\u015bwi\u0119to po\u015bwi\u0119cone bohaterom, kt\u00f3rzy w czasie II wojny \u015bwiatowej walczyli o woln\u0105 i niepodleg\u0142\u0105 Polsk\u0119.<\/p>\n\n\n\n<p>Z tej okazji pod pomnikiem upami\u0119tniaj\u0105cym \u017co\u0142nierzy Armii Krajowej z\u0142o\u017cono kwiaty, oddaj\u0105c ho\u0142d ich odwadze, po\u015bwi\u0119ceniu i niez\u0142omnej postawie.<\/p>\n\n\n\n<p>Delegacja Regionu Elbl\u0105skiego NSZZ Solidarno\u015b\u0107 w sk\u0142adzie wiceprzewodnicz\u0105cych Jolanta Lisewska oraz Dariusz Czarnotta r\u00f3wnie\u017c z\u0142o\u017cy\u0142a kwiaty, wyra\u017caj\u0105c pami\u0119\u0107 i szacunek dla \u017co\u0142nierzy Polskiego Pa\u0144stwa Podziemnego.<\/p>\n\n\n\n<p>Cze\u015b\u0107 i chwa\u0142a Bohaterom.<\/p>\n\n\n\n<figure class=\"wp-block-gallery has-nested-images columns-default is-cropped has-lightbox wp-block-gallery-1 is-layout-flex wp-block-gallery-is-layout-flex\">\n<figure class=\"wp-block-image size-large\"><img loading=\"lazy\" decoding=\"async\" width=\"768\" height=\"1024\" data-id=\"3314\" src=\"https:\/\/www.solidarnosc.org.pl\/elblag\/wp-content\/uploads\/2026\/02\/IMG_2192-768x1024.jpeg\" alt=\"\" class=\"wp-image-3314\" srcset=\"https:\/\/www.solidarnosc.org.pl\/elblag\/wp-content\/uploads\/2026\/02\/IMG_2192-768x1024.jpeg 768w, https:\/\/www.solidarnosc.org.pl\/elblag\/wp-content\/uploads\/2026\/02\/IMG_2192-225x300.jpeg 225w, https:\/\/www.solidarnosc.org.pl\/elblag\/wp-content\/uploads\/2026\/02\/IMG_2192-1152x1536.jpeg 1152w, https:\/\/www.solidarnosc.org.pl\/elblag\/wp-content\/uploads\/2026\/02\/IMG_2192.jpeg 1200w\" sizes=\"auto, (max-width: 768px) 100vw, 768px\" \/><\/figure>\n\n\n\n<figure class=\"wp-block-image size-large\"><img loading=\"lazy\" decoding=\"async\" width=\"768\" height=\"1024\" data-id=\"3316\" src=\"https:\/\/www.solidarnosc.org.pl\/elblag\/wp-content\/uploads\/2026\/02\/IMG_2195-768x1024.jpeg\" alt=\"\" class=\"wp-image-3316\" srcset=\"https:\/\/www.solidarnosc.org.pl\/elblag\/wp-content\/uploads\/2026\/02\/IMG_2195-768x1024.jpeg 768w, https:\/\/www.solidarnosc.org.pl\/elblag\/wp-content\/uploads\/2026\/02\/IMG_2195-225x300.jpeg 225w, https:\/\/www.solidarnosc.org.pl\/elblag\/wp-content\/uploads\/2026\/02\/IMG_2195-1152x1536.jpeg 1152w, https:\/\/www.solidarnosc.org.pl\/elblag\/wp-content\/uploads\/2026\/02\/IMG_2195.jpeg 1200w\" sizes=\"auto, (max-width: 768px) 100vw, 768px\" \/><\/figure>\n\n\n\n<figure class=\"wp-block-image size-large\"><img loading=\"lazy\" decoding=\"async\" width=\"1024\" height=\"768\" data-id=\"3315\" src=\"https:\/\/www.solidarnosc.org.pl\/elblag\/wp-content\/uploads\/2026\/02\/IMG_2194-1024x768.jpeg\" alt=\"\" class=\"wp-image-3315\" srcset=\"https:\/\/www.solidarnosc.org.pl\/elblag\/wp-content\/uploads\/2026\/02\/IMG_2194-1024x768.jpeg 1024w, https:\/\/www.solidarnosc.org.pl\/elblag\/wp-content\/uploads\/2026\/02\/IMG_2194-300x225.jpeg 300w, https:\/\/www.solidarnosc.org.pl\/elblag\/wp-content\/uploads\/2026\/02\/IMG_2194-768x576.jpeg 768w, https:\/\/www.solidarnosc.org.pl\/elblag\/wp-content\/uploads\/2026\/02\/IMG_2194-1536x1152.jpeg 1536w, https:\/\/www.solidarnosc.org.pl\/elblag\/wp-content\/uploads\/2026\/02\/IMG_2194.jpeg 1600w\" sizes=\"auto, (max-width: 1024px) 100vw, 1024px\" \/><\/figure>\n\n\n\n<figure class=\"wp-block-image size-large\"><img loading=\"lazy\" decoding=\"async\" width=\"1024\" height=\"768\" data-id=\"3313\" src=\"https:\/\/www.solidarnosc.org.pl\/elblag\/wp-content\/uploads\/2026\/02\/IMG_2193-1024x768.jpeg\" alt=\"\" class=\"wp-image-3313\" srcset=\"https:\/\/www.solidarnosc.org.pl\/elblag\/wp-content\/uploads\/2026\/02\/IMG_2193-1024x768.jpeg 1024w, https:\/\/www.solidarnosc.org.pl\/elblag\/wp-content\/uploads\/2026\/02\/IMG_2193-300x225.jpeg 300w, https:\/\/www.solidarnosc.org.pl\/elblag\/wp-content\/uploads\/2026\/02\/IMG_2193-768x576.jpeg 768w, https:\/\/www.solidarnosc.org.pl\/elblag\/wp-content\/uploads\/2026\/02\/IMG_2193-1536x1152.jpeg 1536w, https:\/\/www.solidarnosc.org.pl\/elblag\/wp-content\/uploads\/2026\/02\/IMG_2193.jpeg 1600w\" sizes=\"auto, (max-width: 1024px) 100vw, 1024px\" \/><\/figure>\n<\/figure>\n","protected":false},"excerpt":{"rendered":"<p>84. rocznica powo\u0142ania Armii Krajowej &#8211; 14 lutego 1942 roku. Dzi\u015b obchodzimy Narodowy Dzie\u0144 Pami\u0119ci \u017bo\u0142nierzy Armii Krajowej -\u015bwi\u0119to po\u015bwi\u0119cone bohaterom, kt\u00f3rzy w czasie II wojny \u015bwiatowej walczyli o woln\u0105 i niepodleg\u0142\u0105 Polsk\u0119. Z tej okazji pod pomnikiem upami\u0119tniaj\u0105cym \u017co\u0142nierzy Armii Krajowej z\u0142o\u017cono kwiaty, oddaj\u0105c ho\u0142d ich odwadze, po\u015bwi\u0119ceniu i niez\u0142omnej postawie. Delegacja Regionu Elbl\u0105skiego [&hellip;]<\/p>\n","protected":false},"author":5,"featured_media":3313,"comment_status":"open","ping_status":"open","sticky":false,"template":"","format":"standard","meta":{"_coblocks_attr":"","_coblocks_dimensions":"","_coblocks_responsive_height":"","_coblocks_accordion_ie_support":"","_uag_custom_page_level_css":"","footnotes":""},"categories":[4],"tags":[],"class_list":["post-3312","post","type-post","status-publish","format-standard","has-post-thumbnail","hentry","category-aktualnosci"],"blocksy_meta":[],"gutentor_comment":0,"yoast_head":"<!-- This site is optimized with the Yoast SEO plugin v25.4 - https:\/\/yoast.com\/wordpress\/plugins\/seo\/ -->\n<title>84. rocznica powo\u0142ania Armii Krajowej - 14 lutego 1942 roku. - Solidarno\u015b\u0107 Region Elbl\u0105ski<\/title>\n<meta name=\"description\" content=\"Dzi\u015b obchodzimy Narodowy Dzie\u0144 Pami\u0119ci \u017bo\u0142nierzy Armii Krajowej -\u015bwi\u0119to po\u015bwi\u0119cone bohaterom, kt\u00f3rzy w czasie II wojny \u015bwiatowej walczyli o woln\u0105 i niepodleg\u0142\u0105 Polsk\u0119.Z tej okazji pod pomnikiem upami\u0119tniaj\u0105cym \u017co\u0142nierzy Armii Krajowej z\u0142o\u017cono kwiaty, oddaj\u0105c ho\u0142d ich odwadze, po\u015bwi\u0119ceniu i niez\u0142omnej postawie.Delegacja Regionu Elbl\u0105skiego NSZZ Solidarno\u015b\u0107 w sk\u0142adzie wiceprzewodnicz\u0105cych Jolanta Lisewska oraz Dariusz Czarnotta r\u00f3wnie\u017c z\u0142o\u017cy\u0142a kwiaty, wyra\u017caj\u0105c pami\u0119\u0107 i szacunek dla \u017co\u0142nierzy Polskiego Pa\u0144stwa Podziemnego.\" \/>\n<meta name=\"robots\" content=\"index, follow, max-snippet:-1, max-image-preview:large, max-video-preview:-1\" \/>\n<link rel=\"canonical\" href=\"https:\/\/www.solidarnosc.org.pl\/elblag\/84-rocznica-powolania-armii-krajowej-14-lutego-1942-roku\/\" \/>\n<meta property=\"og:locale\" content=\"pl_PL\" \/>\n<meta property=\"og:type\" content=\"article\" \/>\n<meta property=\"og:title\" content=\"84. rocznica powo\u0142ania Armii Krajowej - 14 lutego 1942 roku. - Solidarno\u015b\u0107 Region Elbl\u0105ski\" \/>\n<meta property=\"og:description\" content=\"Dzi\u015b obchodzimy Narodowy Dzie\u0144 Pami\u0119ci \u017bo\u0142nierzy Armii Krajowej -\u015bwi\u0119to po\u015bwi\u0119cone bohaterom, kt\u00f3rzy w czasie II wojny \u015bwiatowej walczyli o woln\u0105 i niepodleg\u0142\u0105 Polsk\u0119.Z tej okazji pod pomnikiem upami\u0119tniaj\u0105cym \u017co\u0142nierzy Armii Krajowej z\u0142o\u017cono kwiaty, oddaj\u0105c ho\u0142d ich odwadze, po\u015bwi\u0119ceniu i niez\u0142omnej postawie.Delegacja Regionu Elbl\u0105skiego NSZZ Solidarno\u015b\u0107 w sk\u0142adzie wiceprzewodnicz\u0105cych Jolanta Lisewska oraz Dariusz Czarnotta r\u00f3wnie\u017c z\u0142o\u017cy\u0142a kwiaty, wyra\u017caj\u0105c pami\u0119\u0107 i szacunek dla \u017co\u0142nierzy Polskiego Pa\u0144stwa Podziemnego.\" \/>\n<meta property=\"og:url\" content=\"https:\/\/www.solidarnosc.org.pl\/elblag\/84-rocznica-powolania-armii-krajowej-14-lutego-1942-roku\/\" \/>\n<meta property=\"og:site_name\" content=\"Solidarno\u015b\u0107 Region Elbl\u0105ski\" \/>\n<meta property=\"article:publisher\" content=\"https:\/\/www.facebook.com\/RegionElblaskiNszzSolidarnosc\" \/>\n<meta property=\"article:published_time\" content=\"2026-02-14T12:19:00+00:00\" \/>\n<meta property=\"article:modified_time\" content=\"2026-02-17T09:23:30+00:00\" \/>\n<meta property=\"og:image\" content=\"https:\/\/www.solidarnosc.org.pl\/elblag\/wp-content\/uploads\/2026\/02\/IMG_2193.jpeg\" \/>\n\t<meta property=\"og:image:width\" content=\"1600\" \/>\n\t<meta property=\"og:image:height\" content=\"1200\" \/>\n\t<meta property=\"og:image:type\" content=\"image\/jpeg\" \/>\n<meta name=\"author\" content=\"Joanna\" \/>\n<meta name=\"twitter:card\" content=\"summary_large_image\" \/>\n<meta name=\"twitter:label1\" content=\"Napisane przez\" \/>\n\t<meta name=\"twitter:data1\" content=\"Joanna\" \/>\n\t<meta name=\"twitter:label2\" content=\"Szacowany czas czytania\" \/>\n\t<meta name=\"twitter:data2\" content=\"2 minuty\" \/>\n<script type=\"application\/ld+json\" class=\"yoast-schema-graph\">{\"@context\":\"https:\/\/schema.org\",\"@graph\":[{\"@type\":\"Article\",\"@id\":\"https:\/\/www.solidarnosc.org.pl\/elblag\/84-rocznica-powolania-armii-krajowej-14-lutego-1942-roku\/#article\",\"isPartOf\":{\"@id\":\"https:\/\/www.solidarnosc.org.pl\/elblag\/84-rocznica-powolania-armii-krajowej-14-lutego-1942-roku\/\"},\"author\":{\"name\":\"Joanna\",\"@id\":\"https:\/\/www.solidarnosc.org.pl\/elblag\/#\/schema\/person\/73ff52cd1aba148398fb5b1d6db75ca3\"},\"headline\":\"84. rocznica powo\u0142ania Armii Krajowej &#8211; 14 lutego 1942 roku.\",\"datePublished\":\"2026-02-14T12:19:00+00:00\",\"dateModified\":\"2026-02-17T09:23:30+00:00\",\"mainEntityOfPage\":{\"@id\":\"https:\/\/www.solidarnosc.org.pl\/elblag\/84-rocznica-powolania-armii-krajowej-14-lutego-1942-roku\/\"},\"wordCount\":124,\"commentCount\":0,\"publisher\":{\"@id\":\"https:\/\/www.solidarnosc.org.pl\/elblag\/#organization\"},\"image\":{\"@id\":\"https:\/\/www.solidarnosc.org.pl\/elblag\/84-rocznica-powolania-armii-krajowej-14-lutego-1942-roku\/#primaryimage\"},\"thumbnailUrl\":\"https:\/\/www.solidarnosc.org.pl\/elblag\/wp-content\/uploads\/2026\/02\/IMG_2193.jpeg\",\"articleSection\":[\"Aktualno\u015bci\"],\"inLanguage\":\"pl-PL\",\"potentialAction\":[{\"@type\":\"CommentAction\",\"name\":\"Comment\",\"target\":[\"https:\/\/www.solidarnosc.org.pl\/elblag\/84-rocznica-powolania-armii-krajowej-14-lutego-1942-roku\/#respond\"]}]},{\"@type\":\"WebPage\",\"@id\":\"https:\/\/www.solidarnosc.org.pl\/elblag\/84-rocznica-powolania-armii-krajowej-14-lutego-1942-roku\/\",\"url\":\"https:\/\/www.solidarnosc.org.pl\/elblag\/84-rocznica-powolania-armii-krajowej-14-lutego-1942-roku\/\",\"name\":\"84. rocznica powo\u0142ania Armii Krajowej - 14 lutego 1942 roku. - Solidarno\u015b\u0107 Region Elbl\u0105ski\",\"isPartOf\":{\"@id\":\"https:\/\/www.solidarnosc.org.pl\/elblag\/#website\"},\"primaryImageOfPage\":{\"@id\":\"https:\/\/www.solidarnosc.org.pl\/elblag\/84-rocznica-powolania-armii-krajowej-14-lutego-1942-roku\/#primaryimage\"},\"image\":{\"@id\":\"https:\/\/www.solidarnosc.org.pl\/elblag\/84-rocznica-powolania-armii-krajowej-14-lutego-1942-roku\/#primaryimage\"},\"thumbnailUrl\":\"https:\/\/www.solidarnosc.org.pl\/elblag\/wp-content\/uploads\/2026\/02\/IMG_2193.jpeg\",\"datePublished\":\"2026-02-14T12:19:00+00:00\",\"dateModified\":\"2026-02-17T09:23:30+00:00\",\"description\":\"Dzi\u015b obchodzimy Narodowy Dzie\u0144 Pami\u0119ci \u017bo\u0142nierzy Armii Krajowej -\u015bwi\u0119to po\u015bwi\u0119cone bohaterom, kt\u00f3rzy w czasie II wojny \u015bwiatowej walczyli o woln\u0105 i niepodleg\u0142\u0105 Polsk\u0119.Z tej okazji pod pomnikiem upami\u0119tniaj\u0105cym \u017co\u0142nierzy Armii Krajowej z\u0142o\u017cono kwiaty, oddaj\u0105c ho\u0142d ich odwadze, po\u015bwi\u0119ceniu i niez\u0142omnej postawie.Delegacja Regionu Elbl\u0105skiego NSZZ Solidarno\u015b\u0107 w sk\u0142adzie wiceprzewodnicz\u0105cych Jolanta Lisewska oraz Dariusz Czarnotta r\u00f3wnie\u017c z\u0142o\u017cy\u0142a kwiaty, wyra\u017caj\u0105c pami\u0119\u0107 i szacunek dla \u017co\u0142nierzy Polskiego Pa\u0144stwa Podziemnego.\",\"breadcrumb\":{\"@id\":\"https:\/\/www.solidarnosc.org.pl\/elblag\/84-rocznica-powolania-armii-krajowej-14-lutego-1942-roku\/#breadcrumb\"},\"inLanguage\":\"pl-PL\",\"potentialAction\":[{\"@type\":\"ReadAction\",\"target\":[\"https:\/\/www.solidarnosc.org.pl\/elblag\/84-rocznica-powolania-armii-krajowej-14-lutego-1942-roku\/\"]}]},{\"@type\":\"ImageObject\",\"inLanguage\":\"pl-PL\",\"@id\":\"https:\/\/www.solidarnosc.org.pl\/elblag\/84-rocznica-powolania-armii-krajowej-14-lutego-1942-roku\/#primaryimage\",\"url\":\"https:\/\/www.solidarnosc.org.pl\/elblag\/wp-content\/uploads\/2026\/02\/IMG_2193.jpeg\",\"contentUrl\":\"https:\/\/www.solidarnosc.org.pl\/elblag\/wp-content\/uploads\/2026\/02\/IMG_2193.jpeg\",\"width\":1600,\"height\":1200},{\"@type\":\"BreadcrumbList\",\"@id\":\"https:\/\/www.solidarnosc.org.pl\/elblag\/84-rocznica-powolania-armii-krajowej-14-lutego-1942-roku\/#breadcrumb\",\"itemListElement\":[{\"@type\":\"ListItem\",\"position\":1,\"name\":\"Home\",\"item\":\"https:\/\/www.solidarnosc.org.pl\/elblag\/\"},{\"@type\":\"ListItem\",\"position\":2,\"name\":\"84. rocznica powo\u0142ania Armii Krajowej &#8211; 14 lutego 1942 roku.\"}]},{\"@type\":\"WebSite\",\"@id\":\"https:\/\/www.solidarnosc.org.pl\/elblag\/#website\",\"url\":\"https:\/\/www.solidarnosc.org.pl\/elblag\/\",\"name\":\"Solidarno\u015b\u0107 Region Elbl\u0105ski\",\"description\":\"\",\"publisher\":{\"@id\":\"https:\/\/www.solidarnosc.org.pl\/elblag\/#organization\"},\"potentialAction\":[{\"@type\":\"SearchAction\",\"target\":{\"@type\":\"EntryPoint\",\"urlTemplate\":\"https:\/\/www.solidarnosc.org.pl\/elblag\/?s={search_term_string}\"},\"query-input\":{\"@type\":\"PropertyValueSpecification\",\"valueRequired\":true,\"valueName\":\"search_term_string\"}}],\"inLanguage\":\"pl-PL\"},{\"@type\":\"Organization\",\"@id\":\"https:\/\/www.solidarnosc.org.pl\/elblag\/#organization\",\"name\":\"Solidarno\u015b\u0107 Region Elbl\u0105ski\",\"url\":\"https:\/\/www.solidarnosc.org.pl\/elblag\/\",\"logo\":{\"@type\":\"ImageObject\",\"inLanguage\":\"pl-PL\",\"@id\":\"https:\/\/www.solidarnosc.org.pl\/elblag\/#\/schema\/logo\/image\/\",\"url\":\"https:\/\/www.solidarnosc.org.pl\/elblag\/wp-content\/uploads\/Plik_system\/Motyw\/Region.png\",\"contentUrl\":\"https:\/\/www.solidarnosc.org.pl\/elblag\/wp-content\/uploads\/Plik_system\/Motyw\/Region.png\",\"width\":2200,\"height\":1300,\"caption\":\"Solidarno\u015b\u0107 Region Elbl\u0105ski\"},\"image\":{\"@id\":\"https:\/\/www.solidarnosc.org.pl\/elblag\/#\/schema\/logo\/image\/\"},\"sameAs\":[\"https:\/\/www.facebook.com\/RegionElblaskiNszzSolidarnosc\"]},{\"@type\":\"Person\",\"@id\":\"https:\/\/www.solidarnosc.org.pl\/elblag\/#\/schema\/person\/73ff52cd1aba148398fb5b1d6db75ca3\",\"name\":\"Joanna\",\"image\":{\"@type\":\"ImageObject\",\"inLanguage\":\"pl-PL\",\"@id\":\"https:\/\/www.solidarnosc.org.pl\/elblag\/#\/schema\/person\/image\/\",\"url\":\"https:\/\/secure.gravatar.com\/avatar\/6eb059203cecff508a10503b5311d55fda407e896806aaad53ea5346616834c6?s=96&d=mm&r=g\",\"contentUrl\":\"https:\/\/secure.gravatar.com\/avatar\/6eb059203cecff508a10503b5311d55fda407e896806aaad53ea5346616834c6?s=96&d=mm&r=g\",\"caption\":\"Joanna\"},\"url\":\"https:\/\/www.solidarnosc.org.pl\/elblag\/author\/joanna-admin\/\"}]}<\/script>\n<!-- \/ Yoast SEO plugin. -->","yoast_head_json":{"title":"84. rocznica powo\u0142ania Armii Krajowej - 14 lutego 1942 roku. - Solidarno\u015b\u0107 Region Elbl\u0105ski","description":"Dzi\u015b obchodzimy Narodowy Dzie\u0144 Pami\u0119ci \u017bo\u0142nierzy Armii Krajowej -\u015bwi\u0119to po\u015bwi\u0119cone bohaterom, kt\u00f3rzy w czasie II wojny \u015bwiatowej walczyli o woln\u0105 i niepodleg\u0142\u0105 Polsk\u0119.Z tej okazji pod pomnikiem upami\u0119tniaj\u0105cym \u017co\u0142nierzy Armii Krajowej z\u0142o\u017cono kwiaty, oddaj\u0105c ho\u0142d ich odwadze, po\u015bwi\u0119ceniu i niez\u0142omnej postawie.Delegacja Regionu Elbl\u0105skiego NSZZ Solidarno\u015b\u0107 w sk\u0142adzie wiceprzewodnicz\u0105cych Jolanta Lisewska oraz Dariusz Czarnotta r\u00f3wnie\u017c z\u0142o\u017cy\u0142a kwiaty, wyra\u017caj\u0105c pami\u0119\u0107 i szacunek dla \u017co\u0142nierzy Polskiego Pa\u0144stwa Podziemnego.","robots":{"index":"index","follow":"follow","max-snippet":"max-snippet:-1","max-image-preview":"max-image-preview:large","max-video-preview":"max-video-preview:-1"},"canonical":"https:\/\/www.solidarnosc.org.pl\/elblag\/84-rocznica-powolania-armii-krajowej-14-lutego-1942-roku\/","og_locale":"pl_PL","og_type":"article","og_title":"84. rocznica powo\u0142ania Armii Krajowej - 14 lutego 1942 roku. - Solidarno\u015b\u0107 Region Elbl\u0105ski","og_description":"Dzi\u015b obchodzimy Narodowy Dzie\u0144 Pami\u0119ci \u017bo\u0142nierzy Armii Krajowej -\u015bwi\u0119to po\u015bwi\u0119cone bohaterom, kt\u00f3rzy w czasie II wojny \u015bwiatowej walczyli o woln\u0105 i niepodleg\u0142\u0105 Polsk\u0119.Z tej okazji pod pomnikiem upami\u0119tniaj\u0105cym \u017co\u0142nierzy Armii Krajowej z\u0142o\u017cono kwiaty, oddaj\u0105c ho\u0142d ich odwadze, po\u015bwi\u0119ceniu i niez\u0142omnej postawie.Delegacja Regionu Elbl\u0105skiego NSZZ Solidarno\u015b\u0107 w sk\u0142adzie wiceprzewodnicz\u0105cych Jolanta Lisewska oraz Dariusz Czarnotta r\u00f3wnie\u017c z\u0142o\u017cy\u0142a kwiaty, wyra\u017caj\u0105c pami\u0119\u0107 i szacunek dla \u017co\u0142nierzy Polskiego Pa\u0144stwa Podziemnego.","og_url":"https:\/\/www.solidarnosc.org.pl\/elblag\/84-rocznica-powolania-armii-krajowej-14-lutego-1942-roku\/","og_site_name":"Solidarno\u015b\u0107 Region Elbl\u0105ski","article_publisher":"https:\/\/www.facebook.com\/RegionElblaskiNszzSolidarnosc","article_published_time":"2026-02-14T12:19:00+00:00","article_modified_time":"2026-02-17T09:23:30+00:00","og_image":[{"width":1600,"height":1200,"url":"https:\/\/www.solidarnosc.org.pl\/elblag\/wp-content\/uploads\/2026\/02\/IMG_2193.jpeg","type":"image\/jpeg"}],"author":"Joanna","twitter_card":"summary_large_image","twitter_misc":{"Napisane przez":"Joanna","Szacowany czas czytania":"2 minuty"},"schema":{"@context":"https:\/\/schema.org","@graph":[{"@type":"Article","@id":"https:\/\/www.solidarnosc.org.pl\/elblag\/84-rocznica-powolania-armii-krajowej-14-lutego-1942-roku\/#article","isPartOf":{"@id":"https:\/\/www.solidarnosc.org.pl\/elblag\/84-rocznica-powolania-armii-krajowej-14-lutego-1942-roku\/"},"author":{"name":"Joanna","@id":"https:\/\/www.solidarnosc.org.pl\/elblag\/#\/schema\/person\/73ff52cd1aba148398fb5b1d6db75ca3"},"headline":"84. rocznica powo\u0142ania Armii Krajowej &#8211; 14 lutego 1942 roku.","datePublished":"2026-02-14T12:19:00+00:00","dateModified":"2026-02-17T09:23:30+00:00","mainEntityOfPage":{"@id":"https:\/\/www.solidarnosc.org.pl\/elblag\/84-rocznica-powolania-armii-krajowej-14-lutego-1942-roku\/"},"wordCount":124,"commentCount":0,"publisher":{"@id":"https:\/\/www.solidarnosc.org.pl\/elblag\/#organization"},"image":{"@id":"https:\/\/www.solidarnosc.org.pl\/elblag\/84-rocznica-powolania-armii-krajowej-14-lutego-1942-roku\/#primaryimage"},"thumbnailUrl":"https:\/\/www.solidarnosc.org.pl\/elblag\/wp-content\/uploads\/2026\/02\/IMG_2193.jpeg","articleSection":["Aktualno\u015bci"],"inLanguage":"pl-PL","potentialAction":[{"@type":"CommentAction","name":"Comment","target":["https:\/\/www.solidarnosc.org.pl\/elblag\/84-rocznica-powolania-armii-krajowej-14-lutego-1942-roku\/#respond"]}]},{"@type":"WebPage","@id":"https:\/\/www.solidarnosc.org.pl\/elblag\/84-rocznica-powolania-armii-krajowej-14-lutego-1942-roku\/","url":"https:\/\/www.solidarnosc.org.pl\/elblag\/84-rocznica-powolania-armii-krajowej-14-lutego-1942-roku\/","name":"84. rocznica powo\u0142ania Armii Krajowej - 14 lutego 1942 roku. - Solidarno\u015b\u0107 Region Elbl\u0105ski","isPartOf":{"@id":"https:\/\/www.solidarnosc.org.pl\/elblag\/#website"},"primaryImageOfPage":{"@id":"https:\/\/www.solidarnosc.org.pl\/elblag\/84-rocznica-powolania-armii-krajowej-14-lutego-1942-roku\/#primaryimage"},"image":{"@id":"https:\/\/www.solidarnosc.org.pl\/elblag\/84-rocznica-powolania-armii-krajowej-14-lutego-1942-roku\/#primaryimage"},"thumbnailUrl":"https:\/\/www.solidarnosc.org.pl\/elblag\/wp-content\/uploads\/2026\/02\/IMG_2193.jpeg","datePublished":"2026-02-14T12:19:00+00:00","dateModified":"2026-02-17T09:23:30+00:00","description":"Dzi\u015b obchodzimy Narodowy Dzie\u0144 Pami\u0119ci \u017bo\u0142nierzy Armii Krajowej -\u015bwi\u0119to po\u015bwi\u0119cone bohaterom, kt\u00f3rzy w czasie II wojny \u015bwiatowej walczyli o woln\u0105 i niepodleg\u0142\u0105 Polsk\u0119.Z tej okazji pod pomnikiem upami\u0119tniaj\u0105cym \u017co\u0142nierzy Armii Krajowej z\u0142o\u017cono kwiaty, oddaj\u0105c ho\u0142d ich odwadze, po\u015bwi\u0119ceniu i niez\u0142omnej postawie.Delegacja Regionu Elbl\u0105skiego NSZZ Solidarno\u015b\u0107 w sk\u0142adzie wiceprzewodnicz\u0105cych Jolanta Lisewska oraz Dariusz Czarnotta r\u00f3wnie\u017c z\u0142o\u017cy\u0142a kwiaty, wyra\u017caj\u0105c pami\u0119\u0107 i szacunek dla \u017co\u0142nierzy Polskiego Pa\u0144stwa Podziemnego.","breadcrumb":{"@id":"https:\/\/www.solidarnosc.org.pl\/elblag\/84-rocznica-powolania-armii-krajowej-14-lutego-1942-roku\/#breadcrumb"},"inLanguage":"pl-PL","potentialAction":[{"@type":"ReadAction","target":["https:\/\/www.solidarnosc.org.pl\/elblag\/84-rocznica-powolania-armii-krajowej-14-lutego-1942-roku\/"]}]},{"@type":"ImageObject","inLanguage":"pl-PL","@id":"https:\/\/www.solidarnosc.org.pl\/elblag\/84-rocznica-powolania-armii-krajowej-14-lutego-1942-roku\/#primaryimage","url":"https:\/\/www.solidarnosc.org.pl\/elblag\/wp-content\/uploads\/2026\/02\/IMG_2193.jpeg","contentUrl":"https:\/\/www.solidarnosc.org.pl\/elblag\/wp-content\/uploads\/2026\/02\/IMG_2193.jpeg","width":1600,"height":1200},{"@type":"BreadcrumbList","@id":"https:\/\/www.solidarnosc.org.pl\/elblag\/84-rocznica-powolania-armii-krajowej-14-lutego-1942-roku\/#breadcrumb","itemListElement":[{"@type":"ListItem","position":1,"name":"Home","item":"https:\/\/www.solidarnosc.org.pl\/elblag\/"},{"@type":"ListItem","position":2,"name":"84. rocznica powo\u0142ania Armii Krajowej &#8211; 14 lutego 1942 roku."}]},{"@type":"WebSite","@id":"https:\/\/www.solidarnosc.org.pl\/elblag\/#website","url":"https:\/\/www.solidarnosc.org.pl\/elblag\/","name":"Solidarno\u015b\u0107 Region Elbl\u0105ski","description":"","publisher":{"@id":"https:\/\/www.solidarnosc.org.pl\/elblag\/#organization"},"potentialAction":[{"@type":"SearchAction","target":{"@type":"EntryPoint","urlTemplate":"https:\/\/www.solidarnosc.org.pl\/elblag\/?s={search_term_string}"},"query-input":{"@type":"PropertyValueSpecification","valueRequired":true,"valueName":"search_term_string"}}],"inLanguage":"pl-PL"},{"@type":"Organization","@id":"https:\/\/www.solidarnosc.org.pl\/elblag\/#organization","name":"Solidarno\u015b\u0107 Region Elbl\u0105ski","url":"https:\/\/www.solidarnosc.org.pl\/elblag\/","logo":{"@type":"ImageObject","inLanguage":"pl-PL","@id":"https:\/\/www.solidarnosc.org.pl\/elblag\/#\/schema\/logo\/image\/","url":"https:\/\/www.solidarnosc.org.pl\/elblag\/wp-content\/uploads\/Plik_system\/Motyw\/Region.png","contentUrl":"https:\/\/www.solidarnosc.org.pl\/elblag\/wp-content\/uploads\/Plik_system\/Motyw\/Region.png","width":2200,"height":1300,"caption":"Solidarno\u015b\u0107 Region Elbl\u0105ski"},"image":{"@id":"https:\/\/www.solidarnosc.org.pl\/elblag\/#\/schema\/logo\/image\/"},"sameAs":["https:\/\/www.facebook.com\/RegionElblaskiNszzSolidarnosc"]},{"@type":"Person","@id":"https:\/\/www.solidarnosc.org.pl\/elblag\/#\/schema\/person\/73ff52cd1aba148398fb5b1d6db75ca3","name":"Joanna","image":{"@type":"ImageObject","inLanguage":"pl-PL","@id":"https:\/\/www.solidarnosc.org.pl\/elblag\/#\/schema\/person\/image\/","url":"https:\/\/secure.gravatar.com\/avatar\/6eb059203cecff508a10503b5311d55fda407e896806aaad53ea5346616834c6?s=96&d=mm&r=g","contentUrl":"https:\/\/secure.gravatar.com\/avatar\/6eb059203cecff508a10503b5311d55fda407e896806aaad53ea5346616834c6?s=96&d=mm&r=g","caption":"Joanna"},"url":"https:\/\/www.solidarnosc.org.pl\/elblag\/author\/joanna-admin\/"}]}},"uagb_featured_image_src":{"full":["https:\/\/www.solidarnosc.org.pl\/elblag\/wp-content\/uploads\/2026\/02\/IMG_2193.jpeg",1600,1200,false],"thumbnail":["https:\/\/www.solidarnosc.org.pl\/elblag\/wp-content\/uploads\/2026\/02\/IMG_2193-150x150.jpeg",150,150,true],"medium":["https:\/\/www.solidarnosc.org.pl\/elblag\/wp-content\/uploads\/2026\/02\/IMG_2193-300x225.jpeg",300,225,true],"medium_large":["https:\/\/www.solidarnosc.org.pl\/elblag\/wp-content\/uploads\/2026\/02\/IMG_2193-768x576.jpeg",768,576,true],"large":["https:\/\/www.solidarnosc.org.pl\/elblag\/wp-content\/uploads\/2026\/02\/IMG_2193-1024x768.jpeg",1024,768,true],"1536x1536":["https:\/\/www.solidarnosc.org.pl\/elblag\/wp-content\/uploads\/2026\/02\/IMG_2193-1536x1152.jpeg",1536,1152,true],"2048x2048":["https:\/\/www.solidarnosc.org.pl\/elblag\/wp-content\/uploads\/2026\/02\/IMG_2193.jpeg",1600,1200,false]},"uagb_author_info":{"display_name":"Joanna","author_link":"https:\/\/www.solidarnosc.org.pl\/elblag\/author\/joanna-admin\/"},"uagb_comment_info":0,"uagb_excerpt":"84. rocznica powo\u0142ania Armii Krajowej &#8211; 14 lutego 1942 roku. Dzi\u015b obchodzimy Narodowy Dzie\u0144 Pami\u0119ci \u017bo\u0142nierzy Armii Krajowej -\u015bwi\u0119to po\u015bwi\u0119cone bohaterom, kt\u00f3rzy w czasie II wojny \u015bwiatowej walczyli o woln\u0105 i niepodleg\u0142\u0105 Polsk\u0119. Z tej okazji pod pomnikiem upami\u0119tniaj\u0105cym \u017co\u0142nierzy Armii Krajowej z\u0142o\u017cono kwiaty, oddaj\u0105c ho\u0142d ich odwadze, po\u015bwi\u0119ceniu i niez\u0142omnej postawie. Delegacja Regionu Elbl\u0105skiego&hellip;","_links":{"self":[{"href":"https:\/\/www.solidarnosc.org.pl\/elblag\/wp-json\/wp\/v2\/posts\/3312","targetHints":{"allow":["GET"]}}],"collection":[{"href":"https:\/\/www.solidarnosc.org.pl\/elblag\/wp-json\/wp\/v2\/posts"}],"about":[{"href":"https:\/\/www.solidarnosc.org.pl\/elblag\/wp-json\/wp\/v2\/types\/post"}],"author":[{"embeddable":true,"href":"https:\/\/www.solidarnosc.org.pl\/elblag\/wp-json\/wp\/v2\/users\/5"}],"replies":[{"embeddable":true,"href":"https:\/\/www.solidarnosc.org.pl\/elblag\/wp-json\/wp\/v2\/comments?post=3312"}],"version-history":[{"count":1,"href":"https:\/\/www.solidarnosc.org.pl\/elblag\/wp-json\/wp\/v2\/posts\/3312\/revisions"}],"predecessor-version":[{"id":3317,"href":"https:\/\/www.solidarnosc.org.pl\/elblag\/wp-json\/wp\/v2\/posts\/3312\/revisions\/3317"}],"wp:featuredmedia":[{"embeddable":true,"href":"https:\/\/www.solidarnosc.org.pl\/elblag\/wp-json\/wp\/v2\/media\/3313"}],"wp:attachment":[{"href":"https:\/\/www.solidarnosc.org.pl\/elblag\/wp-json\/wp\/v2\/media?parent=3312"}],"wp:term":[{"taxonomy":"category","embeddable":true,"href":"https:\/\/www.solidarnosc.org.pl\/elblag\/wp-json\/wp\/v2\/categories?post=3312"},{"taxonomy":"post_tag","embeddable":true,"href":"https:\/\/www.solidarnosc.org.pl\/elblag\/wp-json\/wp\/v2\/tags?post=3312"}],"curies":[{"name":"wp","href":"https:\/\/api.w.org\/{rel}","templated":true}]}}