{"id":3287,"date":"2026-02-03T11:27:37","date_gmt":"2026-02-03T10:27:37","guid":{"rendered":"https:\/\/www.solidarnosc.org.pl\/elblag\/?p=3287"},"modified":"2026-02-04T11:32:56","modified_gmt":"2026-02-04T10:32:56","slug":"druga-rozprawa-w-sprawie-pobicia-internowanych-w-kwidzynie-ciag-dlugiej-walki-o-prawde-i-sprawiedliwosc","status":"publish","type":"post","link":"https:\/\/www.solidarnosc.org.pl\/elblag\/druga-rozprawa-w-sprawie-pobicia-internowanych-w-kwidzynie-ciag-dlugiej-walki-o-prawde-i-sprawiedliwosc\/","title":{"rendered":"Druga rozprawa w sprawie pobicia internowanych w Kwidzynie \u2013 ci\u0105g d\u0142ugiej walki o prawd\u0119 i sprawiedliwo\u015b\u0107"},"content":{"rendered":"\n<h2 class=\"wp-block-heading has-palette-color-1-color has-text-color has-link-color wp-elements-23baef246c7869524855413925c4d08a\">Druga rozprawa w sprawie pobicia internowanych w Kwidzynie \u2013 ci\u0105g d\u0142ugiej walki o prawd\u0119 i sprawiedliwo\u015b\u0107<\/h2>\n\n\n\n<p>W \u015brod\u0119 3 lutego 2026 r. o godzinie 9:00 w S\u0105dzie Rejonowym w Kwidzynie odby\u0142a si\u0119 druga rozprawa w procesie, w kt\u00f3rym byli funkcjonariusze S\u0142u\u017cby Wi\u0119ziennej s\u0105 oskar\u017ceni o pobicie i zn\u0119canie si\u0119 nad internowanymi w stanie wojennym. Spraw\u0119 prowadzi s\u0119dzia Wojciech Zelma\u0144ski.<\/p>\n\n\n\n<figure class=\"wp-block-image size-large\"><img loading=\"lazy\" decoding=\"async\" width=\"1024\" height=\"576\" src=\"https:\/\/www.solidarnosc.org.pl\/elblag\/wp-content\/uploads\/2026\/02\/IMG_1819-1024x576.jpeg\" alt=\"\" class=\"wp-image-3288\" srcset=\"https:\/\/www.solidarnosc.org.pl\/elblag\/wp-content\/uploads\/2026\/02\/IMG_1819-1024x576.jpeg 1024w, https:\/\/www.solidarnosc.org.pl\/elblag\/wp-content\/uploads\/2026\/02\/IMG_1819-300x169.jpeg 300w, https:\/\/www.solidarnosc.org.pl\/elblag\/wp-content\/uploads\/2026\/02\/IMG_1819-768x432.jpeg 768w, https:\/\/www.solidarnosc.org.pl\/elblag\/wp-content\/uploads\/2026\/02\/IMG_1819-1536x864.jpeg 1536w, https:\/\/www.solidarnosc.org.pl\/elblag\/wp-content\/uploads\/2026\/02\/IMG_1819-2048x1152.jpeg 2048w\" sizes=\"auto, (max-width: 1024px) 100vw, 1024px\" \/><\/figure>\n\n\n\n<p>Przypomnijmy, \u017ce proces ten rozpocz\u0105\u0142 si\u0119 16 czerwca 2025 r. pierwsz\u0105 rozpraw\u0105, w kt\u00f3rej s\u0105d odrzuci\u0142 wniosek obrony o utajnienie post\u0119powania. Podczas tej pierwszej sesji strony przedstawi\u0142y swoje stanowiska, a prokurator Oddzia\u0142owej Komisji \u015acigania Zbrodni przeciwko Narodowi Polskiemu w Gda\u0144sku odczyta\u0142 akt oskar\u017cenia obejmuj\u0105cy by\u0142ych stra\u017cnik\u00f3w wi\u0119ziennych oskar\u017conych o brutalne pobicie i zn\u0119canie si\u0119 nad ponad stu internowanymi dzia\u0142aczami \u201eSolidarno\u015bci\u201d w O\u015brodku Odosobnienia w Kwidzynie 14 sierpnia 1982 r.&nbsp;&nbsp;<\/p>\n\n\n\n<p>To post\u0119powanie ma nie tylko wymiar prawny, ale przede wszystkim historyczny i moralny. Chodzi o wydarzenia, kt\u00f3re przez dziesi\u0119ciolecia pozostawa\u0142y bez konsekwencji dla sprawc\u00f3w, a dla ofiar by\u0142y traum\u0105 niesion\u0105 przez ca\u0142e \u017cycie.&nbsp;<\/p>\n\n\n\n<h3 class=\"wp-block-heading\">Stan zdrowia oskar\u017conych i proceduralne kontrowersje<\/h3>\n\n\n\n<p>Podczas drugiej rozprawy jeden z pe\u0142nomocnik\u00f3w obrony z\u0142o\u017cy\u0142 formalny wniosek o odroczenie post\u0119powania, uzasadniaj\u0105c go tym, \u017ce jej klient \u2013 jeden z oskar\u017conych \u2013 od dnia poprzedzaj\u0105cego rozpraw\u0119 przebywa w szpitalu. Obrona wskazywa\u0142a, \u017ce z uwagi na planowane przes\u0142uchanie oskar\u017conych, jego obecno\u015b\u0107 w sali jest konieczna, by m\u00f3g\u0142 z\u0142o\u017cy\u0107 wyja\u015bnienia.<\/p>\n\n\n\n<p>Prokurator stanowczo sprzeciwi\u0142 si\u0119 temu wnioskowi. Argumentowa\u0142, \u017ce przy tak licznej \u0142awie oskar\u017conych (proces dotyczy kilkudziesi\u0119ciu by\u0142ych funkcjonariuszy) trudno jest zapewni\u0107 pe\u0142n\u0105 frekwencj\u0119 i powtarzanie ka\u017cdej rozprawy z powodu nieobecno\u015bci pojedynczego oskar\u017conego znacz\u0105co wyd\u0142u\u017ca post\u0119powanie. Oskar\u017cyciele posi\u0142kowi tak\u017ce wyrazili znaczne niezadowolenie z ewentualnego przesuni\u0119cia terminu rozprawy, podkre\u015blaj\u0105c wag\u0119 historyczn\u0105 i spo\u0142ecznego znaczenia tej sprawy \u2013 ich zdaniem jej kontynuacja powinna przebiega\u0107 bez zb\u0119dnych op\u00f3\u017anie\u0144, a w przypadku nieobecno\u015bci oskar\u017conych s\u0105d powinien rozwa\u017cy\u0107 zastosowanie tymczasowego aresztowania.<\/p>\n\n\n\n<p>S\u0119dzia Zelma\u0144ski odrzuci\u0142 zar\u00f3wno wniosek o odroczenie rozprawy, jak i o tymczasowy areszt, argumentuj\u0105c, \u017ce zgodnie z art. 374 Kodeksu post\u0119powania karnego oskar\u017cony ma prawo, ale nie obowi\u0105zek bra\u0107 udzia\u0142u w rozprawie, a jego nieobecno\u015b\u0107 sama w sobie nie zaburza toku post\u0119powania.<\/p>\n\n\n\n<h3 class=\"wp-block-heading\">Ostre s\u0142owa obro\u0144cy \u2013 i reakcja pokrzywdzonych<\/h3>\n\n\n\n<p>W toku rozprawy jeden z obro\u0144c\u00f3w oskar\u017conych dopu\u015bci\u0142 si\u0119 wypowiedzi, kt\u00f3ra nie tylko wywo\u0142a\u0142a oburzenie na sali s\u0105dowej, ale tak\u017ce uderzy\u0142a w fundamenty elementarnej przyzwoito\u015bci. Stwierdzenie, \u017ce pokrzywdzeni kieruj\u0105 si\u0119 \u201eprawem vendetty i zemsty\u201d, a nie d\u0105\u017ceniem do sprawiedliwo\u015bci, by\u0142o pr\u00f3b\u0105 przerzucenia odpowiedzialno\u015bci z oskar\u017conych na ofiary \u2013 sprawa dotyczy ludzi, kt\u00f3rzy zostali brutalnie pobici, upokorzeni i okaleczeni przez aparat represji pa\u0144stwa komunistycznego. Tego rodzaju narracja jest nie tylko g\u0142\u0119boko krzywdz\u0105ca, ale wr\u0119cz cyniczna. Oskar\u017canie ofiar o \u017c\u0105dz\u0119 zemsty w sytuacji, gdy przez dziesi\u0119ciolecia nie doczeka\u0142y si\u0119 one \u017cadnej odpowiedzialno\u015bci sprawc\u00f3w, stanowi moralne nadu\u017cycie. Poszkodowani nie domagaj\u0105 si\u0119 odwetu \u2013 domagaj\u0105 si\u0119 prawdy, uznania winy i sprawiedliwo\u015bci, kt\u00f3ra w normalnym pa\u0144stwie prawa powinna by\u0107 oczywisto\u015bci\u0105, a nie przedmiotem szyderczej insynuacji.<\/p>\n\n\n\n<p>S\u0142owa obro\u0144cy brutalnie umniejszaj\u0105 cierpienie ofiar, z kt\u00f3rych wiele do dzi\u015b zmaga si\u0119 z konsekwencjami fizycznymi i psychicznymi doznanych uraz\u00f3w. To nie jest abstrakcyjny sp\u00f3r prawny \u2013 to realne ludzkie dramaty. Sugestia, \u017ce osoby te kieruj\u0105 si\u0119 zemst\u0105, jest pr\u00f3b\u0105 zdyskredytowania ich \u015bwiadectw i odebrania im moralnej legitymacji do dochodzenia swoich praw.<\/p>\n\n\n\n<p>Co wi\u0119cej, taka wypowied\u017a wpisuje si\u0119 w znany od lat schemat obrony sprawc\u00f3w zbrodni komunistycznych: rozmywanie odpowiedzialno\u015bci, relatywizowanie winy i atakowanie tych, kt\u00f3rzy maj\u0105 odwag\u0119 m\u00f3wi\u0107 o doznanej krzywdzie. To strategia obliczona na zm\u0119czenie opinii publicznej i dalsze przeci\u0105ganie sprawy w czasie \u2013 kosztem prawdy i godno\u015bci ofiar.<\/p>\n\n\n\n<p>W demokratycznym pa\u0144stwie prawa to nie ofiary musz\u0105 si\u0119 t\u0142umaczy\u0107 z tego, \u017ce domagaj\u0105 si\u0119 sprawiedliwo\u015bci. To sprawcy \u2013 i ci, kt\u00f3rzy ich broni\u0105 \u2013 powinni zmierzy\u0107 si\u0119 z faktami, dowodami i odpowiedzialno\u015bci\u0105 za czyny, kt\u00f3re nigdy nie powinny pozosta\u0107 bezkarne.<\/p>\n\n\n\n<h3 class=\"wp-block-heading\">Wniosek o ci\u0105g\u0142o\u015b\u0107 rozpatrywania sprawy<\/h3>\n\n\n\n<p>Poszkodowani, wnie\u015bli o zachowanie ci\u0105g\u0142o\u015bci rozpatrywania sprawy. Podkre\u015blili, \u017ce post\u0119powanie ci\u0105gnie si\u0119 od lat, pozostawiaj\u0105c sprawc\u00f3w tej komunistycznej zbrodni bezkarnymi. Do dzi\u015b nikt nie poni\u00f3s\u0142 realnych konsekwencji za pobicia i drastyczne traktowanie internowanych \u2013 co jest nie do pogodzenia z poczuciem sprawiedliwo\u015bci i pa\u0144stwem prawa. Prokurator popar\u0142 ten wniosek, zaznaczaj\u0105c, \u017ce rozprawy w tej sprawie powinny odbywa\u0107 si\u0119 co najmniej raz w tygodniu, w\u0142a\u015bnie ze wzgl\u0119du na jej wyj\u0105tkow\u0105 wag\u0119 historyczn\u0105 i spo\u0142eczn\u0105.<\/p>\n\n\n\n<h3 class=\"wp-block-heading\">\u201eNic nie widzieli\u015bmy, nic nie s\u0142yszeli\u015bmy\u201d<\/h3>\n\n\n\n<p>Podczas przes\u0142ucha\u0144 oskar\u017ceni prezentowali niemal identyczn\u0105 lini\u0119 obrony. Jak jeden m\u0105\u017c twierdzili, \u017ce nic nie widzieli, nic nie s\u0142yszeli, a wielu zas\u0142ania\u0142o si\u0119 niepami\u0119ci\u0105. Pami\u0119taj\u0105 dok\u0142adnie, \u017ce w tamtym dniu zostali wezwani \u2013 na przyk\u0142ad ze Sztumu do Kwidzyna. Pami\u0119taj\u0105, gdzie pe\u0142nili s\u0142u\u017cb\u0119 i \u017ce na miejscu dowiadywali si\u0119, dok\u0105d s\u0105 kierowani. Twierdz\u0105, \u017ce ich zadaniem mia\u0142o by\u0107 jedynie doprowadzanie internowanych na przes\u0142uchania.<\/p>\n\n\n\n<p>Nie pami\u0119taj\u0105 jednak, co dzia\u0142o si\u0119 z internowanymi. Nie pami\u0119taj\u0105 krzyk\u00f3w, przemocy, bicia. O ca\u0142ej sprawie \u2013 jak twierdz\u0105 \u2013 mieli dowiedzie\u0107 si\u0119 dopiero z p\u00f3\u017aniejszych wezwa\u0144. \u017baden z oskar\u017conych nie przyzna\u0142 si\u0119 do winy ani nie wyrazi\u0142 skruchy.<\/p>\n\n\n\n<p>Pozostaje wi\u0119c pytanie, kt\u00f3re wisi nad t\u0105 sal\u0105 s\u0105dow\u0105 jak ci\u0119\u017cki cie\u0144: sk\u0105d w takim razie wzi\u0119\u0142y si\u0119 drastyczne obra\u017cenia u internowanych? Sk\u0105d siniaki, z\u0142amania, \u015blady brutalnego traktowania? One nie s\u0105 kwesti\u0105 \u201eniepami\u0119ci\u201d. One s\u0105 faktem.<\/p>\n\n\n\n<h3 class=\"wp-block-heading\">Akt oskar\u017cenia \u2013 opis przemocy, kt\u00f3rej nie da si\u0119 wymaza\u0107 \u201eniepami\u0119ci\u0105\u201d<\/h3>\n\n\n\n<p>Akt oskar\u017cenia, odczytany przez prokuratora Oddzia\u0142owej Komisji \u015acigania Zbrodni przeciwko Narodowi Polskiemu w Gda\u0144sku, nie pozostawia w\u0105tpliwo\u015bci co do charakteru wydarze\u0144 z 14 sierpnia 1982 r. Wskazuje on, \u017ce oskar\u017ceni \u2013 funkcjonariusze S\u0142u\u017cby Wi\u0119ziennej oraz funkcjonariusze skierowani do Kwidzyna z innych jednostek \u2013 dzia\u0142aj\u0105c wsp\u00f3lnie i w porozumieniu, dopu\u015bcili si\u0119 brutalnego pobicia i zn\u0119cania si\u0119 fizycznego oraz psychicznego nad internowanymi dzia\u0142aczami \u201eSolidarno\u015bci\u201d, pozbawionymi mo\u017cliwo\u015bci obrony.<\/p>\n\n\n\n<p>Z aktu oskar\u017cenia wynika, \u017ce internowani byli bici pa\u0142kami szturmowymi, kopani, zmuszani do d\u0142ugotrwa\u0142ego le\u017cenia twarz\u0105 do ziemi, obra\u017cani i zastraszani. Przemoc mia\u0142a charakter odwetowy i represyjny. Poszkodowani doznali licznych obra\u017ce\u0144 cia\u0142a, w tym powa\u017cnych uraz\u00f3w wymagaj\u0105cych pomocy medycznej. Prokuratura jednoznacznie kwalifikuje te czyny jako zbrodni\u0119 komunistyczn\u0105, podkre\u015blaj\u0105c, \u017ce by\u0142y one elementem systemowych represji aparatu w\u0142adzy PRL wobec opozycji demokratycznej. Akt oskar\u017cenia obala tez\u0119 o \u201echaosie\u201d czy \u201eniekontrolowanych zdarzeniach\u201d \u2013 wskazuje na zorganizowan\u0105, zaplanowan\u0105 i masow\u0105 przemoc wobec ponad stu internowanych os\u00f3b.<\/p>\n\n\n\n<p>W tym kontek\u015bcie twierdzenia oskar\u017conych, \u017ce \u201enic nie widzieli\u201d i \u201enic nie s\u0142yszeli\u201d, jawi\u0105 si\u0119 nie tylko jako linia obrony, lecz jako pr\u00f3ba zaprzeczenia faktom udokumentowanym w materiale dowodowym i relacjach ofiar.<\/p>\n\n\n\n<h3 class=\"wp-block-heading\">\u201eSprawa kwidzy\u0144ska\u201d \u2013 ksi\u0105\u017cka jako \u015bwiadectwo i dow\u00f3d<\/h3>\n\n\n\n<p>Istotnym i symbolicznym elementem drugiej rozprawy by\u0142 wniosek oskar\u017cycieli posi\u0142kowych o dopuszczenie jako dowodu w sprawie ksi\u0105\u017cki pt. \u201eSprawa kwidzy\u0144ska\u201d, autorstwa Karol Nawrocki, obecnego Prezydenta Rzeczypospolitej Polskiej. Publikacja Sprawa kwidzy\u0144ska jest jedn\u0105 z najwa\u017cniejszych prac dokumentuj\u0105cych brutaln\u0105 pacyfikacj\u0119 internowanych w Kwidzynie. Autor, opieraj\u0105c si\u0119 na relacjach \u015bwiadk\u00f3w, dokumentach archiwalnych i materia\u0142ach IPN, szczeg\u00f3\u0142owo opisuje mechanizmy represji, skal\u0119 przemocy oraz wieloletnie pr\u00f3by zamiatania tej sprawy pod dywan.<\/p>\n\n\n\n<p>Wniosek o w\u0142\u0105czenie ksi\u0105\u017cki do materia\u0142u dowodowego ma wymiar nie tylko procesowy, ale r\u00f3wnie\u017c symboliczny. To wyra\u017any sygna\u0142, \u017ce historia, rzetelnie opisana i udokumentowana, nie mo\u017ce by\u0107 ignorowana przez wymiar sprawiedliwo\u015bci, a pami\u0119\u0107 ofiar znajduje swoje potwierdzenie tak\u017ce w badaniach naukowych i publikacjach historycznych.<\/p>\n\n\n\n<p>Jak podkre\u015blali oskar\u017cyciele posi\u0142kowi, \u201eSprawa kwidzy\u0144ska\u201d to nie publicystyka, lecz \u015bwiadectwo epoki, kt\u00f3re powinno sta\u0107 si\u0119 elementem szerszego obrazu dowodowego tej sprawy. To tak\u017ce ksi\u0105\u017cka, z kt\u00f3r\u0105 powinni zapozna\u0107 si\u0119 wszyscy, dla kt\u00f3rych wa\u017cne jest rozliczenie zbrodni komunizmu i obrona godno\u015bci ofiar.<\/p>\n\n\n\n<h3 class=\"wp-block-heading\">Sprawa, kt\u00f3ra musi doczeka\u0107 si\u0119 fina\u0142u<\/h3>\n\n\n\n<p>Dla NSZZ \u201eSolidarno\u015b\u0107\u201d Regionu Elbl\u0105skiego proces ten nie jest tylko jednym z wielu post\u0119powa\u0144 karnych. Jest sprawdzianem dla pa\u0144stwa polskiego, czy po ponad czterdziestu latach potrafi jasno powiedzie\u0107, \u017ce przemoc wobec internowanych by\u0142a zbrodni\u0105, a jej sprawcy nie mog\u0105 zas\u0142ania\u0107 si\u0119 up\u0142ywem czasu ani zbiorow\u0105 amnezj\u0105.<\/p>\n\n\n\n<p>\u201eSprawa kwidzy\u0144ska\u201d powinna sta\u0107 si\u0119 elementem powszechnej \u015bwiadomo\u015bci historycznej \u2013 nie jako zamkni\u0119ty rozdzia\u0142, lecz jako ostrze\u017cenie przed bezkarno\u015bci\u0105 w\u0142adzy i relatywizacj\u0105 z\u0142a. Ta sprawa musi doczeka\u0107 si\u0119 sprawiedliwo\u015bci. Dla ofiar. Dla prawdy. Dla historii.<\/p>\n\n\n\n<p><\/p>\n","protected":false},"excerpt":{"rendered":"<p>Druga rozprawa w sprawie pobicia internowanych w Kwidzynie \u2013 ci\u0105g d\u0142ugiej walki o prawd\u0119 i sprawiedliwo\u015b\u0107 W \u015brod\u0119 3 lutego 2026 r. o godzinie 9:00 w S\u0105dzie Rejonowym w Kwidzynie odby\u0142a si\u0119 druga rozprawa w procesie, w kt\u00f3rym byli funkcjonariusze S\u0142u\u017cby Wi\u0119ziennej s\u0105 oskar\u017ceni o pobicie i zn\u0119canie si\u0119 nad internowanymi w stanie wojennym. Spraw\u0119 [&hellip;]<\/p>\n","protected":false},"author":5,"featured_media":3288,"comment_status":"open","ping_status":"open","sticky":false,"template":"","format":"standard","meta":{"_coblocks_attr":"","_coblocks_dimensions":"","_coblocks_responsive_height":"","_coblocks_accordion_ie_support":"","_uag_custom_page_level_css":"","footnotes":""},"categories":[4],"tags":[],"class_list":["post-3287","post","type-post","status-publish","format-standard","has-post-thumbnail","hentry","category-aktualnosci"],"blocksy_meta":[],"gutentor_comment":0,"yoast_head":"<!-- This site is optimized with the Yoast SEO plugin v25.4 - https:\/\/yoast.com\/wordpress\/plugins\/seo\/ -->\n<title>Druga rozprawa w sprawie pobicia internowanych w Kwidzynie \u2013 ci\u0105g d\u0142ugiej walki o prawd\u0119 i sprawiedliwo\u015b\u0107 - Solidarno\u015b\u0107 Region Elbl\u0105ski<\/title>\n<meta name=\"description\" content=\"W \u015brod\u0119 3 lutego 2026 r. o godzinie 9:00 w S\u0105dzie Rejonowym w Kwidzynie odby\u0142a si\u0119 druga rozprawa w procesie, w kt\u00f3rym byli funkcjonariusze S\u0142u\u017cby Wi\u0119ziennej s\u0105 oskar\u017ceni o pobicie i zn\u0119canie si\u0119 nad internowanymi w stanie wojennym.\" \/>\n<meta name=\"robots\" content=\"index, follow, max-snippet:-1, max-image-preview:large, max-video-preview:-1\" \/>\n<link rel=\"canonical\" href=\"https:\/\/www.solidarnosc.org.pl\/elblag\/druga-rozprawa-w-sprawie-pobicia-internowanych-w-kwidzynie-ciag-dlugiej-walki-o-prawde-i-sprawiedliwosc\/\" \/>\n<meta property=\"og:locale\" content=\"pl_PL\" \/>\n<meta property=\"og:type\" content=\"article\" \/>\n<meta property=\"og:title\" content=\"Druga rozprawa w sprawie pobicia internowanych w Kwidzynie \u2013 ci\u0105g d\u0142ugiej walki o prawd\u0119 i sprawiedliwo\u015b\u0107 - Solidarno\u015b\u0107 Region Elbl\u0105ski\" \/>\n<meta property=\"og:description\" content=\"W \u015brod\u0119 3 lutego 2026 r. o godzinie 9:00 w S\u0105dzie Rejonowym w Kwidzynie odby\u0142a si\u0119 druga rozprawa w procesie, w kt\u00f3rym byli funkcjonariusze S\u0142u\u017cby Wi\u0119ziennej s\u0105 oskar\u017ceni o pobicie i zn\u0119canie si\u0119 nad internowanymi w stanie wojennym.\" \/>\n<meta property=\"og:url\" content=\"https:\/\/www.solidarnosc.org.pl\/elblag\/druga-rozprawa-w-sprawie-pobicia-internowanych-w-kwidzynie-ciag-dlugiej-walki-o-prawde-i-sprawiedliwosc\/\" \/>\n<meta property=\"og:site_name\" content=\"Solidarno\u015b\u0107 Region Elbl\u0105ski\" \/>\n<meta property=\"article:publisher\" content=\"https:\/\/www.facebook.com\/RegionElblaskiNszzSolidarnosc\" \/>\n<meta property=\"article:published_time\" content=\"2026-02-03T10:27:37+00:00\" \/>\n<meta property=\"article:modified_time\" content=\"2026-02-04T10:32:56+00:00\" \/>\n<meta property=\"og:image\" content=\"https:\/\/www.solidarnosc.org.pl\/elblag\/wp-content\/uploads\/2026\/02\/IMG_1819-scaled.jpeg\" \/>\n\t<meta property=\"og:image:width\" content=\"2560\" \/>\n\t<meta property=\"og:image:height\" content=\"1440\" \/>\n\t<meta property=\"og:image:type\" content=\"image\/jpeg\" \/>\n<meta name=\"author\" content=\"Joanna\" \/>\n<meta name=\"twitter:card\" content=\"summary_large_image\" \/>\n<meta name=\"twitter:label1\" content=\"Napisane przez\" \/>\n\t<meta name=\"twitter:data1\" content=\"Joanna\" \/>\n\t<meta name=\"twitter:label2\" content=\"Szacowany czas czytania\" \/>\n\t<meta name=\"twitter:data2\" content=\"8 minut\" \/>\n<script type=\"application\/ld+json\" class=\"yoast-schema-graph\">{\"@context\":\"https:\/\/schema.org\",\"@graph\":[{\"@type\":\"Article\",\"@id\":\"https:\/\/www.solidarnosc.org.pl\/elblag\/druga-rozprawa-w-sprawie-pobicia-internowanych-w-kwidzynie-ciag-dlugiej-walki-o-prawde-i-sprawiedliwosc\/#article\",\"isPartOf\":{\"@id\":\"https:\/\/www.solidarnosc.org.pl\/elblag\/druga-rozprawa-w-sprawie-pobicia-internowanych-w-kwidzynie-ciag-dlugiej-walki-o-prawde-i-sprawiedliwosc\/\"},\"author\":{\"name\":\"Joanna\",\"@id\":\"https:\/\/www.solidarnosc.org.pl\/elblag\/#\/schema\/person\/73ff52cd1aba148398fb5b1d6db75ca3\"},\"headline\":\"Druga rozprawa w sprawie pobicia internowanych w Kwidzynie \u2013 ci\u0105g d\u0142ugiej walki o prawd\u0119 i sprawiedliwo\u015b\u0107\",\"datePublished\":\"2026-02-03T10:27:37+00:00\",\"dateModified\":\"2026-02-04T10:32:56+00:00\",\"mainEntityOfPage\":{\"@id\":\"https:\/\/www.solidarnosc.org.pl\/elblag\/druga-rozprawa-w-sprawie-pobicia-internowanych-w-kwidzynie-ciag-dlugiej-walki-o-prawde-i-sprawiedliwosc\/\"},\"wordCount\":1538,\"commentCount\":0,\"publisher\":{\"@id\":\"https:\/\/www.solidarnosc.org.pl\/elblag\/#organization\"},\"image\":{\"@id\":\"https:\/\/www.solidarnosc.org.pl\/elblag\/druga-rozprawa-w-sprawie-pobicia-internowanych-w-kwidzynie-ciag-dlugiej-walki-o-prawde-i-sprawiedliwosc\/#primaryimage\"},\"thumbnailUrl\":\"https:\/\/www.solidarnosc.org.pl\/elblag\/wp-content\/uploads\/2026\/02\/IMG_1819-scaled.jpeg\",\"articleSection\":[\"Aktualno\u015bci\"],\"inLanguage\":\"pl-PL\",\"potentialAction\":[{\"@type\":\"CommentAction\",\"name\":\"Comment\",\"target\":[\"https:\/\/www.solidarnosc.org.pl\/elblag\/druga-rozprawa-w-sprawie-pobicia-internowanych-w-kwidzynie-ciag-dlugiej-walki-o-prawde-i-sprawiedliwosc\/#respond\"]}]},{\"@type\":\"WebPage\",\"@id\":\"https:\/\/www.solidarnosc.org.pl\/elblag\/druga-rozprawa-w-sprawie-pobicia-internowanych-w-kwidzynie-ciag-dlugiej-walki-o-prawde-i-sprawiedliwosc\/\",\"url\":\"https:\/\/www.solidarnosc.org.pl\/elblag\/druga-rozprawa-w-sprawie-pobicia-internowanych-w-kwidzynie-ciag-dlugiej-walki-o-prawde-i-sprawiedliwosc\/\",\"name\":\"Druga rozprawa w sprawie pobicia internowanych w Kwidzynie \u2013 ci\u0105g d\u0142ugiej walki o prawd\u0119 i sprawiedliwo\u015b\u0107 - Solidarno\u015b\u0107 Region Elbl\u0105ski\",\"isPartOf\":{\"@id\":\"https:\/\/www.solidarnosc.org.pl\/elblag\/#website\"},\"primaryImageOfPage\":{\"@id\":\"https:\/\/www.solidarnosc.org.pl\/elblag\/druga-rozprawa-w-sprawie-pobicia-internowanych-w-kwidzynie-ciag-dlugiej-walki-o-prawde-i-sprawiedliwosc\/#primaryimage\"},\"image\":{\"@id\":\"https:\/\/www.solidarnosc.org.pl\/elblag\/druga-rozprawa-w-sprawie-pobicia-internowanych-w-kwidzynie-ciag-dlugiej-walki-o-prawde-i-sprawiedliwosc\/#primaryimage\"},\"thumbnailUrl\":\"https:\/\/www.solidarnosc.org.pl\/elblag\/wp-content\/uploads\/2026\/02\/IMG_1819-scaled.jpeg\",\"datePublished\":\"2026-02-03T10:27:37+00:00\",\"dateModified\":\"2026-02-04T10:32:56+00:00\",\"description\":\"W \u015brod\u0119 3 lutego 2026 r. o godzinie 9:00 w S\u0105dzie Rejonowym w Kwidzynie odby\u0142a si\u0119 druga rozprawa w procesie, w kt\u00f3rym byli funkcjonariusze S\u0142u\u017cby Wi\u0119ziennej s\u0105 oskar\u017ceni o pobicie i zn\u0119canie si\u0119 nad internowanymi w stanie wojennym.\",\"breadcrumb\":{\"@id\":\"https:\/\/www.solidarnosc.org.pl\/elblag\/druga-rozprawa-w-sprawie-pobicia-internowanych-w-kwidzynie-ciag-dlugiej-walki-o-prawde-i-sprawiedliwosc\/#breadcrumb\"},\"inLanguage\":\"pl-PL\",\"potentialAction\":[{\"@type\":\"ReadAction\",\"target\":[\"https:\/\/www.solidarnosc.org.pl\/elblag\/druga-rozprawa-w-sprawie-pobicia-internowanych-w-kwidzynie-ciag-dlugiej-walki-o-prawde-i-sprawiedliwosc\/\"]}]},{\"@type\":\"ImageObject\",\"inLanguage\":\"pl-PL\",\"@id\":\"https:\/\/www.solidarnosc.org.pl\/elblag\/druga-rozprawa-w-sprawie-pobicia-internowanych-w-kwidzynie-ciag-dlugiej-walki-o-prawde-i-sprawiedliwosc\/#primaryimage\",\"url\":\"https:\/\/www.solidarnosc.org.pl\/elblag\/wp-content\/uploads\/2026\/02\/IMG_1819-scaled.jpeg\",\"contentUrl\":\"https:\/\/www.solidarnosc.org.pl\/elblag\/wp-content\/uploads\/2026\/02\/IMG_1819-scaled.jpeg\",\"width\":2560,\"height\":1440},{\"@type\":\"BreadcrumbList\",\"@id\":\"https:\/\/www.solidarnosc.org.pl\/elblag\/druga-rozprawa-w-sprawie-pobicia-internowanych-w-kwidzynie-ciag-dlugiej-walki-o-prawde-i-sprawiedliwosc\/#breadcrumb\",\"itemListElement\":[{\"@type\":\"ListItem\",\"position\":1,\"name\":\"Home\",\"item\":\"https:\/\/www.solidarnosc.org.pl\/elblag\/\"},{\"@type\":\"ListItem\",\"position\":2,\"name\":\"Druga rozprawa w sprawie pobicia internowanych w Kwidzynie \u2013 ci\u0105g d\u0142ugiej walki o prawd\u0119 i sprawiedliwo\u015b\u0107\"}]},{\"@type\":\"WebSite\",\"@id\":\"https:\/\/www.solidarnosc.org.pl\/elblag\/#website\",\"url\":\"https:\/\/www.solidarnosc.org.pl\/elblag\/\",\"name\":\"Solidarno\u015b\u0107 Region Elbl\u0105ski\",\"description\":\"\",\"publisher\":{\"@id\":\"https:\/\/www.solidarnosc.org.pl\/elblag\/#organization\"},\"potentialAction\":[{\"@type\":\"SearchAction\",\"target\":{\"@type\":\"EntryPoint\",\"urlTemplate\":\"https:\/\/www.solidarnosc.org.pl\/elblag\/?s={search_term_string}\"},\"query-input\":{\"@type\":\"PropertyValueSpecification\",\"valueRequired\":true,\"valueName\":\"search_term_string\"}}],\"inLanguage\":\"pl-PL\"},{\"@type\":\"Organization\",\"@id\":\"https:\/\/www.solidarnosc.org.pl\/elblag\/#organization\",\"name\":\"Solidarno\u015b\u0107 Region Elbl\u0105ski\",\"url\":\"https:\/\/www.solidarnosc.org.pl\/elblag\/\",\"logo\":{\"@type\":\"ImageObject\",\"inLanguage\":\"pl-PL\",\"@id\":\"https:\/\/www.solidarnosc.org.pl\/elblag\/#\/schema\/logo\/image\/\",\"url\":\"https:\/\/www.solidarnosc.org.pl\/elblag\/wp-content\/uploads\/Plik_system\/Motyw\/Region.png\",\"contentUrl\":\"https:\/\/www.solidarnosc.org.pl\/elblag\/wp-content\/uploads\/Plik_system\/Motyw\/Region.png\",\"width\":2200,\"height\":1300,\"caption\":\"Solidarno\u015b\u0107 Region Elbl\u0105ski\"},\"image\":{\"@id\":\"https:\/\/www.solidarnosc.org.pl\/elblag\/#\/schema\/logo\/image\/\"},\"sameAs\":[\"https:\/\/www.facebook.com\/RegionElblaskiNszzSolidarnosc\"]},{\"@type\":\"Person\",\"@id\":\"https:\/\/www.solidarnosc.org.pl\/elblag\/#\/schema\/person\/73ff52cd1aba148398fb5b1d6db75ca3\",\"name\":\"Joanna\",\"image\":{\"@type\":\"ImageObject\",\"inLanguage\":\"pl-PL\",\"@id\":\"https:\/\/www.solidarnosc.org.pl\/elblag\/#\/schema\/person\/image\/\",\"url\":\"https:\/\/secure.gravatar.com\/avatar\/6eb059203cecff508a10503b5311d55fda407e896806aaad53ea5346616834c6?s=96&d=mm&r=g\",\"contentUrl\":\"https:\/\/secure.gravatar.com\/avatar\/6eb059203cecff508a10503b5311d55fda407e896806aaad53ea5346616834c6?s=96&d=mm&r=g\",\"caption\":\"Joanna\"},\"url\":\"https:\/\/www.solidarnosc.org.pl\/elblag\/author\/joanna-admin\/\"}]}<\/script>\n<!-- \/ Yoast SEO plugin. -->","yoast_head_json":{"title":"Druga rozprawa w sprawie pobicia internowanych w Kwidzynie \u2013 ci\u0105g d\u0142ugiej walki o prawd\u0119 i sprawiedliwo\u015b\u0107 - Solidarno\u015b\u0107 Region Elbl\u0105ski","description":"W \u015brod\u0119 3 lutego 2026 r. o godzinie 9:00 w S\u0105dzie Rejonowym w Kwidzynie odby\u0142a si\u0119 druga rozprawa w procesie, w kt\u00f3rym byli funkcjonariusze S\u0142u\u017cby Wi\u0119ziennej s\u0105 oskar\u017ceni o pobicie i zn\u0119canie si\u0119 nad internowanymi w stanie wojennym.","robots":{"index":"index","follow":"follow","max-snippet":"max-snippet:-1","max-image-preview":"max-image-preview:large","max-video-preview":"max-video-preview:-1"},"canonical":"https:\/\/www.solidarnosc.org.pl\/elblag\/druga-rozprawa-w-sprawie-pobicia-internowanych-w-kwidzynie-ciag-dlugiej-walki-o-prawde-i-sprawiedliwosc\/","og_locale":"pl_PL","og_type":"article","og_title":"Druga rozprawa w sprawie pobicia internowanych w Kwidzynie \u2013 ci\u0105g d\u0142ugiej walki o prawd\u0119 i sprawiedliwo\u015b\u0107 - Solidarno\u015b\u0107 Region Elbl\u0105ski","og_description":"W \u015brod\u0119 3 lutego 2026 r. o godzinie 9:00 w S\u0105dzie Rejonowym w Kwidzynie odby\u0142a si\u0119 druga rozprawa w procesie, w kt\u00f3rym byli funkcjonariusze S\u0142u\u017cby Wi\u0119ziennej s\u0105 oskar\u017ceni o pobicie i zn\u0119canie si\u0119 nad internowanymi w stanie wojennym.","og_url":"https:\/\/www.solidarnosc.org.pl\/elblag\/druga-rozprawa-w-sprawie-pobicia-internowanych-w-kwidzynie-ciag-dlugiej-walki-o-prawde-i-sprawiedliwosc\/","og_site_name":"Solidarno\u015b\u0107 Region Elbl\u0105ski","article_publisher":"https:\/\/www.facebook.com\/RegionElblaskiNszzSolidarnosc","article_published_time":"2026-02-03T10:27:37+00:00","article_modified_time":"2026-02-04T10:32:56+00:00","og_image":[{"width":2560,"height":1440,"url":"https:\/\/www.solidarnosc.org.pl\/elblag\/wp-content\/uploads\/2026\/02\/IMG_1819-scaled.jpeg","type":"image\/jpeg"}],"author":"Joanna","twitter_card":"summary_large_image","twitter_misc":{"Napisane przez":"Joanna","Szacowany czas czytania":"8 minut"},"schema":{"@context":"https:\/\/schema.org","@graph":[{"@type":"Article","@id":"https:\/\/www.solidarnosc.org.pl\/elblag\/druga-rozprawa-w-sprawie-pobicia-internowanych-w-kwidzynie-ciag-dlugiej-walki-o-prawde-i-sprawiedliwosc\/#article","isPartOf":{"@id":"https:\/\/www.solidarnosc.org.pl\/elblag\/druga-rozprawa-w-sprawie-pobicia-internowanych-w-kwidzynie-ciag-dlugiej-walki-o-prawde-i-sprawiedliwosc\/"},"author":{"name":"Joanna","@id":"https:\/\/www.solidarnosc.org.pl\/elblag\/#\/schema\/person\/73ff52cd1aba148398fb5b1d6db75ca3"},"headline":"Druga rozprawa w sprawie pobicia internowanych w Kwidzynie \u2013 ci\u0105g d\u0142ugiej walki o prawd\u0119 i sprawiedliwo\u015b\u0107","datePublished":"2026-02-03T10:27:37+00:00","dateModified":"2026-02-04T10:32:56+00:00","mainEntityOfPage":{"@id":"https:\/\/www.solidarnosc.org.pl\/elblag\/druga-rozprawa-w-sprawie-pobicia-internowanych-w-kwidzynie-ciag-dlugiej-walki-o-prawde-i-sprawiedliwosc\/"},"wordCount":1538,"commentCount":0,"publisher":{"@id":"https:\/\/www.solidarnosc.org.pl\/elblag\/#organization"},"image":{"@id":"https:\/\/www.solidarnosc.org.pl\/elblag\/druga-rozprawa-w-sprawie-pobicia-internowanych-w-kwidzynie-ciag-dlugiej-walki-o-prawde-i-sprawiedliwosc\/#primaryimage"},"thumbnailUrl":"https:\/\/www.solidarnosc.org.pl\/elblag\/wp-content\/uploads\/2026\/02\/IMG_1819-scaled.jpeg","articleSection":["Aktualno\u015bci"],"inLanguage":"pl-PL","potentialAction":[{"@type":"CommentAction","name":"Comment","target":["https:\/\/www.solidarnosc.org.pl\/elblag\/druga-rozprawa-w-sprawie-pobicia-internowanych-w-kwidzynie-ciag-dlugiej-walki-o-prawde-i-sprawiedliwosc\/#respond"]}]},{"@type":"WebPage","@id":"https:\/\/www.solidarnosc.org.pl\/elblag\/druga-rozprawa-w-sprawie-pobicia-internowanych-w-kwidzynie-ciag-dlugiej-walki-o-prawde-i-sprawiedliwosc\/","url":"https:\/\/www.solidarnosc.org.pl\/elblag\/druga-rozprawa-w-sprawie-pobicia-internowanych-w-kwidzynie-ciag-dlugiej-walki-o-prawde-i-sprawiedliwosc\/","name":"Druga rozprawa w sprawie pobicia internowanych w Kwidzynie \u2013 ci\u0105g d\u0142ugiej walki o prawd\u0119 i sprawiedliwo\u015b\u0107 - Solidarno\u015b\u0107 Region Elbl\u0105ski","isPartOf":{"@id":"https:\/\/www.solidarnosc.org.pl\/elblag\/#website"},"primaryImageOfPage":{"@id":"https:\/\/www.solidarnosc.org.pl\/elblag\/druga-rozprawa-w-sprawie-pobicia-internowanych-w-kwidzynie-ciag-dlugiej-walki-o-prawde-i-sprawiedliwosc\/#primaryimage"},"image":{"@id":"https:\/\/www.solidarnosc.org.pl\/elblag\/druga-rozprawa-w-sprawie-pobicia-internowanych-w-kwidzynie-ciag-dlugiej-walki-o-prawde-i-sprawiedliwosc\/#primaryimage"},"thumbnailUrl":"https:\/\/www.solidarnosc.org.pl\/elblag\/wp-content\/uploads\/2026\/02\/IMG_1819-scaled.jpeg","datePublished":"2026-02-03T10:27:37+00:00","dateModified":"2026-02-04T10:32:56+00:00","description":"W \u015brod\u0119 3 lutego 2026 r. o godzinie 9:00 w S\u0105dzie Rejonowym w Kwidzynie odby\u0142a si\u0119 druga rozprawa w procesie, w kt\u00f3rym byli funkcjonariusze S\u0142u\u017cby Wi\u0119ziennej s\u0105 oskar\u017ceni o pobicie i zn\u0119canie si\u0119 nad internowanymi w stanie wojennym.","breadcrumb":{"@id":"https:\/\/www.solidarnosc.org.pl\/elblag\/druga-rozprawa-w-sprawie-pobicia-internowanych-w-kwidzynie-ciag-dlugiej-walki-o-prawde-i-sprawiedliwosc\/#breadcrumb"},"inLanguage":"pl-PL","potentialAction":[{"@type":"ReadAction","target":["https:\/\/www.solidarnosc.org.pl\/elblag\/druga-rozprawa-w-sprawie-pobicia-internowanych-w-kwidzynie-ciag-dlugiej-walki-o-prawde-i-sprawiedliwosc\/"]}]},{"@type":"ImageObject","inLanguage":"pl-PL","@id":"https:\/\/www.solidarnosc.org.pl\/elblag\/druga-rozprawa-w-sprawie-pobicia-internowanych-w-kwidzynie-ciag-dlugiej-walki-o-prawde-i-sprawiedliwosc\/#primaryimage","url":"https:\/\/www.solidarnosc.org.pl\/elblag\/wp-content\/uploads\/2026\/02\/IMG_1819-scaled.jpeg","contentUrl":"https:\/\/www.solidarnosc.org.pl\/elblag\/wp-content\/uploads\/2026\/02\/IMG_1819-scaled.jpeg","width":2560,"height":1440},{"@type":"BreadcrumbList","@id":"https:\/\/www.solidarnosc.org.pl\/elblag\/druga-rozprawa-w-sprawie-pobicia-internowanych-w-kwidzynie-ciag-dlugiej-walki-o-prawde-i-sprawiedliwosc\/#breadcrumb","itemListElement":[{"@type":"ListItem","position":1,"name":"Home","item":"https:\/\/www.solidarnosc.org.pl\/elblag\/"},{"@type":"ListItem","position":2,"name":"Druga rozprawa w sprawie pobicia internowanych w Kwidzynie \u2013 ci\u0105g d\u0142ugiej walki o prawd\u0119 i sprawiedliwo\u015b\u0107"}]},{"@type":"WebSite","@id":"https:\/\/www.solidarnosc.org.pl\/elblag\/#website","url":"https:\/\/www.solidarnosc.org.pl\/elblag\/","name":"Solidarno\u015b\u0107 Region Elbl\u0105ski","description":"","publisher":{"@id":"https:\/\/www.solidarnosc.org.pl\/elblag\/#organization"},"potentialAction":[{"@type":"SearchAction","target":{"@type":"EntryPoint","urlTemplate":"https:\/\/www.solidarnosc.org.pl\/elblag\/?s={search_term_string}"},"query-input":{"@type":"PropertyValueSpecification","valueRequired":true,"valueName":"search_term_string"}}],"inLanguage":"pl-PL"},{"@type":"Organization","@id":"https:\/\/www.solidarnosc.org.pl\/elblag\/#organization","name":"Solidarno\u015b\u0107 Region Elbl\u0105ski","url":"https:\/\/www.solidarnosc.org.pl\/elblag\/","logo":{"@type":"ImageObject","inLanguage":"pl-PL","@id":"https:\/\/www.solidarnosc.org.pl\/elblag\/#\/schema\/logo\/image\/","url":"https:\/\/www.solidarnosc.org.pl\/elblag\/wp-content\/uploads\/Plik_system\/Motyw\/Region.png","contentUrl":"https:\/\/www.solidarnosc.org.pl\/elblag\/wp-content\/uploads\/Plik_system\/Motyw\/Region.png","width":2200,"height":1300,"caption":"Solidarno\u015b\u0107 Region Elbl\u0105ski"},"image":{"@id":"https:\/\/www.solidarnosc.org.pl\/elblag\/#\/schema\/logo\/image\/"},"sameAs":["https:\/\/www.facebook.com\/RegionElblaskiNszzSolidarnosc"]},{"@type":"Person","@id":"https:\/\/www.solidarnosc.org.pl\/elblag\/#\/schema\/person\/73ff52cd1aba148398fb5b1d6db75ca3","name":"Joanna","image":{"@type":"ImageObject","inLanguage":"pl-PL","@id":"https:\/\/www.solidarnosc.org.pl\/elblag\/#\/schema\/person\/image\/","url":"https:\/\/secure.gravatar.com\/avatar\/6eb059203cecff508a10503b5311d55fda407e896806aaad53ea5346616834c6?s=96&d=mm&r=g","contentUrl":"https:\/\/secure.gravatar.com\/avatar\/6eb059203cecff508a10503b5311d55fda407e896806aaad53ea5346616834c6?s=96&d=mm&r=g","caption":"Joanna"},"url":"https:\/\/www.solidarnosc.org.pl\/elblag\/author\/joanna-admin\/"}]}},"uagb_featured_image_src":{"full":["https:\/\/www.solidarnosc.org.pl\/elblag\/wp-content\/uploads\/2026\/02\/IMG_1819-scaled.jpeg",2560,1440,false],"thumbnail":["https:\/\/www.solidarnosc.org.pl\/elblag\/wp-content\/uploads\/2026\/02\/IMG_1819-150x150.jpeg",150,150,true],"medium":["https:\/\/www.solidarnosc.org.pl\/elblag\/wp-content\/uploads\/2026\/02\/IMG_1819-300x169.jpeg",300,169,true],"medium_large":["https:\/\/www.solidarnosc.org.pl\/elblag\/wp-content\/uploads\/2026\/02\/IMG_1819-768x432.jpeg",768,432,true],"large":["https:\/\/www.solidarnosc.org.pl\/elblag\/wp-content\/uploads\/2026\/02\/IMG_1819-1024x576.jpeg",1024,576,true],"1536x1536":["https:\/\/www.solidarnosc.org.pl\/elblag\/wp-content\/uploads\/2026\/02\/IMG_1819-1536x864.jpeg",1536,864,true],"2048x2048":["https:\/\/www.solidarnosc.org.pl\/elblag\/wp-content\/uploads\/2026\/02\/IMG_1819-2048x1152.jpeg",2048,1152,true]},"uagb_author_info":{"display_name":"Joanna","author_link":"https:\/\/www.solidarnosc.org.pl\/elblag\/author\/joanna-admin\/"},"uagb_comment_info":0,"uagb_excerpt":"Druga rozprawa w sprawie pobicia internowanych w Kwidzynie \u2013 ci\u0105g d\u0142ugiej walki o prawd\u0119 i sprawiedliwo\u015b\u0107 W \u015brod\u0119 3 lutego 2026 r. o godzinie 9:00 w S\u0105dzie Rejonowym w Kwidzynie odby\u0142a si\u0119 druga rozprawa w procesie, w kt\u00f3rym byli funkcjonariusze S\u0142u\u017cby Wi\u0119ziennej s\u0105 oskar\u017ceni o pobicie i zn\u0119canie si\u0119 nad internowanymi w stanie wojennym. Spraw\u0119&hellip;","_links":{"self":[{"href":"https:\/\/www.solidarnosc.org.pl\/elblag\/wp-json\/wp\/v2\/posts\/3287","targetHints":{"allow":["GET"]}}],"collection":[{"href":"https:\/\/www.solidarnosc.org.pl\/elblag\/wp-json\/wp\/v2\/posts"}],"about":[{"href":"https:\/\/www.solidarnosc.org.pl\/elblag\/wp-json\/wp\/v2\/types\/post"}],"author":[{"embeddable":true,"href":"https:\/\/www.solidarnosc.org.pl\/elblag\/wp-json\/wp\/v2\/users\/5"}],"replies":[{"embeddable":true,"href":"https:\/\/www.solidarnosc.org.pl\/elblag\/wp-json\/wp\/v2\/comments?post=3287"}],"version-history":[{"count":1,"href":"https:\/\/www.solidarnosc.org.pl\/elblag\/wp-json\/wp\/v2\/posts\/3287\/revisions"}],"predecessor-version":[{"id":3289,"href":"https:\/\/www.solidarnosc.org.pl\/elblag\/wp-json\/wp\/v2\/posts\/3287\/revisions\/3289"}],"wp:featuredmedia":[{"embeddable":true,"href":"https:\/\/www.solidarnosc.org.pl\/elblag\/wp-json\/wp\/v2\/media\/3288"}],"wp:attachment":[{"href":"https:\/\/www.solidarnosc.org.pl\/elblag\/wp-json\/wp\/v2\/media?parent=3287"}],"wp:term":[{"taxonomy":"category","embeddable":true,"href":"https:\/\/www.solidarnosc.org.pl\/elblag\/wp-json\/wp\/v2\/categories?post=3287"},{"taxonomy":"post_tag","embeddable":true,"href":"https:\/\/www.solidarnosc.org.pl\/elblag\/wp-json\/wp\/v2\/tags?post=3287"}],"curies":[{"name":"wp","href":"https:\/\/api.w.org\/{rel}","templated":true}]}}