{"id":9983,"date":"2023-01-16T08:51:26","date_gmt":"2023-01-16T07:51:26","guid":{"rendered":"https:\/\/www.solidarnosc.org.pl\/dok\/?p=9983"},"modified":"2023-01-16T08:51:26","modified_gmt":"2023-01-16T07:51:26","slug":"decyzja-prezydium-kk-nr-9-23-ws-opinii-o-projekcie-poselskim-ustawy-o-zmianie-ustawy-o-ike-oraz-ikze","status":"publish","type":"post","link":"https:\/\/www.solidarnosc.org.pl\/dok\/2023\/01\/16\/decyzja-prezydium-kk-nr-9-23-ws-opinii-o-projekcie-poselskim-ustawy-o-zmianie-ustawy-o-ike-oraz-ikze\/","title":{"rendered":"Decyzja Prezydium KK nr 9\/23 ws. opinii o projekcie poselskim ustawy o zmianie ustawy o IKE oraz IKZE"},"content":{"rendered":"<p align=\"center\">\n\t&nbsp;<\/p>\n<p style=\"text-align: justify\">\n\tPrezydium Komisji Krajowej NSZZ &bdquo;Solidarno\u015b\u0107&rdquo; negatywnie opiniuje poselski projekt KP KO ustawy o zmianie ustawy o indywidualnych kontach emerytalnych oraz indywidualnych kontach zabezpieczenia emerytalnego.<\/p>\n<p style=\"text-align: justify\">\n\tW ramach tworzenia dobrowolnych instrument&oacute;w oszcz\u0119dzania (nie b\u0119d\u0105cych cz\u0119\u015bci\u0105 sytemu ubezpieczenia spo\u0142ecznego) nale\u017cy d\u0105\u017cy\u0107 do osi\u0105gniecia pewnej systemowej sp&oacute;jno\u015bci. W chwili obecnej w ramach sytemu dobrowolnych oszcz\u0119dno\u015bci na okres poprodukcyjny (z uzyskaniem bezpo\u015brednich \u015brodk&oacute;w z funduszy publicznych lub bez takiego wsparcia oraz ze sk\u0142adki wy\u0142\u0105cznie osoby oszcz\u0119dzaj\u0105cej lub osoby oszcz\u0119dzaj\u0105cej i pracodawcy lub wy\u0142\u0105cznie pracodawcy) mo\u017cna wskaza\u0107 na:<\/p>\n<p style=\"text-align: justify\">\n\t&#8211; pracownicze programy emerytalne, PPE<\/p>\n<p style=\"text-align: justify\">\n\t&#8211; pracownicze programy kapita\u0142owe, PPK<\/p>\n<p style=\"text-align: justify\">\n\t&#8211; indywidualne konta emerytalne, IKE<\/p>\n<p style=\"text-align: justify\">\n\t&#8211; indywidualne konta zabezpieczenia spo\u0142ecznego, IKZE.<\/p>\n<p style=\"text-align: justify\">\n\tW obecnym stanie prawnym, w \u017cadnym z powy\u017cej wskazanych instrument&oacute;w potencjalny moment wyp\u0142aty nie jest powi\u0105zany z p\u0142ci\u0105 osoby oszcz\u0119dzaj\u0105cej. W ramach PPE, PPK, IKE nast\u0119puje to wraz z osi\u0105gni\u0119ciem 60 roku \u017cycia. Wydaje si\u0119 niewskazane, aby tylko w jednym instrumencie wi\u0105za\u0107 moment umo\u017cliwiaj\u0105cy wyp\u0142at\u0119 z p\u0142ci\u0105 ubezpieczonego.<\/p>\n<p><\/p>\n","protected":false},"excerpt":{"rendered":"<p>&nbsp; Prezydium Komisji Krajowej NSZZ &bdquo;Solidarno\u015b\u0107&rdquo; negatywnie opiniuje poselski projekt KP KO ustawy o zmianie ustawy o indywidualnych kontach emerytalnych oraz indywidualnych kontach zabezpieczenia emerytalnego. W ramach tworzenia dobrowolnych instrument&oacute;w oszcz\u0119dzania (nie b\u0119d\u0105cych cz\u0119\u015bci\u0105 sytemu ubezpieczenia spo\u0142ecznego) nale\u017cy d\u0105\u017cy\u0107 do osi\u0105gniecia pewnej systemowej sp&oacute;jno\u015bci. W chwili obecnej w ramach sytemu dobrowolnych oszcz\u0119dno\u015bci na okres poprodukcyjny [&hellip;]<\/p>\n","protected":false},"author":3,"featured_media":0,"comment_status":"closed","ping_status":"closed","sticky":false,"template":"","format":"standard","meta":{"footnotes":""},"categories":[94,9],"tags":[2626,2635,61,536,534],"class_list":["post-9983","post","type-post","status-publish","format-standard","hentry","category-2023prezydium","category-dokprez","tag-2626","tag-9-23","tag-decyzja","tag-decyzja-prezydium","tag-prezydium"],"_links":{"self":[{"href":"https:\/\/www.solidarnosc.org.pl\/dok\/wp-json\/wp\/v2\/posts\/9983","targetHints":{"allow":["GET"]}}],"collection":[{"href":"https:\/\/www.solidarnosc.org.pl\/dok\/wp-json\/wp\/v2\/posts"}],"about":[{"href":"https:\/\/www.solidarnosc.org.pl\/dok\/wp-json\/wp\/v2\/types\/post"}],"author":[{"embeddable":true,"href":"https:\/\/www.solidarnosc.org.pl\/dok\/wp-json\/wp\/v2\/users\/3"}],"replies":[{"embeddable":true,"href":"https:\/\/www.solidarnosc.org.pl\/dok\/wp-json\/wp\/v2\/comments?post=9983"}],"version-history":[{"count":1,"href":"https:\/\/www.solidarnosc.org.pl\/dok\/wp-json\/wp\/v2\/posts\/9983\/revisions"}],"predecessor-version":[{"id":10118,"href":"https:\/\/www.solidarnosc.org.pl\/dok\/wp-json\/wp\/v2\/posts\/9983\/revisions\/10118"}],"wp:attachment":[{"href":"https:\/\/www.solidarnosc.org.pl\/dok\/wp-json\/wp\/v2\/media?parent=9983"}],"wp:term":[{"taxonomy":"category","embeddable":true,"href":"https:\/\/www.solidarnosc.org.pl\/dok\/wp-json\/wp\/v2\/categories?post=9983"},{"taxonomy":"post_tag","embeddable":true,"href":"https:\/\/www.solidarnosc.org.pl\/dok\/wp-json\/wp\/v2\/tags?post=9983"}],"curies":[{"name":"wp","href":"https:\/\/api.w.org\/{rel}","templated":true}]}}