{"id":9925,"date":"2022-11-22T14:20:31","date_gmt":"2022-11-22T13:20:31","guid":{"rendered":"https:\/\/www.solidarnosc.org.pl\/dok\/?p=9925"},"modified":"2022-11-22T14:20:31","modified_gmt":"2022-11-22T13:20:31","slug":"decyzja-prezydium-kk-nr-146-22-ws-opinii-o-projekcie-kp-przeciwdzialania-przemocy-w-rodzinie-na-rok-2023","status":"publish","type":"post","link":"https:\/\/www.solidarnosc.org.pl\/dok\/2022\/11\/22\/decyzja-prezydium-kk-nr-146-22-ws-opinii-o-projekcie-kp-przeciwdzialania-przemocy-w-rodzinie-na-rok-2023\/","title":{"rendered":"Decyzja Prezydium KK nr 146\/22 ws. opinii o projekcie KP Przeciwdzia\u0142ania Przemocy w Rodzinie na rok 2023"},"content":{"rendered":"<p style=\"text-align: justify\">\n\tPrezydium Komisji Krajowej NSZZ &bdquo;Solidarno\u015b\u0107&rdquo; stwierdza, \u017ce przedstawiony przez Ministerstwo Rodziny i Polityki Spo\u0142ecznej projekt Krajowego Programu Przeciwdzia\u0142ania Przemocy w Rodzinie na rok 2023, powiela propozycje dzia\u0142a\u0144 z lat poprzednich oraz sposoby ich realizacji. Ponadto kolejny rok proponuje si\u0119 program jednoroczny z uwagi na trwaj\u0105ce zmiany legislacyjne.<\/p>\n<p style=\"text-align: justify\">\n\tPodobne jak w dotychczasowych programach s\u0105 oczekiwania MRiPS co do efekt&oacute;w realizacji Programu. Chocia\u017c realizacja ustawy o przeciwdzia\u0142aniu przemocy w rodzinie wprowadzona w 2005 r. powinna ju\u017c przynosi\u0107 oczekiwane efekty, pozostaj\u0105 one niezmienne. I tak np. oczekuje si\u0119 podniesienia \u015bwiadomo\u015bci spo\u0142ecznej w obszarze przeciwdzia\u0142ania przemocy w rodzinie oraz zwi\u0119kszenia wiedzy na temat mechanizm&oacute;w i skutk&oacute;w przemocy. Po 17 latach funkcjonowania ustawy obserwowa\u0107 si\u0119 powinno ju\u017c zwi\u0119kszenie \u015bwiadomo\u015bci spo\u0142ecznej w przedmiotowym obszarze i aktualnie nale\u017cy je utrwala\u0107 i ewentualnie pog\u0142\u0119bia\u0107.<\/p>\n<p style=\"text-align: justify\">\n\tOczekiwany jest tak\u017ce rozw&oacute;j, wzmocnienie i upowszechnienie dzia\u0142a\u0144 profilaktycznych w zakresie przeciwdzia\u0142ania przemocy w rodzinie<em>. <\/em>Jednak stale obserwujemy w mediach w\u0142a\u015bnie brutalizacj\u0119 j\u0119zyka i zachowa\u0144 polityk&oacute;w czy nawet coraz cz\u0119\u015bciej dziennikarzy. Ta eskalacja agresji negatywnie odbija si\u0119 na postawach i zachowaniach ludzi, zw\u0142aszcza niestabilnych emocjonalnie czy psychicznie. Dlatego planuj\u0105c organizacj\u0119 og&oacute;lnopolskiej konferencji dotycz\u0105c\u0105 przeciwdzia\u0142ania przemocy w rodzinie, nale\u017cy zaanga\u017cowa\u0107 wszystkie \u015brodowiska w naszym kraju, w tym media. Informowanie spo\u0142ecze\u0144stwa o efektach Programu, o statystykach w zakresie walki z przemoc\u0105 powinno by\u0107 impulsem, kt&oacute;ry przyczyni si\u0119 zar&oacute;wno do zwi\u0119kszenia \u015bwiadomo\u015bci, jak i ograniczenia zjawiska przemocy w rodzinie.<\/p>\n<p style=\"text-align: justify\">\n\tKolejn\u0105 kwesti\u0105 budz\u0105c\u0105 w\u0105tpliwo\u015bci jest stwierdzenie &ndash; <em>podniesienie jako\u015bci us\u0142ug \u015bwiadczonych na rzecz os&oacute;b i rodzin zagro\u017conych b\u0105d\u017a<\/em> <em>dotkni\u0119tych przemoc\u0105. <\/em>Jako\u015b\u0107 us\u0142ug zawsze i w miar\u0119 mo\u017cliwo\u015bci nale\u017cy podnosi\u0107, ale w tym przypadku, wypracowane ju\u017c zosta\u0142y standardy i jako\u015b\u0107, kt&oacute;re nale\u017cy zachowa\u0107 i utrwala\u0107. Zaproponowany w projekcie zapis jest niesprawiedliwy dla tych, kt&oacute;rzy ka\u017cdego dnia i z oddaniem wykonuj\u0105 swoj\u0105 prac\u0119 na rzecz pokrzywdzonych i dotkni\u0119tych przemoc\u0105 os&oacute;b.<\/p>\n<p style=\"text-align: justify\">\n\tW zakresie zwi\u0119kszenia osobom i rodzinom dotkni\u0119tym przemoc\u0105 dost\u0119pu do pomocy specjalistycznej, w tym zapewnienie miejsc w ca\u0142odobowych plac&oacute;wkach udzielaj\u0105cych pomocy, nale\u017cy pami\u0119ta\u0107, \u017ce realizacja tego postulatu wymaga zwi\u0119kszonych nak\u0142ad&oacute;w finansowych. Obecnie funkcjonuje 37 plac&oacute;wek tego typu na terenie naszego kraju, a pomoc jest udzielana bez wzgl\u0119du na miejsce zamieszkania. Jak dowiadujemy si\u0119 z uzasadnienia projektu analiza dotychczasowych potrzeb zwi\u0105zanych z utrzymaniem specjalistycznych o\u015brodk&oacute;w wsparcia dla ofiar przemocy w rodzinie wskazuje na niewystarczaj\u0105ce finansowanie w stosunku do faktycznych sta\u0142ych koszt&oacute;w utrzymania plac&oacute;wek. Problem ten by\u0142 wielokrotnie zg\u0142aszany zar&oacute;wno przez specjalistyczne o\u015brodki wsparcia dla ofiar przemocy w rodzinie, jak i przez samorz\u0105dy powiatowe prowadz\u0105ce te plac&oacute;wki<em>. <\/em>Bior\u0105c pod uwag\u0119 nak\u0142ady finansowe na utrzymanie o\u015brodk&oacute;w wsparcia na 2023 rok, kt&oacute;re zaplanowano na poziomie 17 928 000 z\u0142 w stosunku do planowanych na rok 2022, wynosz\u0105cych 16 827 600 z\u0142, tj. (r&oacute;\u017cnica ok 6%) oraz maj\u0105c na wzgl\u0119dzie aktualnie dynamiczny wzrost indeksu cen co za tym idzie, wzrost koszt&oacute;w sta\u0142ych, nale\u017cy spodziewa\u0107 si\u0119 raczej ograniczenia funkcjonowania tego typu plac&oacute;wek ni\u017c ich utrzymania lub zwi\u0119kszenia ich dost\u0119pno\u015bci.<\/p>\n<p style=\"text-align: justify\">\n\tUsuwanie skutk&oacute;w przemocy oraz zapobieganie temu zjawisku jest procesem d\u0142ugotrwa\u0142ym. Jednocze\u015bnie wymagaj\u0105cym wielu nak\u0142ad&oacute;w finansowych oraz zaanga\u017cowania wielu os&oacute;b i \u015brodowisk. Wymaga te\u017c sta\u0142ego monitoringu dzia\u0142a\u0144 i efekt&oacute;w, jak r&oacute;wnie\u017c ich koordynacji. Wydaje si\u0119, \u017ce z tym nadal jest najwi\u0119kszy problem mimo up\u0142ywu 17 lat od kiedy realizowany jest Program.<\/p>\n<p>\n\t&nbsp;<\/p>\n<p><\/p>\n","protected":false},"excerpt":{"rendered":"<p>Prezydium Komisji Krajowej NSZZ &bdquo;Solidarno\u015b\u0107&rdquo; stwierdza, \u017ce przedstawiony przez Ministerstwo Rodziny i Polityki Spo\u0142ecznej projekt Krajowego Programu Przeciwdzia\u0142ania Przemocy w Rodzinie na rok 2023, powiela propozycje dzia\u0142a\u0144 z lat poprzednich oraz sposoby ich realizacji. Ponadto kolejny rok proponuje si\u0119 program jednoroczny z uwagi na trwaj\u0105ce zmiany legislacyjne. Podobne jak w dotychczasowych programach s\u0105 oczekiwania MRiPS [&hellip;]<\/p>\n","protected":false},"author":3,"featured_media":0,"comment_status":"closed","ping_status":"closed","sticky":false,"template":"","format":"standard","meta":{"footnotes":""},"categories":[91,9],"tags":[2610,508,61,536,534],"class_list":["post-9925","post","type-post","status-publish","format-standard","hentry","category-2022prezydium","category-dokprez","tag-146-22","tag-508","tag-decyzja","tag-decyzja-prezydium","tag-prezydium"],"_links":{"self":[{"href":"https:\/\/www.solidarnosc.org.pl\/dok\/wp-json\/wp\/v2\/posts\/9925","targetHints":{"allow":["GET"]}}],"collection":[{"href":"https:\/\/www.solidarnosc.org.pl\/dok\/wp-json\/wp\/v2\/posts"}],"about":[{"href":"https:\/\/www.solidarnosc.org.pl\/dok\/wp-json\/wp\/v2\/types\/post"}],"author":[{"embeddable":true,"href":"https:\/\/www.solidarnosc.org.pl\/dok\/wp-json\/wp\/v2\/users\/3"}],"replies":[{"embeddable":true,"href":"https:\/\/www.solidarnosc.org.pl\/dok\/wp-json\/wp\/v2\/comments?post=9925"}],"version-history":[{"count":0,"href":"https:\/\/www.solidarnosc.org.pl\/dok\/wp-json\/wp\/v2\/posts\/9925\/revisions"}],"wp:attachment":[{"href":"https:\/\/www.solidarnosc.org.pl\/dok\/wp-json\/wp\/v2\/media?parent=9925"}],"wp:term":[{"taxonomy":"category","embeddable":true,"href":"https:\/\/www.solidarnosc.org.pl\/dok\/wp-json\/wp\/v2\/categories?post=9925"},{"taxonomy":"post_tag","embeddable":true,"href":"https:\/\/www.solidarnosc.org.pl\/dok\/wp-json\/wp\/v2\/tags?post=9925"}],"curies":[{"name":"wp","href":"https:\/\/api.w.org\/{rel}","templated":true}]}}