{"id":977,"date":"2012-07-03T10:27:26","date_gmt":"2012-07-03T08:27:26","guid":{"rendered":"http:\/\/www.solidarnosc.org.pl\/dok\/?p=977"},"modified":"2024-08-06T11:52:52","modified_gmt":"2024-08-06T09:52:52","slug":"stanowisko-nr-162012-ws-nowelizacji-ustawy-o-zgromadzeniach-publicznych","status":"publish","type":"post","link":"https:\/\/www.solidarnosc.org.pl\/dok\/2012\/07\/03\/stanowisko-nr-162012-ws-nowelizacji-ustawy-o-zgromadzeniach-publicznych\/","title":{"rendered":"Stanowisko nr 15\/12 ws. nowelizacji ustawy o zgromadzeniach publicznych"},"content":{"rendered":"<p style=\"text-align: justify;\">Komisja Krajowa NSZZ \u201eSolidarno\u015b\u0107\u201d sprzeciwia si\u0119 zmianom w ustawie o zgromadzeniach publicznych dokonanym z inicjatywy Prezydenta RP przez koalicj\u0119 PO \u2013 PSL, ograniczaj\u0105cym podstawowe prawo wolno\u015bci obywateli &#8211; prawo do zgromadze\u0144 publicznych. Wprowadzone zmiany nadaj\u0105 urz\u0119dnikom uprawnienia do decydowania o podstawowych swobodach obywateli. Przepisy te zosta\u0142y zmienione w taki spos\u00f3b, aby praktycznie uniemo\u017cliwi\u0107 zorganizowanie legalnej manifestacji. Nie znajduj\u0105 one oparcia w \u017cadnych standardach pa\u0144stwa demokratycznego.<\/p>\n<p style=\"text-align: justify;\">Komisja Krajowa stwierdza ponadto, \u017ce zmiany te zosta\u0142y przyj\u0119te bez konsultacji spo\u0142ecznych, co jest \u0142amaniem obowi\u0105zuj\u0105cego w Polsce prawa. Szczeg\u00f3lnie jest to ra\u017c\u0105ce dla NSZZ \u201eSolidarno\u015b\u0107\u201d, dzi\u0119ki kt\u00f3remu dosz\u0142o do demokratycznych przemian w Polsce. To kolejny w ostatnim czasie przyk\u0142ad wprowadzania wa\u017cnych dla obywateli ustaw z pomini\u0119ciem dialogu spo\u0142ecznego.<\/p>\n<p style=\"text-align: justify;\">Rz\u0105dz\u0105ca koalicja, przerzucaj\u0105c odpowiedzialno\u015b\u0107 na organizator\u00f3w manifestacji, zdejmuj\u0105c j\u0105 ze s\u0142u\u017cb odpowiedzialnych za bezpiecze\u0144stwo i porz\u0105dek publiczny, wprowadzaj\u0105c jednocze\u015bnie kary materialne, cofa Polsk\u0119 do mrocznej przesz\u0142o\u015bci PRL, oddalaj\u0105c nas od demokratycznego pa\u0144stwa szanuj\u0105cego prawo swoich obywateli do spo\u0142ecznego sprzeciwu.<\/p>\n","protected":false},"excerpt":{"rendered":"<p>Komisja Krajowa NSZZ \u201eSolidarno\u015b\u0107\u201d sprzeciwia si\u0119 zmianom w ustawie o zgromadzeniach publicznych dokonanym z inicjatywy Prezydenta RP przez koalicj\u0119 PO \u2013 PSL, ograniczaj\u0105cym podstawowe prawo wolno\u015bci obywateli &#8211; prawo do zgromadze\u0144 publicznych. Wprowadzone zmiany nadaj\u0105 urz\u0119dnikom uprawnienia do decydowania o podstawowych swobodach obywateli. Przepisy te zosta\u0142y zmienione w taki spos\u00f3b, aby praktycznie uniemo\u017cliwi\u0107 zorganizowanie legalnej [&hellip;]<\/p>\n","protected":false},"author":3,"featured_media":0,"comment_status":"closed","ping_status":"closed","sticky":false,"template":"","format":"standard","meta":{"footnotes":""},"categories":[47,8],"tags":[3633,195,98,63,100],"class_list":["post-977","post","type-post","status-publish","format-standard","hentry","category-2012kk","category-dokkk","tag-15-12","tag-195","tag-kk","tag-stanowisko","tag-stanowisko-kk"],"_links":{"self":[{"href":"https:\/\/www.solidarnosc.org.pl\/dok\/wp-json\/wp\/v2\/posts\/977","targetHints":{"allow":["GET"]}}],"collection":[{"href":"https:\/\/www.solidarnosc.org.pl\/dok\/wp-json\/wp\/v2\/posts"}],"about":[{"href":"https:\/\/www.solidarnosc.org.pl\/dok\/wp-json\/wp\/v2\/types\/post"}],"author":[{"embeddable":true,"href":"https:\/\/www.solidarnosc.org.pl\/dok\/wp-json\/wp\/v2\/users\/3"}],"replies":[{"embeddable":true,"href":"https:\/\/www.solidarnosc.org.pl\/dok\/wp-json\/wp\/v2\/comments?post=977"}],"version-history":[{"count":3,"href":"https:\/\/www.solidarnosc.org.pl\/dok\/wp-json\/wp\/v2\/posts\/977\/revisions"}],"predecessor-version":[{"id":12357,"href":"https:\/\/www.solidarnosc.org.pl\/dok\/wp-json\/wp\/v2\/posts\/977\/revisions\/12357"}],"wp:attachment":[{"href":"https:\/\/www.solidarnosc.org.pl\/dok\/wp-json\/wp\/v2\/media?parent=977"}],"wp:term":[{"taxonomy":"category","embeddable":true,"href":"https:\/\/www.solidarnosc.org.pl\/dok\/wp-json\/wp\/v2\/categories?post=977"},{"taxonomy":"post_tag","embeddable":true,"href":"https:\/\/www.solidarnosc.org.pl\/dok\/wp-json\/wp\/v2\/tags?post=977"}],"curies":[{"name":"wp","href":"https:\/\/api.w.org\/{rel}","templated":true}]}}