{"id":9739,"date":"2022-05-27T11:54:03","date_gmt":"2022-05-27T09:54:03","guid":{"rendered":"https:\/\/www.solidarnosc.org.pl\/dok\/?p=9739"},"modified":"2022-05-27T11:54:03","modified_gmt":"2022-05-27T09:54:03","slug":"uchwala-nr-22-xxx-kzd-ws-zmian-w-uchwale-7-xix-kzd","status":"publish","type":"post","link":"https:\/\/www.solidarnosc.org.pl\/dok\/2022\/05\/27\/uchwala-nr-22-xxx-kzd-ws-zmian-w-uchwale-7-xix-kzd\/","title":{"rendered":"UCHWA\u0141A Nr 22 XXX KZD ws. zmian w Uchwale 7 XIX KZD"},"content":{"rendered":"<p style=\"text-align: justify\">\n\tKrajowy Zjazd Delegat&oacute;w NSZZ &bdquo;Solidarno\u015b\u0107&rdquo; wprowadza nast\u0119puj\u0105ce zmiany w Uchwale Nr&nbsp;7 XIX KZD.<\/p>\n<p style=\"text-align: justify\">\n\t&sect; 1 ust. 1 otrzymuje brzmienie:<\/p>\n<p style=\"text-align: justify\">\n\tRegion tworz\u0105 organizacje zak\u0142adowe i mi\u0119dzyzak\u0142adowe, kt&oacute;rych teren dzia\u0142ania lub siedziba znajduje si\u0119 na obszarze dzia\u0142ania regionu, a tak\u017ce ni\u017csze jednostki organizacyjne organizacji zak\u0142adowych i mi\u0119dzyzak\u0142adowych, o kt&oacute;rych mowa w Statucie NSZZ &bdquo;Solidarno\u015b\u0107&rdquo; w &sect; 24 zarejestrowane w danym regionie.<\/p>\n<p style=\"text-align: justify\">\n\t&sect; 2 otrzymuje brzmienie:<\/p>\n<p style=\"text-align: justify\">\n\t1. Decyzj\u0119 o zmianie obszaru dzia\u0142ania regionu podejmuje Komisja Krajowa na wniosek w\u0142adz wykonawczych organizacji zak\u0142adowych\/mi\u0119dzyzak\u0142adowych, <strong>ni\u017cszych jednostek organizacyjnych organizacji zak\u0142adowych i mi\u0119dzyzak\u0142adowych<\/strong>, <strong>o&nbsp;kt&oacute;rych mowa w&nbsp;Statucie NSZZ &bdquo;Solidarno\u015b\u0107&rdquo; w &sect; 24 <\/strong>zarejestrowanych w danym regionie lub w\u0142a\u015bciwych zarz\u0105d&oacute;w region&oacute;w, po spe\u0142nieniu nast\u0119puj\u0105cych warunk&oacute;w:<br \/>\n\t&nbsp; 1) co najmniej po\u0142owa organizacji zak\u0142adowych\/mi\u0119dzyzak\u0142adowych i <strong>ni\u017cszych jednostek organizacyjnych organizacji zak\u0142adowych i mi\u0119dzyzak\u0142adowych<\/strong>, <strong>o&nbsp;kt&oacute;rych mowa w&nbsp;Statucie NSZZ &bdquo;Solidarno\u015b\u0107&rdquo; w &sect; 24<\/strong> zarejestrowanych w danym regionie, reprezentuj\u0105cych ponad po\u0142ow\u0119 cz\u0142onk&oacute;w Zwi\u0105zku zrzeszonych w&nbsp;organizacjach dzia\u0142aj\u0105cych na terenie jednego powiatu, podj\u0119\u0142a uchwa\u0142\u0119 o&nbsp;wyst\u0105pieniu z wnioskiem o&nbsp;zmian\u0119 obszaru dzia\u0142ania region&oacute;w;<br \/>\n\t&nbsp; &nbsp;2) zasi\u0119g dzia\u0142ania regionu po w\u0142\u0105czeniu terenu powiatu, o kt&oacute;rym mowa w pkt 1 b\u0119dzie obszarem sp&oacute;jnym;<br \/>\n\t&nbsp; &nbsp;3) do wniosku z\u0142o\u017conego do Komisji Krajowej o zmian\u0119 granic regionu zostan\u0105 do\u0142\u0105czone:<br \/>\n\t&nbsp; &nbsp; &nbsp; &#8211; wykaz wszystkich organizacji zak\u0142adowych\/mi\u0119dzyzak\u0142adowych <strong>i&nbsp;ni\u017cszych jednostek organizacyjnych organizacji zak\u0142adowych i&nbsp;mi\u0119dzyzak\u0142adowych, o&nbsp;kt&oacute;rych mowa w &sect; 24&nbsp;Statuty NSZZ &bdquo;Solidarno\u015b\u0107&rdquo;<\/strong>, &nbsp;dzia\u0142aj\u0105cych na terenie danego powiatu z liczb\u0105 cz\u0142onk&oacute;w Zwi\u0105zku w nich zrzeszonych,<br \/>\n\t&nbsp; &nbsp; &nbsp; &#8211; uchwa\u0142y w\u0142adz stanowi\u0105cych organizacji, o kt&oacute;rych mowa w pkt 1.<\/p>\n<p style=\"text-align: justify\">\n\tUchwa\u0142a wchodzi w \u017cycie z dniem podj\u0119cia.<\/p>\n<p><\/p>\n","protected":false},"excerpt":{"rendered":"<p>Krajowy Zjazd Delegat&oacute;w NSZZ &bdquo;Solidarno\u015b\u0107&rdquo; wprowadza nast\u0119puj\u0105ce zmiany w Uchwale Nr&nbsp;7 XIX KZD. &sect; 1 ust. 1 otrzymuje brzmienie: Region tworz\u0105 organizacje zak\u0142adowe i mi\u0119dzyzak\u0142adowe, kt&oacute;rych teren dzia\u0142ania lub siedziba znajduje si\u0119 na obszarze dzia\u0142ania regionu, a tak\u017ce ni\u017csze jednostki organizacyjne organizacji zak\u0142adowych i mi\u0119dzyzak\u0142adowych, o kt&oacute;rych mowa w Statucie NSZZ &bdquo;Solidarno\u015b\u0107&rdquo; w &sect; 24 [&hellip;]<\/p>\n","protected":false},"author":3,"featured_media":0,"comment_status":"closed","ping_status":"closed","sticky":false,"template":"","format":"standard","meta":{"footnotes":""},"categories":[93,16],"tags":[508,3202,2636,62,2638,3044,3178],"class_list":["post-9739","post","type-post","status-publish","format-standard","hentry","category-30kzd","category-dokkzd","tag-508","tag-22-xxx-kzd","tag-kzd","tag-uchwala","tag-uchwala-kzd","tag-xix-kzd","tag-xxx-kzd"],"_links":{"self":[{"href":"https:\/\/www.solidarnosc.org.pl\/dok\/wp-json\/wp\/v2\/posts\/9739","targetHints":{"allow":["GET"]}}],"collection":[{"href":"https:\/\/www.solidarnosc.org.pl\/dok\/wp-json\/wp\/v2\/posts"}],"about":[{"href":"https:\/\/www.solidarnosc.org.pl\/dok\/wp-json\/wp\/v2\/types\/post"}],"author":[{"embeddable":true,"href":"https:\/\/www.solidarnosc.org.pl\/dok\/wp-json\/wp\/v2\/users\/3"}],"replies":[{"embeddable":true,"href":"https:\/\/www.solidarnosc.org.pl\/dok\/wp-json\/wp\/v2\/comments?post=9739"}],"version-history":[{"count":0,"href":"https:\/\/www.solidarnosc.org.pl\/dok\/wp-json\/wp\/v2\/posts\/9739\/revisions"}],"wp:attachment":[{"href":"https:\/\/www.solidarnosc.org.pl\/dok\/wp-json\/wp\/v2\/media?parent=9739"}],"wp:term":[{"taxonomy":"category","embeddable":true,"href":"https:\/\/www.solidarnosc.org.pl\/dok\/wp-json\/wp\/v2\/categories?post=9739"},{"taxonomy":"post_tag","embeddable":true,"href":"https:\/\/www.solidarnosc.org.pl\/dok\/wp-json\/wp\/v2\/tags?post=9739"}],"curies":[{"name":"wp","href":"https:\/\/api.w.org\/{rel}","templated":true}]}}