{"id":9728,"date":"2022-05-27T11:45:10","date_gmt":"2022-05-27T09:45:10","guid":{"rendered":"https:\/\/www.solidarnosc.org.pl\/dok\/?p=9728"},"modified":"2022-05-27T11:45:10","modified_gmt":"2022-05-27T09:45:10","slug":"uchwala-nr-18-xxx-kzd-ws-upowaznienia-komisji-krajowej-do-okreslenia-minimalnej-liczby-czlonkow-organizacji","status":"publish","type":"post","link":"https:\/\/www.solidarnosc.org.pl\/dok\/2022\/05\/27\/uchwala-nr-18-xxx-kzd-ws-upowaznienia-komisji-krajowej-do-okreslenia-minimalnej-liczby-czlonkow-organizacji\/","title":{"rendered":"UCHWA\u0141A Nr 18 XXX KZD ws. upowa\u017cnienia Komisji Krajowej do okre\u015blenia minimalnej liczby cz\u0142onk\u00f3w organizacji"},"content":{"rendered":"<p style=\"text-align: justify\">\n\tKrajowy Zjazd Delegat&oacute;w NSZZ &bdquo;Solidarno\u015b\u0107&rdquo;, na podstawie &sect; 32 ust.1 pkt 1 Statutu NSZZ &bdquo;Solidarno\u015b\u0107&rdquo;,&nbsp; upowa\u017cnia Komisj\u0119 Krajow\u0105 do okre\u015blenia minimalnej liczby cz\u0142onk&oacute;w Zwi\u0105zku koniecznych do utrzymania przez organizacj\u0119 statusu podstawowej jednostki organizacyjnej Zwi\u0105zku.<\/p>\n<p style=\"text-align: justify\">\n\tUchwa\u0142a wchodzi w \u017cycie z dniem podj\u0119cia.<\/p>\n<p><\/p>\n","protected":false},"excerpt":{"rendered":"<p>Krajowy Zjazd Delegat&oacute;w NSZZ &bdquo;Solidarno\u015b\u0107&rdquo;, na podstawie &sect; 32 ust.1 pkt 1 Statutu NSZZ &bdquo;Solidarno\u015b\u0107&rdquo;,&nbsp; upowa\u017cnia Komisj\u0119 Krajow\u0105 do okre\u015blenia minimalnej liczby cz\u0142onk&oacute;w Zwi\u0105zku koniecznych do utrzymania przez organizacj\u0119 statusu podstawowej jednostki organizacyjnej Zwi\u0105zku. Uchwa\u0142a wchodzi w \u017cycie z dniem podj\u0119cia.<\/p>\n","protected":false},"author":3,"featured_media":0,"comment_status":"closed","ping_status":"closed","sticky":false,"template":"","format":"standard","meta":{"footnotes":""},"categories":[93,16],"tags":[3197,508,2636,62,2638,3178],"class_list":["post-9728","post","type-post","status-publish","format-standard","hentry","category-30kzd","category-dokkzd","tag-18-xxx-kzd","tag-508","tag-kzd","tag-uchwala","tag-uchwala-kzd","tag-xxx-kzd"],"_links":{"self":[{"href":"https:\/\/www.solidarnosc.org.pl\/dok\/wp-json\/wp\/v2\/posts\/9728","targetHints":{"allow":["GET"]}}],"collection":[{"href":"https:\/\/www.solidarnosc.org.pl\/dok\/wp-json\/wp\/v2\/posts"}],"about":[{"href":"https:\/\/www.solidarnosc.org.pl\/dok\/wp-json\/wp\/v2\/types\/post"}],"author":[{"embeddable":true,"href":"https:\/\/www.solidarnosc.org.pl\/dok\/wp-json\/wp\/v2\/users\/3"}],"replies":[{"embeddable":true,"href":"https:\/\/www.solidarnosc.org.pl\/dok\/wp-json\/wp\/v2\/comments?post=9728"}],"version-history":[{"count":0,"href":"https:\/\/www.solidarnosc.org.pl\/dok\/wp-json\/wp\/v2\/posts\/9728\/revisions"}],"wp:attachment":[{"href":"https:\/\/www.solidarnosc.org.pl\/dok\/wp-json\/wp\/v2\/media?parent=9728"}],"wp:term":[{"taxonomy":"category","embeddable":true,"href":"https:\/\/www.solidarnosc.org.pl\/dok\/wp-json\/wp\/v2\/categories?post=9728"},{"taxonomy":"post_tag","embeddable":true,"href":"https:\/\/www.solidarnosc.org.pl\/dok\/wp-json\/wp\/v2\/tags?post=9728"}],"curies":[{"name":"wp","href":"https:\/\/api.w.org\/{rel}","templated":true}]}}