{"id":9716,"date":"2022-05-27T11:36:35","date_gmt":"2022-05-27T09:36:35","guid":{"rendered":"https:\/\/www.solidarnosc.org.pl\/dok\/?p=9716"},"modified":"2022-05-27T11:36:35","modified_gmt":"2022-05-27T09:36:35","slug":"uchwala-nr-14-xxx-kzd-ws-zmian-w-1-ust-1-pkt-3-uchwaly-nr-5-xix-kzd-ws-dzialalnosci-finansowej-zwiazku","status":"publish","type":"post","link":"https:\/\/www.solidarnosc.org.pl\/dok\/2022\/05\/27\/uchwala-nr-14-xxx-kzd-ws-zmian-w-1-ust-1-pkt-3-uchwaly-nr-5-xix-kzd-ws-dzialalnosci-finansowej-zwiazku\/","title":{"rendered":"UCHWA\u0141A Nr 14 XXX KZD ws. zmian w \u00a7 1 ust. 1 pkt 3 Uchwa\u0142y Nr 5 XIX KZD ws. dzia\u0142alno\u015bci finansowej Zwi\u0105zku"},"content":{"rendered":"<p>\n\tKrajowy Zjazd Delegat&oacute;w wprowadza nast\u0119puj\u0105ce zmiany w uchwale nr 5 XIX KZD:<\/p>\n<p>\n\t&sect; 1 ust. 1 pkt 3 otrzymuje brzmienie:<\/p>\n<p>\n\t3\/ dla emeryt&oacute;w, rencist&oacute;w, os&oacute;b przebywaj\u0105cych na zasi\u0142kach i \u015bwiadczeniach przedemerytalnych, dla bezrobotnych i os&oacute;b przebywaj\u0105cych na urlopach bezp\u0142atnych &ndash; w tym wychowawczych &ndash; wysoko\u015b\u0107 sk\u0142adki cz\u0142onkowskiej uchwala w\u0142adza stanowi\u0105ca podstawowej jednostki organizacyjnej Zwi\u0105zku.<br \/>\n\tPodpunkt 4\/ w tym ust\u0119pie skre\u015bla si\u0119.<\/p>\n<p>\n\tUchwa\u0142a wchodzi w \u017cycie z dniem podj\u0119cia.<\/p>\n<p><\/p>\n","protected":false},"excerpt":{"rendered":"<p>Krajowy Zjazd Delegat&oacute;w wprowadza nast\u0119puj\u0105ce zmiany w uchwale nr 5 XIX KZD: &sect; 1 ust. 1 pkt 3 otrzymuje brzmienie: 3\/ dla emeryt&oacute;w, rencist&oacute;w, os&oacute;b przebywaj\u0105cych na zasi\u0142kach i \u015bwiadczeniach przedemerytalnych, dla bezrobotnych i os&oacute;b przebywaj\u0105cych na urlopach bezp\u0142atnych &ndash; w tym wychowawczych &ndash; wysoko\u015b\u0107 sk\u0142adki cz\u0142onkowskiej uchwala w\u0142adza stanowi\u0105ca podstawowej jednostki organizacyjnej Zwi\u0105zku. Podpunkt [&hellip;]<\/p>\n","protected":false},"author":3,"featured_media":0,"comment_status":"closed","ping_status":"closed","sticky":false,"template":"","format":"standard","meta":{"footnotes":""},"categories":[93,16],"tags":[3192,508,3105,2636,62,2638,3044,3178],"class_list":["post-9716","post","type-post","status-publish","format-standard","hentry","category-30kzd","category-dokkzd","tag-14-xxx-kzd","tag-508","tag-5-xix-kzd","tag-kzd","tag-uchwala","tag-uchwala-kzd","tag-xix-kzd","tag-xxx-kzd"],"_links":{"self":[{"href":"https:\/\/www.solidarnosc.org.pl\/dok\/wp-json\/wp\/v2\/posts\/9716","targetHints":{"allow":["GET"]}}],"collection":[{"href":"https:\/\/www.solidarnosc.org.pl\/dok\/wp-json\/wp\/v2\/posts"}],"about":[{"href":"https:\/\/www.solidarnosc.org.pl\/dok\/wp-json\/wp\/v2\/types\/post"}],"author":[{"embeddable":true,"href":"https:\/\/www.solidarnosc.org.pl\/dok\/wp-json\/wp\/v2\/users\/3"}],"replies":[{"embeddable":true,"href":"https:\/\/www.solidarnosc.org.pl\/dok\/wp-json\/wp\/v2\/comments?post=9716"}],"version-history":[{"count":0,"href":"https:\/\/www.solidarnosc.org.pl\/dok\/wp-json\/wp\/v2\/posts\/9716\/revisions"}],"wp:attachment":[{"href":"https:\/\/www.solidarnosc.org.pl\/dok\/wp-json\/wp\/v2\/media?parent=9716"}],"wp:term":[{"taxonomy":"category","embeddable":true,"href":"https:\/\/www.solidarnosc.org.pl\/dok\/wp-json\/wp\/v2\/categories?post=9716"},{"taxonomy":"post_tag","embeddable":true,"href":"https:\/\/www.solidarnosc.org.pl\/dok\/wp-json\/wp\/v2\/tags?post=9716"}],"curies":[{"name":"wp","href":"https:\/\/api.w.org\/{rel}","templated":true}]}}