{"id":971,"date":"2012-08-29T10:20:00","date_gmt":"2012-08-29T08:20:00","guid":{"rendered":"http:\/\/www.solidarnosc.org.pl\/dok\/?p=971"},"modified":"2024-08-06T11:48:43","modified_gmt":"2024-08-06T09:48:43","slug":"stanowisko-kk-nr-1812-ws-32-rocznicy-podpisania-porozumien-sierpniowych","status":"publish","type":"post","link":"https:\/\/www.solidarnosc.org.pl\/dok\/2012\/08\/29\/stanowisko-kk-nr-1812-ws-32-rocznicy-podpisania-porozumien-sierpniowych\/","title":{"rendered":"Stanowisko KK nr 18\/12 ws. 32. rocznicy podpisania Porozumie\u0144 Sierpniowych"},"content":{"rendered":"<p style=\"text-align: justify;\"><em>32 lata temu z wielkiej solidarno\u015bci milion\u00f3w ludzi powsta\u0142 Niezale\u017cny Samorz\u0105dny Zwi\u0105zek Zawodowy, mo\u017cliwe sta\u0142o si\u0119 obalenie imperium z\u0142a. Zwyci\u0119stwo Sierpnia i narodziny \u201eSolidarno\u015bci\u201d by\u0142y mo\u017cliwe dzi\u0119ki fenomenowi jedno\u015bci\u00a0 Polak\u00f3w, dzi\u0119ki temu \u017ce potrafili\u015bmy odnale\u017a\u0107 entuzjazm i si\u0142\u0119 do budowy wolnej Ojczyzny. Wydarzenia te s\u0105 jedn\u0105 z\u00a0najpi\u0119kniejszych kart historii naszego Narodu.<\/em><\/p>\n<p style=\"text-align: justify;\"><em>\u00a0<\/em>W przededniu 32. rocznicy zako\u0144czenia strajk\u00f3w, kt\u00f3re da\u0142y pocz\u0105tek niezale\u017cnemu ruchowi zwi\u0105zkowemu, Komisja Krajowa NSZZ \u201eSolidarno\u015b\u0107\u201d obraduj\u0105ca w historycznej Sali BHP sk\u0142ada\u00a0 ho\u0142d wszystkim, kt\u00f3rzy w 1980 r.\u00a0 nie zawahali si\u0119\u00a0 wyst\u0105pi\u0107 przeciwko totalitarnemu pa\u0144stwu i rozpocz\u0105\u0107 marsz ku wolnej, suwerennej Rzeczypospolitej.<\/p>\n<p style=\"text-align: justify;\">Podpisanie porozumie\u0144 w Szczecinie, Gda\u0144sku i Jastrz\u0119biu by\u0142o ziszczeniem marze\u0144 Polak\u00f3w o prawie do podmiotowego traktowania cz\u0142owieka pracy, godnego \u017cycia i godnej pracy, do swobodnego zrzeszania si\u0119. Sierpie\u0144 1980 r. by\u0142 wielkim triumfem wiary milion\u00f3w Polak\u00f3w w to, i\u017c w \u017cyciu jednostki i w \u017cyciu narodu wa\u017cne s\u0105 takie warto\u015bci jak: prawda, sprawiedliwo\u015b\u0107, solidarno\u015b\u0107.<\/p>\n<p style=\"text-align: justify;\">Dzisiaj, po 32 latach sierpniowe postulaty nadal pozostaj\u0105 aktualne i &#8211; w wolnej ju\u017c Polsce &#8211; nadal trzeba walczy\u0107 o poszanowanie podstawowych praw pracowniczych, zwi\u0105zkowych i obywatelskich. Mimo pozytywnych zmian wielu z nas \u017cyje w przekonaniu, \u017ce przemiany te nie spe\u0142ni\u0142y oczekiwa\u0144. NSZZ \u201eSolidarno\u015b\u0107\u201d z du\u017cym niepokojem obserwuje rosn\u0105ce bezrobocie &#8211; szczeg\u00f3lnie w\u015br\u00f3d ludzi m\u0142odych, poszerzanie stref ub\u00f3stwa w\u015br\u00f3d emeryt\u00f3w i rodzin wielodzietnych, przerzucanie skutk\u00f3w kryzysu na najbardziej potrzebuj\u0105cych wsparcia. Walka z tymi negatywnymi zjawiskami, to wielkie zobowi\u0105zanie dla NSZZ \u201eSolidarno\u015b\u0107\u201d.<\/p>\n<p style=\"text-align: justify;\">W tym szczeg\u00f3lnym momencie Komisja Krajowa NSZZ \u201eSolidarno\u015b\u0107\u201d wyra\u017ca g\u0142\u0119bokie oburzenie umieszczeniem przez w\u0142adze Gda\u0144ska napisu Stocznia Gda\u0144ska im. Lenina nad bram\u0105 nr 2.<\/p>\n<p style=\"text-align: justify;\">Umieszczenie nazwiska przyw\u00f3dcy bolszewickiej rewolucji przywo\u0142uj\u0105cego w pami\u0119ci mroczny okres zniewolenia jakim by\u0142 komunizm kompromituje autor\u00f3w tego pomys\u0142u. Obra\u017ca tych, kt\u00f3rzy w 1980 r. powstali, by upomnie\u0107 si\u0119 o prawo do \u017cycia w wolnym kraju. Brama, kt\u00f3ra sta\u0142a si\u0119 symbolem walki o woln\u0105 Polsk\u0119, przez kt\u00f3r\u0105 codziennie przechodz\u0105 robotnicy, cz\u0119sto uczestnicy strajk\u00f3w z 1980 r. nadal pracuj\u0105cy w Stoczni, nie mo\u017ce by\u0107 miejscem promowania autora milionowych zbrodni. Miejscem symboli komunizmu i nazizmu powinien by\u0107 \u015bmietnik historii.<\/p>\n","protected":false},"excerpt":{"rendered":"<p>32 lata temu z wielkiej solidarno\u015bci milion\u00f3w ludzi powsta\u0142 Niezale\u017cny Samorz\u0105dny Zwi\u0105zek Zawodowy, mo\u017cliwe sta\u0142o si\u0119 obalenie imperium z\u0142a. Zwyci\u0119stwo Sierpnia i narodziny \u201eSolidarno\u015bci\u201d by\u0142y mo\u017cliwe dzi\u0119ki fenomenowi jedno\u015bci\u00a0 Polak\u00f3w, dzi\u0119ki temu \u017ce potrafili\u015bmy odnale\u017a\u0107 entuzjazm i si\u0142\u0119 do budowy wolnej Ojczyzny. Wydarzenia te s\u0105 jedn\u0105 z\u00a0najpi\u0119kniejszych kart historii naszego Narodu. \u00a0W przededniu 32. rocznicy [&hellip;]<\/p>\n","protected":false},"author":3,"featured_media":0,"comment_status":"closed","ping_status":"closed","sticky":false,"template":"","format":"standard","meta":{"footnotes":""},"categories":[47,8],"tags":[3630,195,98,63,100],"class_list":["post-971","post","type-post","status-publish","format-standard","hentry","category-2012kk","category-dokkk","tag-18-12","tag-195","tag-kk","tag-stanowisko","tag-stanowisko-kk"],"_links":{"self":[{"href":"https:\/\/www.solidarnosc.org.pl\/dok\/wp-json\/wp\/v2\/posts\/971","targetHints":{"allow":["GET"]}}],"collection":[{"href":"https:\/\/www.solidarnosc.org.pl\/dok\/wp-json\/wp\/v2\/posts"}],"about":[{"href":"https:\/\/www.solidarnosc.org.pl\/dok\/wp-json\/wp\/v2\/types\/post"}],"author":[{"embeddable":true,"href":"https:\/\/www.solidarnosc.org.pl\/dok\/wp-json\/wp\/v2\/users\/3"}],"replies":[{"embeddable":true,"href":"https:\/\/www.solidarnosc.org.pl\/dok\/wp-json\/wp\/v2\/comments?post=971"}],"version-history":[{"count":3,"href":"https:\/\/www.solidarnosc.org.pl\/dok\/wp-json\/wp\/v2\/posts\/971\/revisions"}],"predecessor-version":[{"id":12353,"href":"https:\/\/www.solidarnosc.org.pl\/dok\/wp-json\/wp\/v2\/posts\/971\/revisions\/12353"}],"wp:attachment":[{"href":"https:\/\/www.solidarnosc.org.pl\/dok\/wp-json\/wp\/v2\/media?parent=971"}],"wp:term":[{"taxonomy":"category","embeddable":true,"href":"https:\/\/www.solidarnosc.org.pl\/dok\/wp-json\/wp\/v2\/categories?post=971"},{"taxonomy":"post_tag","embeddable":true,"href":"https:\/\/www.solidarnosc.org.pl\/dok\/wp-json\/wp\/v2\/tags?post=971"}],"curies":[{"name":"wp","href":"https:\/\/api.w.org\/{rel}","templated":true}]}}