{"id":97,"date":"1990-04-20T12:09:12","date_gmt":"1990-04-20T10:09:12","guid":{"rendered":"http:\/\/www.solidarnosc.org.pl\/dok\/?p=97"},"modified":"2012-09-27T13:05:52","modified_gmt":"2012-09-27T11:05:52","slug":"uchwala-nr-1-ws-zaproszenia-dla-czlonkow-kk-i-kkr-wybranych-na-i-kzd-ktorzy-nie-sa-delegatami-na-zjazd","status":"publish","type":"post","link":"https:\/\/www.solidarnosc.org.pl\/dok\/1990\/04\/20\/uchwala-nr-1-ws-zaproszenia-dla-czlonkow-kk-i-kkr-wybranych-na-i-kzd-ktorzy-nie-sa-delegatami-na-zjazd\/","title":{"rendered":"Uchwa\u0142a nr 1\/1990 ws. zaproszenia dla cz\u0142onk\u00f3w KK i KKR wybranych na I KZD, kt\u00f3rzy nie s\u0105 delegatami na Zjazd"},"content":{"rendered":"<p style=\"text-align: justify;\">II Krajowy Zjazd Delegat\u00f3w NSZZ &#8222;Solidarno\u015b\u0107&#8221; zaprasza w charakterze go\u015bci wszystkich cz\u0142onk\u00f3w Komisji Krajowej i Komisji Rewizyjnej wybranych na I Zje\u017adzie NSZZ &#8222;Solidarno\u015b\u0107&#8221; w 1981, kt\u00f3rzy nie s\u0105 delegatami na Zjazd.<\/p>\n<p>Gda\u0144sk, 20.04.1990 r.<\/p>\n","protected":false},"excerpt":{"rendered":"<p>II Krajowy Zjazd Delegat\u00f3w NSZZ &#8222;Solidarno\u015b\u0107&#8221; zaprasza w charakterze go\u015bci wszystkich cz\u0142onk\u00f3w Komisji Krajowej i Komisji Rewizyjnej wybranych na I Zje\u017adzie NSZZ &#8222;Solidarno\u015b\u0107&#8221; w 1981, kt\u00f3rzy nie s\u0105 delegatami na Zjazd. Gda\u0144sk, 20.04.1990 r.<\/p>\n","protected":false},"author":3,"featured_media":0,"comment_status":"closed","ping_status":"closed","sticky":false,"template":"","format":"standard","meta":{"footnotes":""},"categories":[18,16],"tags":[2694,2693,2639,2636,62,2638],"class_list":["post-97","post","type-post","status-publish","format-standard","hentry","category-2kzd","category-dokkzd","tag-1-1990","tag-2693","tag-i-kzd","tag-kzd","tag-uchwala","tag-uchwala-kzd"],"_links":{"self":[{"href":"https:\/\/www.solidarnosc.org.pl\/dok\/wp-json\/wp\/v2\/posts\/97","targetHints":{"allow":["GET"]}}],"collection":[{"href":"https:\/\/www.solidarnosc.org.pl\/dok\/wp-json\/wp\/v2\/posts"}],"about":[{"href":"https:\/\/www.solidarnosc.org.pl\/dok\/wp-json\/wp\/v2\/types\/post"}],"author":[{"embeddable":true,"href":"https:\/\/www.solidarnosc.org.pl\/dok\/wp-json\/wp\/v2\/users\/3"}],"replies":[{"embeddable":true,"href":"https:\/\/www.solidarnosc.org.pl\/dok\/wp-json\/wp\/v2\/comments?post=97"}],"version-history":[{"count":3,"href":"https:\/\/www.solidarnosc.org.pl\/dok\/wp-json\/wp\/v2\/posts\/97\/revisions"}],"predecessor-version":[{"id":99,"href":"https:\/\/www.solidarnosc.org.pl\/dok\/wp-json\/wp\/v2\/posts\/97\/revisions\/99"}],"wp:attachment":[{"href":"https:\/\/www.solidarnosc.org.pl\/dok\/wp-json\/wp\/v2\/media?parent=97"}],"wp:term":[{"taxonomy":"category","embeddable":true,"href":"https:\/\/www.solidarnosc.org.pl\/dok\/wp-json\/wp\/v2\/categories?post=97"},{"taxonomy":"post_tag","embeddable":true,"href":"https:\/\/www.solidarnosc.org.pl\/dok\/wp-json\/wp\/v2\/tags?post=97"}],"curies":[{"name":"wp","href":"https:\/\/api.w.org\/{rel}","templated":true}]}}