{"id":968,"date":"2012-08-29T10:21:05","date_gmt":"2012-08-29T08:21:05","guid":{"rendered":"http:\/\/www.solidarnosc.org.pl\/dok\/?p=968"},"modified":"2024-08-06T11:47:45","modified_gmt":"2024-08-06T09:47:45","slug":"stanowisko-kk-nr-192012-ws-rocznicy-wydarzen-lubinskich","status":"publish","type":"post","link":"https:\/\/www.solidarnosc.org.pl\/dok\/2012\/08\/29\/stanowisko-kk-nr-192012-ws-rocznicy-wydarzen-lubinskich\/","title":{"rendered":"Stanowisko KK nr 19\/12 ws. rocznicy wydarze\u0144 lubi\u0144skich"},"content":{"rendered":"<p style=\"text-align: justify;\">Komisja Krajowa NSZZ \u201eSolidarno\u015b\u0107\u201d oddaje ho\u0142d zabitym i rannym 31 sierpnia 1982r. podczas pokojowej manifestacji\u00a0 \u201eSolidarno\u015bci\u201d zwo\u0142anej w Lubinie w drug\u0105 rocznic\u0119 powstania NSZZ \u201eSolidarno\u015b\u0107\u201d.<\/p>\n<p style=\"text-align: justify;\">Krzy\u017ce i groby na lubi\u0105skiej ziemi s\u0105 symbolem d\u0105\u017cenia Polak\u00f3w do zachowania wiary, warto\u015bci i idea\u0142\u00f3w sierpniowych.<\/p>\n<p style=\"text-align: justify;\">Chwa\u0142a bohaterom!<\/p>\n","protected":false},"excerpt":{"rendered":"<p>Komisja Krajowa NSZZ \u201eSolidarno\u015b\u0107\u201d oddaje ho\u0142d zabitym i rannym 31 sierpnia 1982r. podczas pokojowej manifestacji\u00a0 \u201eSolidarno\u015bci\u201d zwo\u0142anej w Lubinie w drug\u0105 rocznic\u0119 powstania NSZZ \u201eSolidarno\u015b\u0107\u201d. Krzy\u017ce i groby na lubi\u0105skiej ziemi s\u0105 symbolem d\u0105\u017cenia Polak\u00f3w do zachowania wiary, warto\u015bci i idea\u0142\u00f3w sierpniowych. Chwa\u0142a bohaterom!<\/p>\n","protected":false},"author":3,"featured_media":0,"comment_status":"closed","ping_status":"closed","sticky":false,"template":"","format":"standard","meta":{"footnotes":""},"categories":[47,8],"tags":[3629,195,98,63,100],"class_list":["post-968","post","type-post","status-publish","format-standard","hentry","category-2012kk","category-dokkk","tag-19-12","tag-195","tag-kk","tag-stanowisko","tag-stanowisko-kk"],"_links":{"self":[{"href":"https:\/\/www.solidarnosc.org.pl\/dok\/wp-json\/wp\/v2\/posts\/968","targetHints":{"allow":["GET"]}}],"collection":[{"href":"https:\/\/www.solidarnosc.org.pl\/dok\/wp-json\/wp\/v2\/posts"}],"about":[{"href":"https:\/\/www.solidarnosc.org.pl\/dok\/wp-json\/wp\/v2\/types\/post"}],"author":[{"embeddable":true,"href":"https:\/\/www.solidarnosc.org.pl\/dok\/wp-json\/wp\/v2\/users\/3"}],"replies":[{"embeddable":true,"href":"https:\/\/www.solidarnosc.org.pl\/dok\/wp-json\/wp\/v2\/comments?post=968"}],"version-history":[{"count":2,"href":"https:\/\/www.solidarnosc.org.pl\/dok\/wp-json\/wp\/v2\/posts\/968\/revisions"}],"predecessor-version":[{"id":12352,"href":"https:\/\/www.solidarnosc.org.pl\/dok\/wp-json\/wp\/v2\/posts\/968\/revisions\/12352"}],"wp:attachment":[{"href":"https:\/\/www.solidarnosc.org.pl\/dok\/wp-json\/wp\/v2\/media?parent=968"}],"wp:term":[{"taxonomy":"category","embeddable":true,"href":"https:\/\/www.solidarnosc.org.pl\/dok\/wp-json\/wp\/v2\/categories?post=968"},{"taxonomy":"post_tag","embeddable":true,"href":"https:\/\/www.solidarnosc.org.pl\/dok\/wp-json\/wp\/v2\/tags?post=968"}],"curies":[{"name":"wp","href":"https:\/\/api.w.org\/{rel}","templated":true}]}}