{"id":9628,"date":"2022-04-06T07:51:38","date_gmt":"2022-04-06T05:51:38","guid":{"rendered":"https:\/\/www.solidarnosc.org.pl\/dok\/?p=9628"},"modified":"2022-04-06T07:51:38","modified_gmt":"2022-04-06T05:51:38","slug":"decyzja-prezydium-kk-nr-39-22-ws-zgody-na-uzycie-nazwy-i-znaku-graficznego-nszz-solidarnosc","status":"publish","type":"post","link":"https:\/\/www.solidarnosc.org.pl\/dok\/2022\/04\/06\/decyzja-prezydium-kk-nr-39-22-ws-zgody-na-uzycie-nazwy-i-znaku-graficznego-nszz-solidarnosc\/","title":{"rendered":"Decyzja Prezydium KK nr 39\/22 ws. zgody na u\u017cycie nazwy i znaku graficznego NSZZ \u201eSolidarno\u015b\u0107\u201d"},"content":{"rendered":"<p style=\"text-align: justify\">\n\tPrezydium Komisji Krajowej NSZZ &bdquo;Solidarno\u015b\u0107&rdquo;, na wniosek TV Working Studio z siedzib\u0105 w Warszawie, wyra\u017ca zgod\u0119 na u\u017cycie nazwy i znaku graficznego NSZZ &bdquo;Solidarno\u015b\u0107&rdquo; w filmie dokumentalnym zatytu\u0142owanym <em>Stocznia Gda\u0144ska &#8211; wolno\u015b\u0107 w oczach \u015bwiata<\/em>, powstaj\u0105cym na zlecenie Narodowego Instytutu Dziedzictwa.<\/p>\n<p>\n\t&nbsp;<\/p>\n<p><\/p>\n","protected":false},"excerpt":{"rendered":"<p>Prezydium Komisji Krajowej NSZZ &bdquo;Solidarno\u015b\u0107&rdquo;, na wniosek TV Working Studio z siedzib\u0105 w Warszawie, wyra\u017ca zgod\u0119 na u\u017cycie nazwy i znaku graficznego NSZZ &bdquo;Solidarno\u015b\u0107&rdquo; w filmie dokumentalnym zatytu\u0142owanym Stocznia Gda\u0144ska &#8211; wolno\u015b\u0107 w oczach \u015bwiata, powstaj\u0105cym na zlecenie Narodowego Instytutu Dziedzictwa. &nbsp;<\/p>\n","protected":false},"author":3,"featured_media":0,"comment_status":"closed","ping_status":"closed","sticky":false,"template":"","format":"standard","meta":{"footnotes":""},"categories":[91,9],"tags":[508,2503,61,536,534],"class_list":["post-9628","post","type-post","status-publish","format-standard","hentry","category-2022prezydium","category-dokprez","tag-508","tag-39-22","tag-decyzja","tag-decyzja-prezydium","tag-prezydium"],"_links":{"self":[{"href":"https:\/\/www.solidarnosc.org.pl\/dok\/wp-json\/wp\/v2\/posts\/9628","targetHints":{"allow":["GET"]}}],"collection":[{"href":"https:\/\/www.solidarnosc.org.pl\/dok\/wp-json\/wp\/v2\/posts"}],"about":[{"href":"https:\/\/www.solidarnosc.org.pl\/dok\/wp-json\/wp\/v2\/types\/post"}],"author":[{"embeddable":true,"href":"https:\/\/www.solidarnosc.org.pl\/dok\/wp-json\/wp\/v2\/users\/3"}],"replies":[{"embeddable":true,"href":"https:\/\/www.solidarnosc.org.pl\/dok\/wp-json\/wp\/v2\/comments?post=9628"}],"version-history":[{"count":0,"href":"https:\/\/www.solidarnosc.org.pl\/dok\/wp-json\/wp\/v2\/posts\/9628\/revisions"}],"wp:attachment":[{"href":"https:\/\/www.solidarnosc.org.pl\/dok\/wp-json\/wp\/v2\/media?parent=9628"}],"wp:term":[{"taxonomy":"category","embeddable":true,"href":"https:\/\/www.solidarnosc.org.pl\/dok\/wp-json\/wp\/v2\/categories?post=9628"},{"taxonomy":"post_tag","embeddable":true,"href":"https:\/\/www.solidarnosc.org.pl\/dok\/wp-json\/wp\/v2\/tags?post=9628"}],"curies":[{"name":"wp","href":"https:\/\/api.w.org\/{rel}","templated":true}]}}