{"id":9561,"date":"2022-01-27T08:52:41","date_gmt":"2022-01-27T07:52:41","guid":{"rendered":"https:\/\/www.solidarnosc.org.pl\/dok\/?p=9561"},"modified":"2022-01-27T08:52:41","modified_gmt":"2022-01-27T07:52:41","slug":"decyzja-prezydium-kk-nr-11-22-ws-czlonka-komitetu-doradczego-ds-bezpieczenstwa-i-ochrony-zdrowia-w-miejscu-pracy","status":"publish","type":"post","link":"https:\/\/www.solidarnosc.org.pl\/dok\/2022\/01\/27\/decyzja-prezydium-kk-nr-11-22-ws-czlonka-komitetu-doradczego-ds-bezpieczenstwa-i-ochrony-zdrowia-w-miejscu-pracy\/","title":{"rendered":"Decyzja Prezydium KK nr 11\/22 ws. cz\u0142onka Komitetu Doradczego ds. Bezpiecze\u0144stwa i Ochrony Zdrowia w Miejscu Pracy"},"content":{"rendered":"<p style=\"text-align: justify\">\n\tPrezydium Komisji Krajowej NSZZ &bdquo;Solidarno\u015b\u0107&rdquo; zg\u0142asza Paulin\u0119 Bara\u0144sk\u0105 na cz\u0142onka w Komitecie Doradczym ds. Bezpiecze\u0144stwa i Ochrony Zdrowia w Miejscu Pracy na now\u0105 kadencj\u0119 od 1 marca 2022 r. do 28 lutego 2025 r.<\/p>\n<p><\/p>\n","protected":false},"excerpt":{"rendered":"<p>Prezydium Komisji Krajowej NSZZ &bdquo;Solidarno\u015b\u0107&rdquo; zg\u0142asza Paulin\u0119 Bara\u0144sk\u0105 na cz\u0142onka w Komitecie Doradczym ds. Bezpiecze\u0144stwa i Ochrony Zdrowia w Miejscu Pracy na now\u0105 kadencj\u0119 od 1 marca 2022 r. do 28 lutego 2025 r.<\/p>\n","protected":false},"author":3,"featured_media":0,"comment_status":"closed","ping_status":"closed","sticky":false,"template":"","format":"standard","meta":{"footnotes":""},"categories":[91,9],"tags":[519,508,61,536,534],"class_list":["post-9561","post","type-post","status-publish","format-standard","hentry","category-2022prezydium","category-dokprez","tag-11-22","tag-508","tag-decyzja","tag-decyzja-prezydium","tag-prezydium"],"_links":{"self":[{"href":"https:\/\/www.solidarnosc.org.pl\/dok\/wp-json\/wp\/v2\/posts\/9561","targetHints":{"allow":["GET"]}}],"collection":[{"href":"https:\/\/www.solidarnosc.org.pl\/dok\/wp-json\/wp\/v2\/posts"}],"about":[{"href":"https:\/\/www.solidarnosc.org.pl\/dok\/wp-json\/wp\/v2\/types\/post"}],"author":[{"embeddable":true,"href":"https:\/\/www.solidarnosc.org.pl\/dok\/wp-json\/wp\/v2\/users\/3"}],"replies":[{"embeddable":true,"href":"https:\/\/www.solidarnosc.org.pl\/dok\/wp-json\/wp\/v2\/comments?post=9561"}],"version-history":[{"count":0,"href":"https:\/\/www.solidarnosc.org.pl\/dok\/wp-json\/wp\/v2\/posts\/9561\/revisions"}],"wp:attachment":[{"href":"https:\/\/www.solidarnosc.org.pl\/dok\/wp-json\/wp\/v2\/media?parent=9561"}],"wp:term":[{"taxonomy":"category","embeddable":true,"href":"https:\/\/www.solidarnosc.org.pl\/dok\/wp-json\/wp\/v2\/categories?post=9561"},{"taxonomy":"post_tag","embeddable":true,"href":"https:\/\/www.solidarnosc.org.pl\/dok\/wp-json\/wp\/v2\/tags?post=9561"}],"curies":[{"name":"wp","href":"https:\/\/api.w.org\/{rel}","templated":true}]}}