{"id":9540,"date":"2021-12-21T09:00:00","date_gmt":"2021-12-21T08:00:00","guid":{"rendered":"https:\/\/www.solidarnosc.org.pl\/dok\/?p=9540"},"modified":"2021-12-21T09:00:00","modified_gmt":"2021-12-21T08:00:00","slug":"decyzja-prezydium-kk-nr-189-21ws-opinii-do-projektu-ustawy-o-zmianie-ustawy-o-zasadach-uznawania-kwalifikacji-zawodowych-nabytych-w-panstwach-czlonkowskich-unii-europejskiej","status":"publish","type":"post","link":"https:\/\/www.solidarnosc.org.pl\/dok\/2021\/12\/21\/decyzja-prezydium-kk-nr-189-21ws-opinii-do-projektu-ustawy-o-zmianie-ustawy-o-zasadach-uznawania-kwalifikacji-zawodowych-nabytych-w-panstwach-czlonkowskich-unii-europejskiej\/","title":{"rendered":"Decyzja Prezydium KK nr 189\/21 ws. opinii do projektu ustawy o zmianie ustawy o zasadach uznawania kwalifikacji zawodowych nabytych w pa\u0144stwach cz\u0142onkowskich Unii Europejskiej"},"content":{"rendered":"<p style=\"text-align: justify\">\n\tPrezydium Komisji Krajowej NSZZ &bdquo;Solidarno\u015b\u0107&rdquo; nie zg\u0142asza uwag do projektu ustawy Ministra Edukacji i Nauki o zmianie ustawy o zasadach uznawania kwalifikacji zawodowych nabytych w pa\u0144stwach cz\u0142onkowskich Unii Europejskiej (nr w wykazie prac legislacyjnych &#8211; UC107).<\/p>\n<p>\n\t&nbsp;<\/p>\n<p><\/p>\n","protected":false},"excerpt":{"rendered":"<p>Prezydium Komisji Krajowej NSZZ &bdquo;Solidarno\u015b\u0107&rdquo; nie zg\u0142asza uwag do projektu ustawy Ministra Edukacji i Nauki o zmianie ustawy o zasadach uznawania kwalifikacji zawodowych nabytych w pa\u0144stwach cz\u0142onkowskich Unii Europejskiej (nr w wykazie prac legislacyjnych &#8211; UC107). &nbsp;<\/p>\n","protected":false},"author":3,"featured_media":0,"comment_status":"closed","ping_status":"closed","sticky":false,"template":"","format":"standard","meta":{"footnotes":""},"categories":[89,9],"tags":[2486,496,61,536,534],"class_list":["post-9540","post","type-post","status-publish","format-standard","hentry","category-2021prezydium","category-dokprez","tag-189-21","tag-496","tag-decyzja","tag-decyzja-prezydium","tag-prezydium"],"_links":{"self":[{"href":"https:\/\/www.solidarnosc.org.pl\/dok\/wp-json\/wp\/v2\/posts\/9540","targetHints":{"allow":["GET"]}}],"collection":[{"href":"https:\/\/www.solidarnosc.org.pl\/dok\/wp-json\/wp\/v2\/posts"}],"about":[{"href":"https:\/\/www.solidarnosc.org.pl\/dok\/wp-json\/wp\/v2\/types\/post"}],"author":[{"embeddable":true,"href":"https:\/\/www.solidarnosc.org.pl\/dok\/wp-json\/wp\/v2\/users\/3"}],"replies":[{"embeddable":true,"href":"https:\/\/www.solidarnosc.org.pl\/dok\/wp-json\/wp\/v2\/comments?post=9540"}],"version-history":[{"count":0,"href":"https:\/\/www.solidarnosc.org.pl\/dok\/wp-json\/wp\/v2\/posts\/9540\/revisions"}],"wp:attachment":[{"href":"https:\/\/www.solidarnosc.org.pl\/dok\/wp-json\/wp\/v2\/media?parent=9540"}],"wp:term":[{"taxonomy":"category","embeddable":true,"href":"https:\/\/www.solidarnosc.org.pl\/dok\/wp-json\/wp\/v2\/categories?post=9540"},{"taxonomy":"post_tag","embeddable":true,"href":"https:\/\/www.solidarnosc.org.pl\/dok\/wp-json\/wp\/v2\/tags?post=9540"}],"curies":[{"name":"wp","href":"https:\/\/api.w.org\/{rel}","templated":true}]}}