{"id":9514,"date":"2021-12-08T14:23:02","date_gmt":"2021-12-08T13:23:02","guid":{"rendered":"https:\/\/www.solidarnosc.org.pl\/dok\/?p=9514"},"modified":"2021-12-08T14:23:02","modified_gmt":"2021-12-08T13:23:02","slug":"decyzja-prezydium-kk-nr-176-21-ws-opinii-do-projektu-rozporzadzenia-prezesa-rady-ministrow-zmieniajacego-rozporzadzenie-w-sprawie-trybu-zglaszania-kandydatow-na-czlonkow-rady-nadzorczej-zakladu-ubezpi","status":"publish","type":"post","link":"https:\/\/www.solidarnosc.org.pl\/dok\/2021\/12\/08\/decyzja-prezydium-kk-nr-176-21-ws-opinii-do-projektu-rozporzadzenia-prezesa-rady-ministrow-zmieniajacego-rozporzadzenie-w-sprawie-trybu-zglaszania-kandydatow-na-czlonkow-rady-nadzorczej-zakladu-ubezpi\/","title":{"rendered":"Decyzja Prezydium KK nr 176\/21 ws. opinii do projektu rozporz\u0105dzenia Prezesa Rady Ministr\u00f3w zmieniaj\u0105cego rozporz\u0105dzenie w sprawie trybu zg\u0142aszania kandydat\u00f3w na cz\u0142onk\u00f3w  Rady Nadzorczej Zak\u0142adu Ubezpiecze\u0144(&#8230;)"},"content":{"rendered":"<p align=\"center\">\n\tDecyzja<br \/>\n\tPrezydium KK<br \/>\n\tnr 176\/21<br \/>\n\tws. opinii do projektu rozporz\u0105dzenia Prezesa Rady Ministr&oacute;w zmieniaj\u0105cego<br \/>\n\trozporz\u0105dzenie w sprawie trybu zg\u0142aszania kandydat&oacute;w na cz\u0142onk&oacute;w<br \/>\n\tRady Nadzorczej Zak\u0142adu Ubezpiecze\u0144 Spo\u0142ecznych,<br \/>\n\tregulaminu Rady Nadzorczej i zasad wynagradzania jej cz\u0142onk&oacute;w<br \/>\n\t(projekt z dnia 16.11.2021 r.)<\/p>\n<p align=\"center\">\n\t&nbsp;<\/p>\n<p style=\"text-align: justify\">\n\tPrezydium Komisji Krajowej NSZZ &bdquo;Solidarno\u015b\u0107&rdquo;pozytywnie ocenia te propozycje zawarte w projekcie rozporz\u0105dzenia Prezesa Rady Ministr&oacute;w zmieniaj\u0105cego rozporz\u0105dzenie&nbsp;w sprawie trybu zg\u0142aszania kandydat&oacute;w na cz\u0142onk&oacute;w Rady Nadzorczej Zak\u0142adu Ubezpiecze\u0144 Spo\u0142ecznych, regulaminu Rady Nadzorczej i zasad wynagradzania jej cz\u0142onk&oacute;w, zwanego dalej &bdquo;projektem rozporz\u0105dzenia zmieniaj\u0105cego&rdquo;, kt&oacute;re:<\/p>\n<ol>\n<li style=\"text-align: justify\">\n\t\tdostosowuj\u0105 tre\u015b\u0107 rozporz\u0105dzenia Prezesa Rady Ministr&oacute;w z dnia 28 grudnia 1998 r. w sprawie trybu zg\u0142aszania kandydat&oacute;w na cz\u0142onk&oacute;w Rady Nadzorczej Zak\u0142adu Ubezpiecze\u0144 Spo\u0142ecznych, regulaminu Rady Nadzorczej i zasad wynagradzania jej cz\u0142onk&oacute;w (Dz. U. Nr 164, poz. 1167, z p&oacute;\u017an. zm.), zwanego dalej &bdquo;rozporz\u0105dzeniem Prezesa Rady Ministr&oacute;w z 28 grudnia 1998 r.&rdquo; do nowego brzmienia art. 75 ust. 1 ustawy o systemie ubezpiecze\u0144 spo\u0142ecznych,<\/li>\n<li style=\"text-align: justify\">\n\t\tokre\u015blaj\u0105 zasady odbywania posiedze\u0144 Rady Nadzorczej w spos&oacute;b zdalny w przypadku zaistnienia okoliczno\u015bci utrudniaj\u0105cych lub uniemo\u017cliwiaj\u0105cych zgromadzenie si\u0119 jej cz\u0142onk&oacute;w np. w stanach zagro\u017cenia epidemicznego lub epidemii.<\/li>\n<\/ol>\n<p style=\"text-align: justify\">\n\tNa mocy art. 1 pkt 25 ustawy z dnia 24 czerwca 2021 r. o zmianie ustawy o systemie ubezpiecze\u0144 spo\u0142ecznych oraz niekt&oacute;rych innych ustaw (Dz. U. z 2021 r. poz. 1621) wprowadzona zosta\u0142a zasada, \u017ce Rada Nadzorcza ZUS sk\u0142ada si\u0119 z 10 cz\u0142onk&oacute;w oraz, \u017ce ka\u017cda z trzech stron dialogu spo\u0142ecznego jest reprezentowana w Radzie Nadzorczej ZUS przez r&oacute;wn\u0105 liczb\u0119 3 cz\u0142onk&oacute;w, niezale\u017cnie od liczby organizacji pracodawc&oacute;w oraz organizacji zwi\u0105zkowych reprezentatywnych w rozumieniu ustawy z dnia 24 lipca 2015 r. o Radzie Dialogu Spo\u0142ecznego i innych instytucjach dialogu spo\u0142ecznego (Dz. U. z 2018 r. poz. 2232, z p&oacute;\u017an. zm.). Og&oacute;lnokrajowe organizacje emeryt&oacute;w i rencist&oacute;w zachowa\u0142y dotychczasowe uprawnienie do wskazania 1 cz\u0142onka Rady Nadzorczej. W projekcie rozporz\u0105dzenia zmieniaj\u0105cego przewiduje si\u0119, \u017ce w przypadku, gdy liczba reprezentatywnych organizacji pracodawc&oacute;w i organizacji zwi\u0105zkowych by\u0142aby inna ni\u017c liczba przypadaj\u0105cych im miejsc w Radzie, organizacje te uzgadnia\u0142yby kandydat&oacute;w mi\u0119dzy sob\u0105. Je\u017celi nie uda\u0142oby si\u0119 im osi\u0105gn\u0105\u0107 porozumienia w tej kwestii, wyboru kandydat&oacute;w, w oparciu o kryterium kwalifikacji, dokonywa\u0142by minister w\u0142a\u015bciwy w sprawach zabezpieczenia spo\u0142ecznego.<\/p>\n<p style=\"text-align: justify\">\n\tW projekcie rozporz\u0105dzenia zmieniaj\u0105cego proponuje si\u0119 wprowadzenie przepis&oacute;w okre\u015blaj\u0105cych tryb zwo\u0142ywania posiedzenia w formie zdalnej, wprowadzaj\u0105cych definicj\u0119 tej formy posiedze\u0144, wskazuj\u0105cych warunki odbywania posiedzenia w formie zdalnej, okre\u015blaj\u0105cych zasady post\u0119powania w przypadku stwierdzenia niespe\u0142nienia tych warunk&oacute;w, a tak\u017ce wskazuj\u0105cych zasady podejmowania uchwa\u0142 na takich posiedzeniach. Powy\u017csze zasady mia\u0142yby zastosowanie tak\u017ce do posiedze\u0144 zespo\u0142&oacute;w problemowych Rady. W projekcie rozporz\u0105dzenia zmieniaj\u0105cego zaproponowano r&oacute;wnie\u017c doprecyzowanie i uproszczenie trybu podejmowania uchwa\u0142 w formie zdalnej bez zwo\u0142ywania posiedzenia.<\/p>\n<p style=\"text-align: justify\">\n\tNa negatywn\u0105 ocen\u0119 zas\u0142ugujenatomiast, zawarta w projekcie rozporz\u0105dzenia zmieniaj\u0105cego, propozycja uchylenia &sect; 4 ust. 3 pkt 5 rozporz\u0105dzenia Prezesa Rady Ministr&oacute;w z 28 grudnia 1998 r. Przywo\u0142ywany przepis przewiduje, \u017ce do zada\u0144 przewodnicz\u0105cego Rady Nadzorczej nale\u017cy nadz&oacute;r merytoryczny nad dzia\u0142alno\u015bci\u0105 Biura Rady. W uzasadnieniu projektu rozporz\u0105dzenia zmieniaj\u0105cego, jako pow&oacute;d proponowanej zmiany, wskazuje si\u0119 wydanie nowego rozporz\u0105dzenia Ministra Rodziny i Polityki Spo\u0142ecznej z dnia 4 marca 2021 r. w sprawie nadania statutu Zak\u0142adowi Ubezpiecze\u0144 Spo\u0142ecznych (Dz. U. z 2021 r. poz. 431) i zwi\u0105zan\u0105 z tym likwidacj\u0119 biura Rady Nadzorczej Zak\u0142adu Ubezpiecze\u0144 Spo\u0142ecznych. Nie jest to prawda. W nowym statucie Zak\u0142adu Ubezpiecze\u0144 Spo\u0142ecznych (obowi\u0105zuj\u0105cym od dnia 25 marca 2021 r.) zrezygnowano jedynie z okre\u015blania kom&oacute;rek organizacyjnych Centrali Zak\u0142adu (&sect; 5 uchylonego statutu Zak\u0142adu Ubezpiecze\u0144 Spo\u0142ecznych nadanego mocy rozporz\u0105dzenia MPiPS z dnia 13 stycznia 2011 r.) na rzecz zasady, i\u017c szczeg&oacute;\u0142ow\u0105 organizacj\u0119 centrali, w tym kom&oacute;rki organizacyjne centrali oraz zakres ich dzia\u0142ania okre\u015bla regulamin organizacyjny Zak\u0142adu nadawany Zak\u0142adowi przez Prezesa Zak\u0142adu. Do chwili obecnej taki regulamin organizacyjny przewiduj\u0105cy likwidacj\u0119 Biura Rady Nadzorczej Zak\u0142adu nie zosta\u0142 wydany, co mo\u017ce \u015bwiadczy\u0107 r&oacute;wnie\u017c o tym, \u017ce tak\u017ce Prezes Zak\u0142adu dostrzega potrzeb\u0119 funkcjonowania Biura Rady Nadzorczej w strukturze organizacyjnej centrali Zak\u0142adu.<\/p>\n<p style=\"text-align: justify\">\n\tPrzeciwko likwidacji Biura Rady Nadzorczej Zak\u0142adu przemawiaj\u0105 istotne wzgl\u0119dy merytoryczne. Zgodnie z art. 72 ustawy o systemie ubezpiecze\u0144 spo\u0142ecznych Rada Nadzorcza Zak\u0142adu jest odr\u0119bnym od Prezesa oraz Zarz\u0105du Zak\u0142adu organem Zak\u0142adu. Do jej kompetencji nale\u017cy m.in. a) ustalanie wynagrodzenia cz\u0142onk&oacute;w Zarz\u0105du, z wy\u0142\u0105czeniem Prezesa, b) okresowa ocena pracy Zarz\u0105du, c) zatwierdzanie rocznego planu finansowego Zak\u0142adu oraz zmian do planu i sprawozdania z jego wykonania, a tak\u017ce rocznego sprawozdania z dzia\u0142alno\u015bci Zak\u0142adu,d) opiniowanie projekt&oacute;w plan&oacute;w finansowych FUS i FRD oraz sprawozda\u0144 z ich wykonania, e)wyb&oacute;r bieg\u0142ego rewidenta wykonuj\u0105cego badanie rocznego sprawozdania finansowego Zak\u0142adu, FUS i FRD, f) wyb&oacute;r aktuariusza dzia\u0142aj\u0105cego na podstawie przepis&oacute;w o dzia\u0142alno\u015bci ubezpieczeniowej, kt&oacute;ry sporz\u0105dzi opini\u0119 do wieloletniej prognozy krocz\u0105cej dochod&oacute;w i wydatk&oacute;w funduszu emerytalnego. S\u0105 to kompetencje, kt&oacute;rych prawid\u0142owa i niezale\u017cna realizacja nie jest mo\u017cliwa przy wykorzystaniu os&oacute;b zatrudnionych w jednostkach organizacyjnych Centrali Zak\u0142adu podleg\u0142ych Prezesowi lub Zarz\u0105dowi Zak\u0142adu, bowiem przy wykonywaniu zada\u0144 w zakresie obs\u0142ugi techniczno-organizacyjnej prac Rady w przypadku takich os&oacute;b mo\u017ce doj\u015b\u0107 do konfliktu interes&oacute;w. Jest to sytuacja niepo\u017c\u0105dana r&oacute;wnie\u017c z punktu widzenia pozosta\u0142ych organ&oacute;w Zak\u0142adu tj. jego Prezesa i Zarz\u0105du.<\/p>\n<p style=\"text-align: justify\">\n\tUtrzymanie Biura Rady Nadzorczej w strukturze organizacyjnej Centrali Zak\u0142adu oraz nadzoru merytorycznego przewodnicz\u0105cego Rady nad jego dzia\u0142alno\u015bci\u0105 uzasadnione jest r&oacute;wnie\u017c z powodu tego, \u017ce praca tego biura nie jest ograniczona wy\u0142\u0105cznie do obs\u0142ugi posiedze\u0144 Rady lecz obejmuje tak\u017ce okres pomi\u0119dzy posiedzeniami, kiedy to do zada\u0144 tego biura nale\u017cy przygotowywanie i gromadzenie dokumentacji potrzebnej do odbycia kolejnego posiedzenia oraz obs\u0142uga obszernej korespondencji kierowanej do Rady m.in. przez liczne organizacje zwi\u0105zkowe dzia\u0142aj\u0105ce w Zak\u0142adzie a tak\u017ce za\u0142atwianie spraw i wniosk&oacute;w zg\u0142aszanych przez poszczeg&oacute;lnych cz\u0142onk&oacute;w Rady Nadzorczej. Nale\u017cy nadmieni\u0107, \u017ce obs\u0142ug\u0119 techniczno-organizacyjn\u0105 prac Rady Nadzorczej wykonuje do tej pory Biuro, w kt&oacute;rym zatrudnionych jest \u0142\u0105cznie 4. pracownik&oacute;w na og&oacute;ln\u0105 liczb\u0119 oko\u0142o 1500 pracownik&oacute;w Centrali Zak\u0142adu.<\/p>\n<p><\/p>\n","protected":false},"excerpt":{"rendered":"<p>Decyzja Prezydium KK nr 176\/21 ws. opinii do projektu rozporz\u0105dzenia Prezesa Rady Ministr&oacute;w zmieniaj\u0105cego rozporz\u0105dzenie w sprawie trybu zg\u0142aszania kandydat&oacute;w na cz\u0142onk&oacute;w Rady Nadzorczej Zak\u0142adu Ubezpiecze\u0144 Spo\u0142ecznych, regulaminu Rady Nadzorczej i zasad wynagradzania jej cz\u0142onk&oacute;w (projekt z dnia 16.11.2021 r.) &nbsp; Prezydium Komisji Krajowej NSZZ &bdquo;Solidarno\u015b\u0107&rdquo;pozytywnie ocenia te propozycje zawarte w projekcie rozporz\u0105dzenia Prezesa Rady [&hellip;]<\/p>\n","protected":false},"author":3,"featured_media":0,"comment_status":"closed","ping_status":"closed","sticky":false,"template":"","format":"standard","meta":{"footnotes":""},"categories":[89,9],"tags":[2473,496,61,536,534],"class_list":["post-9514","post","type-post","status-publish","format-standard","hentry","category-2021prezydium","category-dokprez","tag-176-21","tag-496","tag-decyzja","tag-decyzja-prezydium","tag-prezydium"],"_links":{"self":[{"href":"https:\/\/www.solidarnosc.org.pl\/dok\/wp-json\/wp\/v2\/posts\/9514","targetHints":{"allow":["GET"]}}],"collection":[{"href":"https:\/\/www.solidarnosc.org.pl\/dok\/wp-json\/wp\/v2\/posts"}],"about":[{"href":"https:\/\/www.solidarnosc.org.pl\/dok\/wp-json\/wp\/v2\/types\/post"}],"author":[{"embeddable":true,"href":"https:\/\/www.solidarnosc.org.pl\/dok\/wp-json\/wp\/v2\/users\/3"}],"replies":[{"embeddable":true,"href":"https:\/\/www.solidarnosc.org.pl\/dok\/wp-json\/wp\/v2\/comments?post=9514"}],"version-history":[{"count":0,"href":"https:\/\/www.solidarnosc.org.pl\/dok\/wp-json\/wp\/v2\/posts\/9514\/revisions"}],"wp:attachment":[{"href":"https:\/\/www.solidarnosc.org.pl\/dok\/wp-json\/wp\/v2\/media?parent=9514"}],"wp:term":[{"taxonomy":"category","embeddable":true,"href":"https:\/\/www.solidarnosc.org.pl\/dok\/wp-json\/wp\/v2\/categories?post=9514"},{"taxonomy":"post_tag","embeddable":true,"href":"https:\/\/www.solidarnosc.org.pl\/dok\/wp-json\/wp\/v2\/tags?post=9514"}],"curies":[{"name":"wp","href":"https:\/\/api.w.org\/{rel}","templated":true}]}}