{"id":9512,"date":"2021-12-08T14:13:40","date_gmt":"2021-12-08T13:13:40","guid":{"rendered":"https:\/\/www.solidarnosc.org.pl\/dok\/?p=9512"},"modified":"2021-12-08T14:13:40","modified_gmt":"2021-12-08T13:13:40","slug":"decyzja-prezydium-kk-nr-175-21-ws-opinii-w-sprawie-projektu-uchwaly-rady-ministrow-w-sprawie-przyjecia-projektu-programu-fundusze-europejskie-pomoc-zywnosciowa-2021-2027-nr-ic18","status":"publish","type":"post","link":"https:\/\/www.solidarnosc.org.pl\/dok\/2021\/12\/08\/decyzja-prezydium-kk-nr-175-21-ws-opinii-w-sprawie-projektu-uchwaly-rady-ministrow-w-sprawie-przyjecia-projektu-programu-fundusze-europejskie-pomoc-zywnosciowa-2021-2027-nr-ic18\/","title":{"rendered":"Decyzja Prezydium KK nr 175\/21 ws. opinii w sprawie projektu uchwa\u0142y Rady Ministr\u00f3w w sprawie przyj\u0119cia projektu Programu Fundusze Europejskie Pomoc \u017bywno\u015bciowa 2021-2027 (nr IC18)"},"content":{"rendered":"<p style=\"text-align: justify\">\n\tPrezydium Komisji Krajowej NSZZ &bdquo;Solidarno\u015b\u0107&rdquo; przedstawia opini\u0119 w przedmiocie projektu uchwa\u0142y Rady Ministr&oacute;w w sprawie przyj\u0119cia projektu Programu Fundusze Europejskie Pomoc \u017bywno\u015bciowa 2021-2027.<\/p>\n<p style=\"text-align: justify\">\n\tDotychczas do otrzymania pomocy w ramach PO P\u017b uprawnia\u0142o \u0142\u0105czne spe\u0142nienie dw&oacute;ch warunk&oacute;w: kryterium dochodowego okre\u015blonego art. 8 oraz jednej z przes\u0142anek trudnej sytuacji \u017cyciowej, okre\u015blonych w art. 7 <em>ustawy o pomocy spo\u0142ecznej.<\/em> W latach 2014-2016 obowi\u0105zywa\u0142o kryterium dochodowe na poziomie 150% kryterium ustawowego uprawniaj\u0105cego do pomocy spo\u0142ecznej, podwy\u017cszone w latach 2017-2020 do 200%, a 26 listopada 2020r. do 220% <em>(s.2 rozdz.2.1).<\/em> <strong>Z uwagi na wzrost kryterium dochodowego od 1 stycznia 2022r. nale\u017cy r&oacute;wnie\u017c zmieni\u0107 wytyczne dotycz\u0105ce kryterium kwalifikowalno\u015bci os&oacute;b do statusu osoby najbardziej potrzebuj\u0105cej. <\/strong><\/p>\n<p style=\"text-align: justify\">\n\tZ uwagi na relatywn\u0105 popraw\u0119 sytuacji materialnej rodzin z dzie\u0107mi, m.in. dzi\u0119ki \u015bwiadczeniu wychowawczemu(tzw. 500+), zainteresowanie pomoc\u0105 \u017cywno\u015bciow\u0105 w\u015br&oacute;d cz\u0119\u015bci rodzin spada, natomiast zwi\u0119ksza si\u0119 udzia\u0142 os&oacute;b starszych powy\u017cej 65 roku \u017cycia w\u015br&oacute;d beneficjent&oacute;w tej formy pomocy <em>(s.6 rozdz. 2.3).<\/em><strong>Z tego wzgl\u0119du nale\u017cy rozwa\u017cy\u0107 zwi\u0119kszenie<\/strong> <strong>kryterium kwalifikowalno\u015bci os&oacute;b do statusu osoby najbardziej potrzebuj\u0105cej do poziomu 300% tak, by seniorzy mogli r&oacute;wnie\u017c korzysta\u0107 z tego wsparcia. Wielu z nich nie korzysta ze wsparcia pomocy spo\u0142ecznej, gdy\u017c emerytury przekraczaj\u0105 bardzo niskie kryterium dost\u0119pno\u015bci do \u015bwiadcze\u0144 z systemu pomocy spo\u0142ecznej. Jednocze\u015bnie stale rosn\u0105ce koszty utrzymania oraz zakupu lek&oacute;w na tyle zuba\u017caj\u0105 bud\u017cet domowy, \u017ce zmuszeni s\u0105 oszcz\u0119dza\u0107 na \u017cywno\u015bci. <\/strong><\/p>\n<p style=\"text-align: justify\">\n\tPomoc\u0105 obj\u0119te b\u0119d\u0105 osoby i rodziny znajduj\u0105ce si\u0119 w trudnej sytuacji \u017cyciowej, dopuszczaj\u0105cej korzystanie z pomocy spo\u0142ecznej z powod&oacute;w wskazanych w art. 7 ustawy o pomocy spo\u0142ecznej, kt&oacute;rych doch&oacute;d nie przekroczy okre\u015blonego poziomu, ustalonego procentowo w stosunku do dochodu uprawniaj\u0105cego do korzystania z pomocy spo\u0142ecznej. OPS b\u0119d\u0105 wydawa\u0107 osobom skierowania do pomocy \u017cywno\u015bciowej lub przekazywa\u0107 OPR albo OPL listy os&oacute;b zakwalifikowanych do pomocy z FEP\u017b, pod warunkiem uzyskania ich zgody <em>(s.9 rozdz.5). <\/em><\/p>\n<p style=\"text-align: justify\">\n\t<strong>W\u0105tpliwo\u015b\u0107 budzi konieczno\u015b\u0107 weryfikowania sytuacji materialnej i rodzinnej os&oacute;b, kt&oacute;re ze wzgl\u0119d&oacute;w obiektywnych nie s\u0105 znane OPS i mog\u0105 mie\u0107 opory przed udzielaniem informacji czy wywiadem \u015brodowiskowym skoro pomoc nie stanowi stricte wsparcia z pomocy spo\u0142ecznej. Utrudnienie mo\u017ce nadal stanowi\u0107 pandemia, kt&oacute;ra ogranicza aktywno\u015b\u0107 pracownik&oacute;w socjalnych.<\/strong><\/p>\n<p>\n\t&nbsp;<\/p>\n<p>\n\t&nbsp;<\/p>\n<p><\/p>\n","protected":false},"excerpt":{"rendered":"<p>Prezydium Komisji Krajowej NSZZ &bdquo;Solidarno\u015b\u0107&rdquo; przedstawia opini\u0119 w przedmiocie projektu uchwa\u0142y Rady Ministr&oacute;w w sprawie przyj\u0119cia projektu Programu Fundusze Europejskie Pomoc \u017bywno\u015bciowa 2021-2027. Dotychczas do otrzymania pomocy w ramach PO P\u017b uprawnia\u0142o \u0142\u0105czne spe\u0142nienie dw&oacute;ch warunk&oacute;w: kryterium dochodowego okre\u015blonego art. 8 oraz jednej z przes\u0142anek trudnej sytuacji \u017cyciowej, okre\u015blonych w art. 7 ustawy o pomocy [&hellip;]<\/p>\n","protected":false},"author":3,"featured_media":0,"comment_status":"closed","ping_status":"closed","sticky":false,"template":"","format":"standard","meta":{"footnotes":""},"categories":[89,9],"tags":[2472,496,61,536,534],"class_list":["post-9512","post","type-post","status-publish","format-standard","hentry","category-2021prezydium","category-dokprez","tag-175-21","tag-496","tag-decyzja","tag-decyzja-prezydium","tag-prezydium"],"_links":{"self":[{"href":"https:\/\/www.solidarnosc.org.pl\/dok\/wp-json\/wp\/v2\/posts\/9512","targetHints":{"allow":["GET"]}}],"collection":[{"href":"https:\/\/www.solidarnosc.org.pl\/dok\/wp-json\/wp\/v2\/posts"}],"about":[{"href":"https:\/\/www.solidarnosc.org.pl\/dok\/wp-json\/wp\/v2\/types\/post"}],"author":[{"embeddable":true,"href":"https:\/\/www.solidarnosc.org.pl\/dok\/wp-json\/wp\/v2\/users\/3"}],"replies":[{"embeddable":true,"href":"https:\/\/www.solidarnosc.org.pl\/dok\/wp-json\/wp\/v2\/comments?post=9512"}],"version-history":[{"count":0,"href":"https:\/\/www.solidarnosc.org.pl\/dok\/wp-json\/wp\/v2\/posts\/9512\/revisions"}],"wp:attachment":[{"href":"https:\/\/www.solidarnosc.org.pl\/dok\/wp-json\/wp\/v2\/media?parent=9512"}],"wp:term":[{"taxonomy":"category","embeddable":true,"href":"https:\/\/www.solidarnosc.org.pl\/dok\/wp-json\/wp\/v2\/categories?post=9512"},{"taxonomy":"post_tag","embeddable":true,"href":"https:\/\/www.solidarnosc.org.pl\/dok\/wp-json\/wp\/v2\/tags?post=9512"}],"curies":[{"name":"wp","href":"https:\/\/api.w.org\/{rel}","templated":true}]}}