{"id":9439,"date":"2021-10-06T10:39:47","date_gmt":"2021-10-06T08:39:47","guid":{"rendered":"https:\/\/www.solidarnosc.org.pl\/dok\/?p=9439"},"modified":"2021-10-06T10:39:47","modified_gmt":"2021-10-06T08:39:47","slug":"decyzja-prezydium-kk-nr-135-21-ws-opinii-o-projekcie-krajowego-programu-rozwoju-ekonomii-spolecznej-do-2030-r-ekonomia-solidarnosci-spolecznej","status":"publish","type":"post","link":"https:\/\/www.solidarnosc.org.pl\/dok\/2021\/10\/06\/decyzja-prezydium-kk-nr-135-21-ws-opinii-o-projekcie-krajowego-programu-rozwoju-ekonomii-spolecznej-do-2030-r-ekonomia-solidarnosci-spolecznej\/","title":{"rendered":"Decyzja Prezydium KK nr 135\/21 ws. opinii o projekcie Krajowego Programu Rozwoju Ekonomii Spo\u0142ecznej do 2030 r. Ekonomia Solidarno\u015bci Spo\u0142ecznej"},"content":{"rendered":"<p style=\"text-align: justify\">\n\tPrezydium Komisji Krajowej NSZZ &bdquo;Solidarno\u015b\u0107&rdquo; pozytywnie ocenia projekt <em>Krajowego Programu Rozwoju Ekonomii Spo\u0142ecznej do 2030r. Ekonomia Solidarno\u015bci Spo\u0142ecznej<\/em>.<br \/>\n\tCelem projektowanego Programu ma by\u0107 przede wszystkim uporz\u0105dkowanie kierunk&oacute;w interwencji publicznej i dzia\u0142a\u0144 wp\u0142ywaj\u0105cych na mo\u017cliwo\u015b\u0107 wykorzystania aktywno\u015bci podmiot&oacute;w sektora ekonomii spo\u0142ecznej w ramach rynku pracy. Ma ona sta\u0107 si\u0119 tym instrumentem aktywnej polityki spo\u0142ecznej, kt&oacute;ra przyczyni si\u0119 do rozwoju lokalnego.<br \/>\n\tNSZZ &bdquo;Solidarno\u015b\u0107&rdquo; zgadza si\u0119 z za\u0142o\u017ceniami projektu <em>Krajowego Programu Rozwoju Ekonomii Spo\u0142ecznej do 2030 roku. Ekonomia Solidarno\u015bci Spo\u0142ecznej<\/em>, w zakresie poj\u0119cia &bdquo;Solidarnego rynku pracy&rdquo;. Prawid\u0142owo okre\u015blono w nim przedsi\u0119wzi\u0119cia odno\u015bnie maksymalnego wykorzystania potencja\u0142u zasob&oacute;w ludzkich oraz przeciwdzia\u0142ania ub&oacute;stwu i wykluczeniu spo\u0142ecznemu. Wpisuj\u0105 si\u0119 w nie planowane dzia\u0142ania w postaci: zwi\u0119kszenia nak\u0142ad&oacute;w na aktywizacj\u0119 zawodow\u0105, u\u0142atwienia prowadzenia dzia\u0142alno\u015bci przez podmioty zatrudnienia socjalnego, wsparcie kszta\u0142cenia zawodowego i specjalnego. W powy\u017cszym zakresie mowa jest o kszta\u0142ceniu, szkoleniu, aktywizacji na otwartym rynku pracy, aktywizacji w ramach mo\u017cliwo\u015bci danej osoby niepe\u0142nosprawnej (praca zdalna, na p&oacute;\u0142 etatu).<br \/>\n\tPozytywnie nale\u017cy oceni\u0107 tak\u017ce dzia\u0142ania polegaj\u0105ce m.in. na wzmocnieniu roli warsztat&oacute;w terapii zaj\u0119ciowej oraz zak\u0142ad&oacute;w aktywno\u015bci zawodowej w rehabilitacji zawodowej i spo\u0142ecznej os&oacute;b niepe\u0142nosprawnych.<br \/>\n\tW opinii NSZZ &bdquo;Solidarno\u015b\u0107&rdquo; wyczerpuj\u0105co przedstawiono cele i dzia\u0142ania Programu, jednak\u017ce istot\u0119 tych rozwi\u0105za\u0144 b\u0119dzie mo\u017cna w pe\u0142ni oceni\u0107 dopiero na podstawie konkretnych propozycji legislacyjnych.<\/p>\n<p><\/p>\n","protected":false},"excerpt":{"rendered":"<p>Prezydium Komisji Krajowej NSZZ &bdquo;Solidarno\u015b\u0107&rdquo; pozytywnie ocenia projekt Krajowego Programu Rozwoju Ekonomii Spo\u0142ecznej do 2030r. Ekonomia Solidarno\u015bci Spo\u0142ecznej. Celem projektowanego Programu ma by\u0107 przede wszystkim uporz\u0105dkowanie kierunk&oacute;w interwencji publicznej i dzia\u0142a\u0144 wp\u0142ywaj\u0105cych na mo\u017cliwo\u015b\u0107 wykorzystania aktywno\u015bci podmiot&oacute;w sektora ekonomii spo\u0142ecznej w ramach rynku pracy. Ma ona sta\u0107 si\u0119 tym instrumentem aktywnej polityki spo\u0142ecznej, kt&oacute;ra przyczyni [&hellip;]<\/p>\n","protected":false},"author":3,"featured_media":0,"comment_status":"closed","ping_status":"closed","sticky":false,"template":"","format":"standard","meta":{"footnotes":""},"categories":[89,9],"tags":[2433,496,61,536,534],"class_list":["post-9439","post","type-post","status-publish","format-standard","hentry","category-2021prezydium","category-dokprez","tag-135-21","tag-496","tag-decyzja","tag-decyzja-prezydium","tag-prezydium"],"_links":{"self":[{"href":"https:\/\/www.solidarnosc.org.pl\/dok\/wp-json\/wp\/v2\/posts\/9439","targetHints":{"allow":["GET"]}}],"collection":[{"href":"https:\/\/www.solidarnosc.org.pl\/dok\/wp-json\/wp\/v2\/posts"}],"about":[{"href":"https:\/\/www.solidarnosc.org.pl\/dok\/wp-json\/wp\/v2\/types\/post"}],"author":[{"embeddable":true,"href":"https:\/\/www.solidarnosc.org.pl\/dok\/wp-json\/wp\/v2\/users\/3"}],"replies":[{"embeddable":true,"href":"https:\/\/www.solidarnosc.org.pl\/dok\/wp-json\/wp\/v2\/comments?post=9439"}],"version-history":[{"count":0,"href":"https:\/\/www.solidarnosc.org.pl\/dok\/wp-json\/wp\/v2\/posts\/9439\/revisions"}],"wp:attachment":[{"href":"https:\/\/www.solidarnosc.org.pl\/dok\/wp-json\/wp\/v2\/media?parent=9439"}],"wp:term":[{"taxonomy":"category","embeddable":true,"href":"https:\/\/www.solidarnosc.org.pl\/dok\/wp-json\/wp\/v2\/categories?post=9439"},{"taxonomy":"post_tag","embeddable":true,"href":"https:\/\/www.solidarnosc.org.pl\/dok\/wp-json\/wp\/v2\/tags?post=9439"}],"curies":[{"name":"wp","href":"https:\/\/api.w.org\/{rel}","templated":true}]}}