{"id":9428,"date":"2021-10-05T10:15:40","date_gmt":"2021-10-05T08:15:40","guid":{"rendered":"https:\/\/www.solidarnosc.org.pl\/dok\/?p=9428"},"modified":"2021-10-05T10:15:40","modified_gmt":"2021-10-05T08:15:40","slug":"stanowisko-kk-1-21-ws-sytuacji-kompleksu-wydobywczo-energetycznego-turow-oraz-dzialania-republiki-czeskiej-i-instytucji-unijnych","status":"publish","type":"post","link":"https:\/\/www.solidarnosc.org.pl\/dok\/2021\/10\/05\/stanowisko-kk-1-21-ws-sytuacji-kompleksu-wydobywczo-energetycznego-turow-oraz-dzialania-republiki-czeskiej-i-instytucji-unijnych\/","title":{"rendered":"Stanowisko KK nr 1\/21 ws. sytuacji kompleksu wydobywczo-energetycznego Tur\u00f3w oraz dzia\u0142ania Republiki Czeskiej i Instytucji Unijnych"},"content":{"rendered":"<p style=\"text-align: justify\">\n\t&nbsp;<\/p>\n<div style=\"text-align: justify\">\n\tKomisja Krajowa NSZZ &bdquo;Solidarno\u015b\u0107&rdquo; z niepokojem obserwuje bie\u017c\u0105c\u0105 sytuacj\u0119 kompleksu wydobywczo-energetycznego Tur&oacute;w wynikaj\u0105c\u0105 z dzia\u0142a\u0144 Republiki Czeskiej i instytucji unijnych oraz popiera wszelkie dzia\u0142ania Krajowego Sekretariatu G&oacute;rnictwa i Energetyki NSZZ &bdquo;Solidarno\u015b\u0107&rdquo; w obronie kopalni i tysi\u0119cy miejsc pracy.<\/div>\n<div style=\"text-align: justify\">\n\t&nbsp;<\/div>\n<div style=\"text-align: justify\">\n\tDecyzje Trybuna\u0142u Sprawiedliwo\u015bci Unii Europejskiej, z 21 maja 2021 roku o natychmiastowym wstrzymaniu wydobycia w Kopalni W\u0119gla Brunatnego Tur&oacute;w oraz z 20 wrze\u015bnia 2021 roku o na\u0142o\u017ceniu na Polsk\u0119 wielomilionowych kar finansowych naruszaj\u0105 bezpiecze\u0144stwo energetyczne i suwerenno\u015b\u0107 naszej Ojczyzny. Szczeg&oacute;lnie skandaliczne jednoosobowe postanowienie Wiceprzewodnicz\u0105cej TSUE s\u0119dzi Rosarii Silvy de Lapuerta podwa\u017ca jeden z filar&oacute;w Wsp&oacute;lnoty Europejskiej &ndash; wsp&oacute;lnot\u0119 bezpiecze\u0144stwa.<\/div>\n<div style=\"text-align: justify\">\n\t&nbsp;<\/div>\n<div style=\"text-align: justify\">\n\tRealizacja takiej decyzji stanowi bezpo\u015brednie, rzeczywiste zagro\u017cenie dla \u017cycia i zdrowia poprzez utrat\u0119 \u017ar&oacute;d\u0142a dostaw wody i ciep\u0142a dla mieszka\u0144c&oacute;w Bogatyni oraz odebranie \u017ar&oacute;d\u0142a utrzymania tysi\u0119cy rodzin z ca\u0142ego regionu, skazuj\u0105c ich na g\u0142&oacute;d i ub&oacute;stwo. Stanowi te\u017c dla ca\u0142ego kraju &#8211; w nast\u0119pstwie niedobor&oacute;w energii w Krajowym Systemie Energetycznym &ndash; zagro\u017cenie drastycznego wzrostu cen oraz ryzyka wyst\u0119powania przerw w dostawach.<\/div>\n<div style=\"text-align: justify\">\n\t&nbsp;<\/div>\n<div style=\"text-align: justify\">\n\tPolacy wci\u0105\u017c maj\u0105 w pami\u0119ci okupacj\u0119 sowieck\u0105 wraz z narzuconym, niewydolnym gospodarczo systemem komunistycznym, b\u0119d\u0105cym \u017ar&oacute;d\u0142em biedy i zacofania. Praktyki ograniczania mo\u017cliwo\u015bci rozwoju, kt&oacute;rych do\u015bwiadcza\u0142 nasz nar&oacute;d w przesz\u0142o\u015bci, dzisiaj stosowane s\u0105 przez brukselskich urz\u0119dnik&oacute;w. Skutki takiej polityki odczuli\u015bmyju\u017c wielokrotnie, czego wymownym przyk\u0142adem jest zamkni\u0119cie przez Komisj\u0119 Europejsk\u0105 polskich stoczni. M\u0105drzejsi o te do\u015bwiadczenia sprzeciwiamy si\u0119 ustanowienia naszego kraju skansenem minionych epok i \u017ar&oacute;d\u0142em taniej si\u0142y roboczej, bez w\u0142asnego przemys\u0142u i bez w\u0142asnego zdania.<\/div>\n<div style=\"text-align: justify\">\n\t&nbsp;<\/div>\n<div style=\"text-align: justify\">\n\tNie zgadzamy si\u0119 na tak\u0105 wizj\u0119 wsp&oacute;lnoty europejskiej, gdzie wyst\u0119puje bezprawie s\u0119dzi&oacute;w, niszczenie polskiej gospodarki oraz polskiego spo\u0142ecze\u0144stwa. Odmawiamy narzucaniu ideologii, kt&oacute;re pod has\u0142ami ochrony \u015brodowiska, wolno\u015bci i demokracji d\u0105\u017c\u0105 do dominacji finansowej i politycznej nad naszym narodem.<\/div>\n<div style=\"text-align: justify\">\n\t&nbsp;<\/div>\n<div style=\"text-align: justify\">\n\t\u017b\u0105damy zaprzestania dzia\u0142a\u0144 prowadz\u0105cych do upadku gospodarczego regionu zwi\u0105zanego z kopalni\u0105 i elektrowni\u0105 Tur&oacute;w oraz tworzenia fa\u0142szywych spor&oacute;w mi\u0119dzy \u017cyj\u0105cymi dotychczas w przyja\u017ani mieszka\u0144cami Polski i Czech.<\/div>\n<div style=\"text-align: justify\">\n\t&nbsp;<\/div>\n<div style=\"text-align: justify\">\n\tNie zgadzamy si\u0119 na dyskryminacj\u0119 nowoczesnego i ekologicznego przedsi\u0119biorstwa g&oacute;rniczego, kt&oacute;re przez lata reagowa\u0142o na wszelkie zastrze\u017cenia zg\u0142aszane przez czeskich i niemieckich s\u0105siad&oacute;w. Przedsi\u0119biorstwa, kt&oacute;re w poczuciu wsp&oacute;lnej odpowiedzialno\u015bci za dobro i zdrowie otaczaj\u0105cego \u015brodowiska zawsze dzia\u0142a\u0142o w koncepcji spo\u0142ecznej odpowiedzialno\u015bci biznesu. Nie zgadzamy si\u0119 na zamkni\u0119cie kompleksu Tur&oacute;w.<\/div>\n<div style=\"text-align: justify\">\n\t&nbsp;<\/div>\n<div style=\"text-align: justify\">\n\tOdrzucamy zewn\u0119trzn\u0105 ingerencj\u0119 w bezpiecze\u0144stwo energetyczne Polski. Kraju, kt&oacute;ry zapocz\u0105tkowa\u0142 przemiany w ca\u0142ej Europie, kt&oacute;ry zapewni\u0142, \u017ce poczucie wsp&oacute;lnotyto nie tylko puste s\u0142owa, ale rzeczywista wiarygodno\u015b\u0107, sprawiedliwo\u015b\u0107 i patriotyzm.<\/div>\n<div style=\"text-align: justify\">\n\t&nbsp;<\/div>\n<div style=\"text-align: justify\">\n\tWzywamy wszystkich polskich europarlamentarzyst&oacute;w do jedno\u015bci w obronie polskiego pracownika i polskiej gospodarki, do jedno\u015bci w obronie Turowa.<\/div>\n<div style=\"text-align: justify\">\n\t&nbsp;<\/div>\n<div style=\"text-align: justify\">\n\tKomisja Krajowa NSZZ &bdquo;Solidarno\u015b\u0107&rdquo; podejmie wszelkie mo\u017cliwe dzia\u0142ania w obronie kompleksu Tur&oacute;w, w obronie polskiej energetyki i sprawiedliwej transformacji energetycznej. W obronie Polski, jej niezale\u017cno\u015bci i dalszego rozwoju.<\/div>\n<div>\n\t&nbsp;<\/div>\n<p><\/p>\n","protected":false},"excerpt":{"rendered":"<p>&nbsp; Komisja Krajowa NSZZ &bdquo;Solidarno\u015b\u0107&rdquo; z niepokojem obserwuje bie\u017c\u0105c\u0105 sytuacj\u0119 kompleksu wydobywczo-energetycznego Tur&oacute;w wynikaj\u0105c\u0105 z dzia\u0142a\u0144 Republiki Czeskiej i instytucji unijnych oraz popiera wszelkie dzia\u0142ania Krajowego Sekretariatu G&oacute;rnictwa i Energetyki NSZZ &bdquo;Solidarno\u015b\u0107&rdquo; w obronie kopalni i tysi\u0119cy miejsc pracy. &nbsp; Decyzje Trybuna\u0142u Sprawiedliwo\u015bci Unii Europejskiej, z 21 maja 2021 roku o natychmiastowym wstrzymaniu wydobycia w [&hellip;]<\/p>\n","protected":false},"author":3,"featured_media":0,"comment_status":"closed","ping_status":"closed","sticky":false,"template":"","format":"standard","meta":{"footnotes":""},"categories":[90,8],"tags":[497,496,98,63,100],"class_list":["post-9428","post","type-post","status-publish","format-standard","hentry","category-2021kk","category-dokkk","tag-1-21","tag-496","tag-kk","tag-stanowisko","tag-stanowisko-kk"],"_links":{"self":[{"href":"https:\/\/www.solidarnosc.org.pl\/dok\/wp-json\/wp\/v2\/posts\/9428","targetHints":{"allow":["GET"]}}],"collection":[{"href":"https:\/\/www.solidarnosc.org.pl\/dok\/wp-json\/wp\/v2\/posts"}],"about":[{"href":"https:\/\/www.solidarnosc.org.pl\/dok\/wp-json\/wp\/v2\/types\/post"}],"author":[{"embeddable":true,"href":"https:\/\/www.solidarnosc.org.pl\/dok\/wp-json\/wp\/v2\/users\/3"}],"replies":[{"embeddable":true,"href":"https:\/\/www.solidarnosc.org.pl\/dok\/wp-json\/wp\/v2\/comments?post=9428"}],"version-history":[{"count":0,"href":"https:\/\/www.solidarnosc.org.pl\/dok\/wp-json\/wp\/v2\/posts\/9428\/revisions"}],"wp:attachment":[{"href":"https:\/\/www.solidarnosc.org.pl\/dok\/wp-json\/wp\/v2\/media?parent=9428"}],"wp:term":[{"taxonomy":"category","embeddable":true,"href":"https:\/\/www.solidarnosc.org.pl\/dok\/wp-json\/wp\/v2\/categories?post=9428"},{"taxonomy":"post_tag","embeddable":true,"href":"https:\/\/www.solidarnosc.org.pl\/dok\/wp-json\/wp\/v2\/tags?post=9428"}],"curies":[{"name":"wp","href":"https:\/\/api.w.org\/{rel}","templated":true}]}}