{"id":9176,"date":"2021-01-27T09:01:09","date_gmt":"2021-01-27T08:01:09","guid":{"rendered":"https:\/\/www.solidarnosc.org.pl\/dok\/?p=9176"},"modified":"2021-01-27T09:01:09","modified_gmt":"2021-01-27T08:01:09","slug":"decyzja-prezydium-kk-nr-10-21-ws-projektu-ustawy-o-zmianie-ustawy-o-prawach-konsumenta-oraz-ustawy-kodeks-cywilny-projekt-z-16-wrzesnia-2020-r","status":"publish","type":"post","link":"https:\/\/www.solidarnosc.org.pl\/dok\/2021\/01\/27\/decyzja-prezydium-kk-nr-10-21-ws-projektu-ustawy-o-zmianie-ustawy-o-prawach-konsumenta-oraz-ustawy-kodeks-cywilny-projekt-z-16-wrzesnia-2020-r\/","title":{"rendered":"Decyzja Prezydium KK nr 10\/21 ws. projektu ustawy o zmianie ustawy o prawach konsumenta oraz ustawy  \u2013 Kodeks cywilny (projekt z 16 wrze\u015bnia 2020 r.)"},"content":{"rendered":"<p style=\"text-align: justify\">\n\tPrezydium Komisji Krajowej NSZZ &bdquo;Solidarno\u015b\u0107&rdquo; przedstawia negatywn\u0105 opini\u0119 do projektu ustawy <em>o prawach konsumenta oraz ustawy &ndash; Kodeks cywilny (projekt z 16 wrze\u015bnia 2020 r.) <\/em><\/p>\n<p style=\"text-align: justify\">\n\tZgodnie z uzasadnieniem do projektu Celem projektu jest implementacja dyrektywy Parlamentu Europejskiego i Rady (UE) 2019\/770 z dnia 20 maja 2019 r. w sprawie niekt&oacute;rych aspekt&oacute;w um&oacute;w o dostarczanie tre\u015bci cyfrowych i us\u0142ug cyfrowych (Dz. Urz. UE L 136<br \/>\n\tz 22.05.2019, str. 1 i Dz. Urz. UE L 305 z 26.11.2019 str. 60; dalej: &bdquo;DCD&rdquo; lub &bdquo;dyrektywa cyfrowa&rdquo;) oraz dyrektywy Parlamentu Europejskiego i Rady (UE) 2019\/771 z dnia 20 maja 2019 r. w sprawie niekt&oacute;rych aspekt&oacute;w um&oacute;w sprzeda\u017cy towar&oacute;w, zmieniaj\u0105cej rozporz\u0105dzenie (UE) 2017\/2394 oraz dyrektyw\u0119 2009\/22\/WE oraz uchylaj\u0105cej dyrektyw\u0119 1999\/44\/WE (Dz. Urz. UE L 136 z 22.05.2019, str. 28 i Dz. Urz. UE L 305 z 26.11.2019 str. 63; dalej: &bdquo;SGD&rdquo;. Przedmiotowe dyrektywy opieraj\u0105 si\u0119 na harmonizacji maksymalnej (art. 4), co oznacza, \u017ce pa\u0144stwa cz\u0142onkowskie nie mog\u0105 przyjmowa\u0107, ani utrzymywa\u0107 regulacji odmiennych od tych przyj\u0119tych w dyrektywach, w tym ustanawia\u0107 wy\u017cszego poziomu ochrony konsument&oacute;w. W zasadzie tej wyst\u0119puj\u0105 jednak wyj\u0105tki.<\/p>\n<p style=\"text-align: justify\">\n\tPrezydium Komisji Krajowej przedstawia nast\u0119puj\u0105ce uwagi:<\/p>\n<p style=\"text-align: justify\">\n\t&nbsp;<\/p>\n<ol>\n<li style=\"text-align: justify\">\n\t\tTre\u015b\u0107 uzasadnienia do projektu jest sprzeczna z tre\u015bci\u0105 projektu.<\/li>\n<\/ol>\n<p style=\"text-align: justify\">\n\tZgodnie z zawartym w art. 1 pkt 5 ) projektu, dodawanym art. 43a <em>Do um&oacute;w zobowi\u0105zuj\u0105cych do przeniesienia na konsumenta w\u0142asno\u015bci towaru, w tym w szczeg&oacute;lno\u015bci um&oacute;w sprzeda\u017cy, um&oacute;w dostawy oraz um&oacute;w o dzie\u0142o b\u0119d\u0105ce towarem, nie stosuje si\u0119 przepis&oacute;w dzia\u0142u III tytu\u0142u XI ksi\u0119gi trzeciej ustawy z dnia 23 kwietnia 1964 r. &ndash; Kodeks cywilny (Dz. U. z 2019 r. poz. 1145 i 1495, Dz. U. z 2020 r. poz. 875). W razie braku zgodno\u015bci towaru z umow\u0105, konsumentowi przys\u0142uguj\u0105 uprawnienia okre\u015blone w niniejszym rozdziale. <\/em>Ksi\u0119ga trzeciaTytu\u0142 XI, Dzia\u0142 III Kodeksu cywilnego zawiera przepisy dotycz\u0105ce gwarancji przy sprzeda\u017cy. Zatem zgodnie z brzmieniem przytoczonego dodawanego przepisu, do wymienionych w nim um&oacute;w nie b\u0119d\u0105 mia\u0142y zastosowania przepisu Kodeksu cywilnego dotycz\u0105ce gwarancji (Dzia\u0142 III), zastosowanie natomiast znajd\u0105 przepisy dotycz\u0105ce r\u0119kojmi (Dzia\u0142 II). Uzasadnienie do projektu &ndash; &bdquo;Art. 43a jednoznacznie przes\u0105dza o odr\u0119bno\u015bci nowo projektowanych regulacji wzgl\u0119dem og&oacute;lnych przepis&oacute;w Kodeksu cywilnego w zakresie r\u0119kojmi i gwarancji.&rdquo; (str. 6 uzasadnienia) &ndash; pozostaje w sprzeczno\u015bci z tre\u015bci\u0105 proponowanego przepisu. Natomiast na str. 3 uzasadnienia, w cz\u0119\u015bci zawieraj\u0105cej argumenty przemawiaj\u0105ce za implementowaniem dyrektyw w drodze zmian wprowadzanych w ustawie o prawach konsumenta, a nie zmian do Kodeksu cywilnego, projektodawca wskazuje, i\u017c <em>zaimplementowanie dyrektyw do ustawyo prawach konsumenta stworzy sp&oacute;jn\u0105 i w zasadzie zamkni\u0119t\u0105 regulacj\u0119, co z kolei prze\u0142o\u017cy si\u0119 na &bdquo;ustabilizowanie&rdquo; sytuacji prawnej przedsi\u0119biorc&oacute;w i konsument&oacute;w. Wyeliminowana zostanie przy tym, do niezb\u0119dnego minimum, potrzeba odes\u0142a\u0144 do innych przepis&oacute;w prawa,w tym z zakresu r\u0119kojmi i gwarancj<\/em>i. Ponownie o wy\u0142\u0105czeniu stosowania przepis&oacute;w Kodeksu cywilnego dotycz\u0105cych r\u0119kojmi wzgl\u0119dem konsument&oacute;w jest mowa na stronie 8 uzasadnienia, gdzie omawiane s\u0105 zmiany w Kodeksie cywilnym. W kontek\u015bcie tre\u015bci uzasadnienia trudno ustali\u0107, kt&oacute;re przepisy k.c. nie znajd\u0105 zastosowania do um&oacute;w, o kt&oacute;rych mowa w dodawanym art. 43a ust. 1: przepisy dotycz\u0105ce r\u0119kojmi, gwarancji czy r\u0119kojmii gwarancji. W tym miejscu nale\u017cy wskaza\u0107, i\u017c przepis art. 17 SGD przewiduje stosowanie gwarancji handlowej natomiast art. 21 ust. 2 SGD dopuszcza aby sprzedawca m&oacute;g\u0142 oferowa\u0107 konsumentowi warunki umowne wykraczaj\u0105ce ponad zakres ochrony przewidziany<br \/>\n\tw dyrektywie. <u>W tym kontek\u015bcie, wy\u0142\u0105czenie w art. 43a ust. 1 stosowania przepis&oacute;w o gwarancji jest nieuzasadnione.<\/u><\/p>\n<p style=\"text-align: justify\">\n\tZachowanie stosowania Kodeksowych przepis&oacute;w o r\u0119kojmi jest o tyle istotne, i\u017c zawiera ona narz\u0119dzia ochrony konsumenta w przypadku wyst\u0105pienia wady prawnej, wady, kt&oacute;rej, wbrew zapewnieniom tw&oacute;rc&oacute;w projektu, trudno dopatrze\u0107 si\u0119 w projekcie, jako podstawy odpowiedzialno\u015bci sprzedaj\u0105cego. Natomiast zaproponowane zmiany w Kodeksie cywilnym nie tylko nie doprowadz\u0105 do unikni\u0119cia potencjalnych w\u0105tpliwo\u015bci &#8211; czy niezgodno\u015b\u0107 z umow\u0105, o kt&oacute;rej mowa w przepisach implementuj\u0105cych SGD obejmuje r&oacute;wnie\u017c wady prawne &#8211; ale ze wzgl\u0119du na przyj\u0119te rozwi\u0105zania wr\u0119cz je pog\u0142\u0119bi\u0105. <u>Do pog\u0142\u0119bienia w\u0105tpliwo\u015bci interpretacyjnych z pewno\u015bci\u0105 przyczyni si\u0119 zaproponowana zmiana brzmienia definicji wady prawnej zawarta w art. 556 <sup>3<\/sup> k.c<\/u>. W obecnym brzmieniu przepis ten ma nast\u0119puj\u0105ce brzmienie: &bdquo;Sprzedawca jest odpowiedzialny wzgl\u0119dem kupuj\u0105cego, je\u017celi rzecz sprzedana stanowi w\u0142asno\u015b\u0107 osoby trzeciej albo je\u017celi jest obci\u0105\u017cona prawem osoby trzeciej, a tak\u017ce je\u017celi ograniczenie w korzystaniu lub rozporz\u0105dzaniu rzecz\u0105 wynika z decyzji lub orzeczenia w\u0142a\u015bciwego organu; w razie sprzeda\u017cy prawa sprzedawca jest odpowiedzialny tak\u017ce za istnienie prawa (wada prawna)&rdquo;. <u>Zaproponowane brzmienie<\/u><u>&bdquo;art. 5563. K.c. Wada prawna wynika z praw os&oacute;b trzecich lub z decyzji lub orzeczenia w\u0142a\u015bciwego organu; w przypadku sprzeda\u017cy prawa wada prawna mo\u017ce r&oacute;wnie\u017c polega\u0107 na nieistnieniu prawa. Pozosta\u0142e wady stanowi\u0105 wady fizyczne.&rdquo; jest nieprecyzyjne i niejasne oraz b\u0119dzie w przysz\u0142o\u015bci rodzi\u0107 problemy interpretacyjne.<\/u> <u>Wbrew zapewnieniom uzasadnienia, zmiana kodeksowej definicji wady prawnej w \u017caden spos&oacute;b nie przyczyni si\u0119 do rozwiania w\u0105tpliwo\u015bci czy niezgodno\u015b\u0107 z umow\u0105, o kt&oacute;rej mowa w przepisach implementuj\u0105cych SGD obejmuje r&oacute;wnie\u017c wady prawne. <\/u><\/p>\n<p style=\"text-align: justify\">\n\tW opinii Prezydium KK, dla jasno\u015bci i przejrzysto\u015bci przepis&oacute;w, kt&oacute;rych beneficjentami maj\u0105 by\u0107 konsumenci, kwestia braku wady prawnej powinna stanowi\u0107 cz\u0119\u015b\u0107 definiuj\u0105c\u0105 zgodno\u015b\u0107 towaru z umow\u0105 (dodawany art. 43b ust. 2 pkt. 2) &#8211; cechy towaru.<\/p>\n<p style=\"text-align: justify\">\n\tW zaproponowanym brzmieniu projekt nie obejmuje wszystkich dost\u0119pnych narz\u0119dzi ochrony w przypadku, gdy towar obarczony jest wad\u0105 prawn\u0105. Narz\u0119dzia takie uregulowane s\u0105 w art. 574 k.c.<\/p>\n<p style=\"text-align: justify\">\n\tMotyw 18 SGD stanowi, i\u017cdyrektywa nie powinna mie\u0107 wp\u0142ywu na przepisy krajowe, kt&oacute;re nie dotycz\u0105 szczeg&oacute;lnie um&oacute;w konsumenckich, i kt&oacute;re przewiduj\u0105 szczeg&oacute;\u0142owe \u015brodki ochrony prawnej w przypadku niekt&oacute;rych wad, kt&oacute;re nie by\u0142y widoczne w momencie zawarcia umowy sprzeda\u017cy, a mianowicie na przepisy krajowe, kt&oacute;re mog\u0105 okre\u015bla\u0107 szczeg&oacute;\u0142owe zasady dotycz\u0105ce odpowiedzialno\u015bci sprzedawcy za wady ukryte. Takimi wadami ukrytymi s\u0105 wady prawne, natomiast przepisami, kt&oacute;re przewiduj\u0105 szczeg&oacute;\u0142owe \u015brodki ochronne, kt&oacute;rych adresatami s\u0105 nie tylko konsumenci, s\u0105 przepisy o r\u0119kojmi zawarte w k.c.<\/p>\n<p style=\"text-align: justify\">\n\tDlatego, w ocenie Zwi\u0105zku, bardziej korzystnym sposobem implementacji dyrektyw b\u0119dzie doprecyzowanie w ustawie o ochronie konsument&oacute;w kwestii braku wady prawnej jako elementu zgodno\u015bci towaru z umow\u0105 oraz odst\u0105pienie od zmiany przepis&oacute;w k.c., co pozwoli konsumentom korzysta\u0107 z dodatkowych narz\u0119dzi ochrony, dost\u0119pnych nie tylko dla konsument&oacute;w.<\/p>\n<p style=\"text-align: justify\">\n\t&nbsp;<\/p>\n<ol>\n<li style=\"text-align: justify\">\n\t\tOdnosz\u0105c si\u0119 do poszczeg&oacute;lnych przepis&oacute;w projektu, redakcja dodawanego art. 43d ust. 4 przewiduje, i\u017c naprawa lub wymiana towaru niezgodnego z umow\u0105 ma nast\u0105pi\u0107<br \/>\n\t\tw rozs\u0105dnym czasie, nie precyzuj\u0105c ile ten czas wynosi.<\/li>\n<\/ol>\n<p style=\"text-align: justify\">\n\t&nbsp;<\/p>\n<p style=\"text-align: justify\">\n\tKwesti\u0119 oczekiwania na napraw\u0119 porusza motyw 55 SGD. W celu ochrony konsument&oacute;w przed ryzykiem d\u0142ugiego oczekiwania, naprawy lub wymiany nale\u017cy dokona\u0107 w rozs\u0105dnym terminie. Rozs\u0105dny termin dokonania naprawy lub wymiany powinien odpowiada\u0107 najkr&oacute;tszemu mo\u017cliwemu terminowi dokonania naprawy lub wymiany. <u>Termin ten nale\u017cy okre\u015bli\u0107 obiektywnie, bior\u0105c pod uwag\u0119 specyfik\u0119 i z\u0142o\u017cono\u015b\u0107 towar&oacute;w, charakter<br \/>\n\ti dotkliwo\u015b\u0107 braku zgodno\u015bci z umow\u0105, a tak\u017ce wysi\u0142ek niezb\u0119dny do dokonania naprawy lub wymiany.<\/u> Wdra\u017caj\u0105c niniejsz\u0105 dyrektyw\u0119, pa\u0144stwa cz\u0142onkowskie powinny mie\u0107 mo\u017cliwo\u015b\u0107 interpretowania poj\u0119cia rozs\u0105dnego terminu na dokonanie naprawy lub wymiany towaru poprzez wprowadzenie sta\u0142ych termin&oacute;w naprawy lub wymiany, kt&oacute;re mo\u017cna by og&oacute;lnie uzna\u0107 za rozs\u0105dne, w szczeg&oacute;lno\u015bci w odniesieniu do konkretnych kategorii produkt&oacute;w.<\/p>\n<p style=\"text-align: justify\">\n\t&nbsp;<\/p>\n<p style=\"text-align: justify\">\n\t<u>Mimo, i\u017c dyrektywa wprowadza mo\u017cliwo\u015b\u0107 precyzyjnego ustalenia terminu dokonania naprawy lub wymiany, w projekcie pos\u0142u\u017cono si\u0119 niedookre\u015blonym wyra\u017ceniem &bdquo;w rozs\u0105dnym czasie&rdquo; co przerzuca na konsumenta ryzyko nieuzasadnienie d\u0142ugiego oczekiwania na doprowadzenie towaru do stanu zgodnego z umow\u0105. Jest to o tyle istotne, i\u017c nie s\u0105 przypadkami odosobnionymi sprawy, w kt&oacute;rych towar wymaga wielokrotnej naprawy. Ponadto, przed\u0142u\u017caj\u0105cy si\u0119, ale &bdquo;rozs\u0105dny&rdquo; w \u015bwietle projektu ustawy termin naprawy przerzuca na konsumenta ryzyko, i\u017c w przypadku wadliwego towaru, konsument nie b\u0119dzie m&oacute;g\u0142 przez d\u0142u\u017cszy okres korzysta\u0107 z zakupionego przez siebie towaru oraz w kontek\u015bcie tre\u015bci dodawanego art. 43c ust. 1 konsument nie b\u0119dzie m&oacute;g\u0142 skorzysta\u0107 z ponownej naprawy lub z&nbsp;odst\u0105pienia od umowy, w przypadku gdy up\u0142ynie okres 2 lat od dostarczenia nowego towaru.<\/u><\/p>\n<p style=\"text-align: justify\">\n\tNa negatywn\u0105 ocen\u0119 zas\u0142uguje nieuwzgl\u0119dnienie w projekcie ustawy mo\u017cliwo\u015bci, o kt&oacute;rej mowa w motywie 44 SGD, a mianowicie przewidzenie zawieszenia lub przerwania okresu odpowiedzialno\u015bci lub biegu przedawnienia, na przyk\u0142ad w przypadku naprawy, wymiany lub negocjacji mi\u0119dzy sprzedawc\u0105 a konsumentem z my\u015bl\u0105 o zawarciu ugody. Mo\u017cliwo\u015b\u0107 tak\u0105 przewiduje art. 581 k.c. Te same uwagi dotycz\u0105 art. 43k ust.1.<\/p>\n<p style=\"text-align: justify\">\n\t&nbsp;<\/p>\n<p style=\"text-align: justify\">\n\tNegatywna ca\u0142o\u015bciowa ocena projektu oparta jest na tym, i\u017c ustawodawca proponuj\u0105c spos&oacute;b implementacji dyrektyw, nie wykorzysta\u0142 wszystkich mo\u017cliwo\u015bci utrzymania nie ni\u017cszej ni\u017c obecnie ochrony konsumenta, jakie daje dyrektywa. Na szczeg&oacute;ln\u0105 dezaprobat\u0119 zas\u0142uguje ustalenie &bdquo;rozs\u0105dnego&rdquo; terminu naprawy. Opieraj\u0105c si\u0119 na zasadzie harmonizacji maksymalnej, ustawodawca bez oporu proponuje rozwi\u0105zania mniej korzystne dla konsument&oacute;w od obecnych, nie szukaj\u0105c mo\u017cliwo\u015bci ich utrzymania. Zaproponowany system i relacja k.c. &ndash; ustawa o ochronie konsument&oacute;wjest niejasny nie tylko ze wzgl\u0119du na sprzeczno\u015b\u0107 tre\u015bci przepisu z uzasadnieniem. W pkt. 5) art. 1 dodaje si\u0119 rozdzia\u0142 R\u0119kojmia<br \/>\n\ti gwarancja konsumencka, jednak w rozdziale tym tylko art. 43g jest po\u015bwi\u0119cony kwestii gwarancji, za\u015b zawarte w nim regulacje w spos&oacute;b szcz\u0105tkowy reguluj\u0105 kwestie gwarancji, co sprawia i\u017c art.&nbsp;17&nbsp;dyrektywy jest nieimplementowany. W projekcie brak jest przepisu okre\u015blaj\u0105cego zasady odnosz\u0105ce si\u0119 do <strong>wzajemnego stosunku uprawnie\u0144 z tytu\u0142u r\u0119kojmi i gwarancji (art.&nbsp;17 ust. 2 pkt a) SGD)<\/strong>, jakim obecnie jest art. 579 &sect; 2 k.c. W tym kontek\u015bcie odej\u015bcie od stosowania przepis&oacute;w k.c. o gwarancji jest nieuzasadnione.<\/p>\n<p style=\"text-align: justify\">\n\t&nbsp;<\/p>\n<p>\n\t&nbsp;<\/p>\n<p><\/p>\n","protected":false},"excerpt":{"rendered":"<p>Prezydium Komisji Krajowej NSZZ &bdquo;Solidarno\u015b\u0107&rdquo; przedstawia negatywn\u0105 opini\u0119 do projektu ustawy o prawach konsumenta oraz ustawy &ndash; Kodeks cywilny (projekt z 16 wrze\u015bnia 2020 r.) Zgodnie z uzasadnieniem do projektu Celem projektu jest implementacja dyrektywy Parlamentu Europejskiego i Rady (UE) 2019\/770 z dnia 20 maja 2019 r. w sprawie niekt&oacute;rych aspekt&oacute;w um&oacute;w o dostarczanie tre\u015bci [&hellip;]<\/p>\n","protected":false},"author":3,"featured_media":0,"comment_status":"closed","ping_status":"closed","sticky":false,"template":"","format":"standard","meta":{"footnotes":""},"categories":[89,9],"tags":[507,496,61,536,534],"class_list":["post-9176","post","type-post","status-publish","format-standard","hentry","category-2021prezydium","category-dokprez","tag-10-21","tag-496","tag-decyzja","tag-decyzja-prezydium","tag-prezydium"],"_links":{"self":[{"href":"https:\/\/www.solidarnosc.org.pl\/dok\/wp-json\/wp\/v2\/posts\/9176","targetHints":{"allow":["GET"]}}],"collection":[{"href":"https:\/\/www.solidarnosc.org.pl\/dok\/wp-json\/wp\/v2\/posts"}],"about":[{"href":"https:\/\/www.solidarnosc.org.pl\/dok\/wp-json\/wp\/v2\/types\/post"}],"author":[{"embeddable":true,"href":"https:\/\/www.solidarnosc.org.pl\/dok\/wp-json\/wp\/v2\/users\/3"}],"replies":[{"embeddable":true,"href":"https:\/\/www.solidarnosc.org.pl\/dok\/wp-json\/wp\/v2\/comments?post=9176"}],"version-history":[{"count":0,"href":"https:\/\/www.solidarnosc.org.pl\/dok\/wp-json\/wp\/v2\/posts\/9176\/revisions"}],"wp:attachment":[{"href":"https:\/\/www.solidarnosc.org.pl\/dok\/wp-json\/wp\/v2\/media?parent=9176"}],"wp:term":[{"taxonomy":"category","embeddable":true,"href":"https:\/\/www.solidarnosc.org.pl\/dok\/wp-json\/wp\/v2\/categories?post=9176"},{"taxonomy":"post_tag","embeddable":true,"href":"https:\/\/www.solidarnosc.org.pl\/dok\/wp-json\/wp\/v2\/tags?post=9176"}],"curies":[{"name":"wp","href":"https:\/\/api.w.org\/{rel}","templated":true}]}}