{"id":9174,"date":"2021-01-20T13:52:28","date_gmt":"2021-01-20T12:52:28","guid":{"rendered":"https:\/\/www.solidarnosc.org.pl\/dok\/?p=9174"},"modified":"2021-01-20T13:52:28","modified_gmt":"2021-01-20T12:52:28","slug":"decyzja-prezydium-kk-9-21-ws-wskazania-sekretarza-prezydium-rady-dialogu-spolecznego","status":"publish","type":"post","link":"https:\/\/www.solidarnosc.org.pl\/dok\/2021\/01\/20\/decyzja-prezydium-kk-9-21-ws-wskazania-sekretarza-prezydium-rady-dialogu-spolecznego\/","title":{"rendered":"Decyzja Prezydium KK nr 9\/21 ws. wskazania Sekretarza Prezydium Rady Dialogu Spo\u0142ecznego"},"content":{"rendered":"<p align=\"center\">\n\t&nbsp;<\/p>\n<p>\n\tPrezydium Komisji Krajowej NSZZ &bdquo;Solidarno\u015b\u0107&rdquo; rekomenduje na funkcj\u0119 Sekretarza Prezydium Rady Dialogu Spo\u0142ecznego Pani\u0105 Magdalen\u0119 Gryciuk.<\/p>\n<p>\n\tTraci wa\u017cno\u015b\u0107 decyzja Prezydium KK nr 186\/15.<\/p>\n<p><\/p>\n","protected":false},"excerpt":{"rendered":"<p>&nbsp; Prezydium Komisji Krajowej NSZZ &bdquo;Solidarno\u015b\u0107&rdquo; rekomenduje na funkcj\u0119 Sekretarza Prezydium Rady Dialogu Spo\u0142ecznego Pani\u0105 Magdalen\u0119 Gryciuk. Traci wa\u017cno\u015b\u0107 decyzja Prezydium KK nr 186\/15.<\/p>\n","protected":false},"author":3,"featured_media":0,"comment_status":"closed","ping_status":"closed","sticky":false,"template":"","format":"standard","meta":{"footnotes":""},"categories":[89,9],"tags":[496,506,61,536,534],"class_list":["post-9174","post","type-post","status-publish","format-standard","hentry","category-2021prezydium","category-dokprez","tag-496","tag-9-21","tag-decyzja","tag-decyzja-prezydium","tag-prezydium"],"_links":{"self":[{"href":"https:\/\/www.solidarnosc.org.pl\/dok\/wp-json\/wp\/v2\/posts\/9174","targetHints":{"allow":["GET"]}}],"collection":[{"href":"https:\/\/www.solidarnosc.org.pl\/dok\/wp-json\/wp\/v2\/posts"}],"about":[{"href":"https:\/\/www.solidarnosc.org.pl\/dok\/wp-json\/wp\/v2\/types\/post"}],"author":[{"embeddable":true,"href":"https:\/\/www.solidarnosc.org.pl\/dok\/wp-json\/wp\/v2\/users\/3"}],"replies":[{"embeddable":true,"href":"https:\/\/www.solidarnosc.org.pl\/dok\/wp-json\/wp\/v2\/comments?post=9174"}],"version-history":[{"count":0,"href":"https:\/\/www.solidarnosc.org.pl\/dok\/wp-json\/wp\/v2\/posts\/9174\/revisions"}],"wp:attachment":[{"href":"https:\/\/www.solidarnosc.org.pl\/dok\/wp-json\/wp\/v2\/media?parent=9174"}],"wp:term":[{"taxonomy":"category","embeddable":true,"href":"https:\/\/www.solidarnosc.org.pl\/dok\/wp-json\/wp\/v2\/categories?post=9174"},{"taxonomy":"post_tag","embeddable":true,"href":"https:\/\/www.solidarnosc.org.pl\/dok\/wp-json\/wp\/v2\/tags?post=9174"}],"curies":[{"name":"wp","href":"https:\/\/api.w.org\/{rel}","templated":true}]}}