{"id":8861,"date":"2020-05-26T13:07:33","date_gmt":"2020-05-26T11:07:33","guid":{"rendered":"https:\/\/www.solidarnosc.org.pl\/dok\/?p=8861"},"modified":"2020-05-26T13:07:33","modified_gmt":"2020-05-26T11:07:33","slug":"stanowisko-prezydium-kk-nr-5-20-ws-pracownikow-sektora-finansow-publicznych","status":"publish","type":"post","link":"https:\/\/www.solidarnosc.org.pl\/dok\/2020\/05\/26\/stanowisko-prezydium-kk-nr-5-20-ws-pracownikow-sektora-finansow-publicznych\/","title":{"rendered":"Stanowisko Prezydium KK nr 5\/20 ws. pracownik\u00f3w sektora finans\u00f3w publicznych"},"content":{"rendered":"<p style=\"text-align: justify\">\n\tPrezydium Komisji Krajowej NSZZ &bdquo;Solidarno\u015b\u0107&rdquo; wyra\u017ca stanowczy protest przeciwko projektowanymw art. 58<em>ustawy <\/em><em>odop\u0142atach do oprocentowania kredyt&oacute;w bankowych udzielanych na zapewnienie p\u0142ynno\u015bci finansowej przedsi\u0119biorcom dotkni\u0119tym skutkami COVID-19 oraz o z<\/em><em>mianie niekt&oacute;rych innych ustaw<\/em>, &nbsp;zmianom w&nbsp; art. 15 zzzzzo i art.&nbsp; 15 zzzzzzp&nbsp; <em>ustawy <\/em><em>z dnia 2 marca 2020 r. o szczeg&oacute;lnych rozwi\u0105zaniach zwi\u0105zanych z&nbsp;zapobieganiem, przeciwdzia\u0142aniem i zwalczaniem COVID-19, innych chor&oacute;b zaka\u017anych oraz wywo\u0142anych nimi sytuacji kryzysowych (Dz. U. poz. 374, 567, 568, 695 i 875).<\/em><br \/>\n\tProjektodawca nie tylko nie wycofuje si\u0119 z krytykowanych przez Zwi\u0105zek (Decyzja Prezydium nr 48\/20 z dnia 16 kwietnia 2020) rozwi\u0105za\u0144 mog\u0105cych wp\u0142ywa\u0107 niekorzystnie na sytuacje os&oacute;b zatrudnionych w administracji rz\u0105dowej, ale rozszerza potencjalne stosowanie przewidzianych w art. 15zzzzzo narz\u0119dzi skutkuj\u0105cych pogorszeniem sytuacji pracownik&oacute;w de&nbsp;facto w&nbsp;ca\u0142ym sektorze finans&oacute;w publicznych. Propozycja ta jest przez NSZZ &bdquo;Solidarno\u015b\u0107&rdquo; ca\u0142kowicie nie do zaakceptowania. Wprowadzone dotychczas przepisy s\u0105 krytykowane, a&nbsp;ich rozszerzenie spotka si\u0119 z ogromnym niezadowoleniem ok. miliona pracownik&oacute;w sektora finans&oacute;w publicznych.<br \/>\n\tNiedopuszczalne jest, aby pr&oacute;b\u0119 zahamowania pogarszaj\u0105cej si\u0119 sytuacji bud\u017cetu pa\u0144stwa,&nbsp;&nbsp; mia\u0142y ponie\u015b\u0107 osoby zatrudnione w sferze finans&oacute;w publicznych. Szczeg&oacute;lnie ra\u017c\u0105cy jest fakt, \u017ce przeznaczono ogromne \u015brodki finansowe na wsparcie os&oacute;b fizycznych i&nbsp;prawnych nieponosz\u0105cych dotychczas w og&oacute;le lub w minimalnym zakresie koszt&oacute;w na ubezpieczenia spo\u0142eczne, Fundusz Gwarantowanych \u015awiadcze\u0144 Pracowniczych, Fundusz Pracy czy te\u017c Fundusz Solidarno\u015bciowy.<br \/>\n\tPrezydium Komisji Krajowej domaga si\u0119 uchylenia wprowadzonych w Tarczy 2 przepis&oacute;w dotycz\u0105cych ograniczenia zatrudnienia i wynagrodzenia&nbsp; pracownik&oacute;w administracji rz\u0105dowej, a tym bardziej projektowanych do nich zmian w projekcie Tarczy 4.<br \/>\n\tApelujemy do Pos\u0142&oacute;w i Pos\u0142anek o wniesienie takich zmian w przedmiotowej ustawie.<\/p>\n<p><\/p>\n","protected":false},"excerpt":{"rendered":"<p>Prezydium Komisji Krajowej NSZZ &bdquo;Solidarno\u015b\u0107&rdquo; wyra\u017ca stanowczy protest przeciwko projektowanymw art. 58ustawy odop\u0142atach do oprocentowania kredyt&oacute;w bankowych udzielanych na zapewnienie p\u0142ynno\u015bci finansowej przedsi\u0119biorcom dotkni\u0119tym skutkami COVID-19 oraz o zmianie niekt&oacute;rych innych ustaw, &nbsp;zmianom w&nbsp; art. 15 zzzzzo i art.&nbsp; 15 zzzzzzp&nbsp; ustawy z dnia 2 marca 2020 r. o szczeg&oacute;lnych rozwi\u0105zaniach zwi\u0105zanych z&nbsp;zapobieganiem, przeciwdzia\u0142aniem i [&hellip;]<\/p>\n","protected":false},"author":3,"featured_media":0,"comment_status":"closed","ping_status":"closed","sticky":false,"template":"","format":"standard","meta":{"footnotes":""},"categories":[87,9],"tags":[484,489,534,63,535],"class_list":["post-8861","post","type-post","status-publish","format-standard","hentry","category-2020prezydium","category-dokprez","tag-484","tag-5-20","tag-prezydium","tag-stanowisko","tag-stanowisko-prezydium"],"_links":{"self":[{"href":"https:\/\/www.solidarnosc.org.pl\/dok\/wp-json\/wp\/v2\/posts\/8861","targetHints":{"allow":["GET"]}}],"collection":[{"href":"https:\/\/www.solidarnosc.org.pl\/dok\/wp-json\/wp\/v2\/posts"}],"about":[{"href":"https:\/\/www.solidarnosc.org.pl\/dok\/wp-json\/wp\/v2\/types\/post"}],"author":[{"embeddable":true,"href":"https:\/\/www.solidarnosc.org.pl\/dok\/wp-json\/wp\/v2\/users\/3"}],"replies":[{"embeddable":true,"href":"https:\/\/www.solidarnosc.org.pl\/dok\/wp-json\/wp\/v2\/comments?post=8861"}],"version-history":[{"count":0,"href":"https:\/\/www.solidarnosc.org.pl\/dok\/wp-json\/wp\/v2\/posts\/8861\/revisions"}],"wp:attachment":[{"href":"https:\/\/www.solidarnosc.org.pl\/dok\/wp-json\/wp\/v2\/media?parent=8861"}],"wp:term":[{"taxonomy":"category","embeddable":true,"href":"https:\/\/www.solidarnosc.org.pl\/dok\/wp-json\/wp\/v2\/categories?post=8861"},{"taxonomy":"post_tag","embeddable":true,"href":"https:\/\/www.solidarnosc.org.pl\/dok\/wp-json\/wp\/v2\/tags?post=8861"}],"curies":[{"name":"wp","href":"https:\/\/api.w.org\/{rel}","templated":true}]}}