{"id":8856,"date":"2020-05-11T12:00:02","date_gmt":"2020-05-11T10:00:02","guid":{"rendered":"https:\/\/www.solidarnosc.org.pl\/dok\/?p=8856"},"modified":"2020-05-11T12:00:02","modified_gmt":"2020-05-11T10:00:02","slug":"decyzja-prezydium-kk-nr-61-20-ws-udzielenia-pelnomocnictwa-do-reprezentowania-nszz-solidarnosc-w-glosowaniach-nad-uchwala-wspolnikow-funduszu-wczasow-pracowniczych-sp-z-o-o-w-warszawie-w-trybie-art-22","status":"publish","type":"post","link":"https:\/\/www.solidarnosc.org.pl\/dok\/2020\/05\/11\/decyzja-prezydium-kk-nr-61-20-ws-udzielenia-pelnomocnictwa-do-reprezentowania-nszz-solidarnosc-w-glosowaniach-nad-uchwala-wspolnikow-funduszu-wczasow-pracowniczych-sp-z-o-o-w-warszawie-w-trybie-art-22\/","title":{"rendered":"Decyzja Prezydium KK nr 61\/20  ws. udzielenia pe\u0142nomocnictwa do reprezentowania  NSZZ \u201eSolidarno\u015b\u0107\u201d w g\u0142osowaniach nad uchwa\u0142\u0105 Wsp\u00f3lnik\u00f3w Funduszu Wczas\u00f3w Pracowniczych Sp. z o.o. w Warszawie w trybie art. 227 \u00a7 2 k.s.h."},"content":{"rendered":"<p>\n\t(do u\u017cytku s\u0142u\u017cbowego)<\/p>\n<p><\/p>\n","protected":false},"excerpt":{"rendered":"<p>(do u\u017cytku s\u0142u\u017cbowego)<\/p>\n","protected":false},"author":3,"featured_media":0,"comment_status":"closed","ping_status":"closed","sticky":false,"template":"","format":"standard","meta":{"footnotes":""},"categories":[87,9],"tags":[484,2167,61,536,534],"class_list":["post-8856","post","type-post","status-publish","format-standard","hentry","category-2020prezydium","category-dokprez","tag-484","tag-61-20","tag-decyzja","tag-decyzja-prezydium","tag-prezydium"],"_links":{"self":[{"href":"https:\/\/www.solidarnosc.org.pl\/dok\/wp-json\/wp\/v2\/posts\/8856","targetHints":{"allow":["GET"]}}],"collection":[{"href":"https:\/\/www.solidarnosc.org.pl\/dok\/wp-json\/wp\/v2\/posts"}],"about":[{"href":"https:\/\/www.solidarnosc.org.pl\/dok\/wp-json\/wp\/v2\/types\/post"}],"author":[{"embeddable":true,"href":"https:\/\/www.solidarnosc.org.pl\/dok\/wp-json\/wp\/v2\/users\/3"}],"replies":[{"embeddable":true,"href":"https:\/\/www.solidarnosc.org.pl\/dok\/wp-json\/wp\/v2\/comments?post=8856"}],"version-history":[{"count":0,"href":"https:\/\/www.solidarnosc.org.pl\/dok\/wp-json\/wp\/v2\/posts\/8856\/revisions"}],"wp:attachment":[{"href":"https:\/\/www.solidarnosc.org.pl\/dok\/wp-json\/wp\/v2\/media?parent=8856"}],"wp:term":[{"taxonomy":"category","embeddable":true,"href":"https:\/\/www.solidarnosc.org.pl\/dok\/wp-json\/wp\/v2\/categories?post=8856"},{"taxonomy":"post_tag","embeddable":true,"href":"https:\/\/www.solidarnosc.org.pl\/dok\/wp-json\/wp\/v2\/tags?post=8856"}],"curies":[{"name":"wp","href":"https:\/\/api.w.org\/{rel}","templated":true}]}}