{"id":8810,"date":"2020-03-23T12:17:48","date_gmt":"2020-03-23T11:17:48","guid":{"rendered":"https:\/\/www.solidarnosc.org.pl\/dok\/?p=8810"},"modified":"2020-03-23T12:17:48","modified_gmt":"2020-03-23T11:17:48","slug":"decyzja-prezydium-kk-nr-42-20-ws-opinii-o-projekcie-rozporzadzenia-rady-ministrow-zmieniajacego-rozporzadzenie-ws-uposazenia-zasadniczego-funkcjonariuszy-sluzby-wieziennej","status":"publish","type":"post","link":"https:\/\/www.solidarnosc.org.pl\/dok\/2020\/03\/23\/decyzja-prezydium-kk-nr-42-20-ws-opinii-o-projekcie-rozporzadzenia-rady-ministrow-zmieniajacego-rozporzadzenie-ws-uposazenia-zasadniczego-funkcjonariuszy-sluzby-wieziennej\/","title":{"rendered":"Decyzja Prezydium KK nr 42\/20 ws. opinii o projekcie rozporz\u0105dzenia Rady Ministr\u00f3w zmieniaj\u0105cego rozporz\u0105dzenie ws. uposa\u017cenia zasadniczego funkcjonariuszy S\u0142u\u017cby Wi\u0119ziennej"},"content":{"rendered":"<p style=\"text-align: justify\">\n\tPrezydium Komisji Krajowej NSZZ &bdquo;Solidarno\u015b\u0107&rdquo; nie wnosi uwag do projektu rozporz\u0105dzenia Rady Ministr&oacute;w <em>zmieniaj\u0105cego rozporz\u0105dzenie ws. uposa\u017cenia zasadniczego funkcjonariuszy S\u0142u\u017cby Wi\u0119ziennej<\/em>.<br \/>\n\tCelem projektowanego rozporz\u0105dzenia jest realizacja porozumienia mi\u0119dzy Ministrem Sprawiedliwo\u015bci a Stron\u0105 Spo\u0142eczn\u0105.<\/p>\n<p><\/p>\n","protected":false},"excerpt":{"rendered":"<p>Prezydium Komisji Krajowej NSZZ &bdquo;Solidarno\u015b\u0107&rdquo; nie wnosi uwag do projektu rozporz\u0105dzenia Rady Ministr&oacute;w zmieniaj\u0105cego rozporz\u0105dzenie ws. uposa\u017cenia zasadniczego funkcjonariuszy S\u0142u\u017cby Wi\u0119ziennej. Celem projektowanego rozporz\u0105dzenia jest realizacja porozumienia mi\u0119dzy Ministrem Sprawiedliwo\u015bci a Stron\u0105 Spo\u0142eczn\u0105.<\/p>\n","protected":false},"author":3,"featured_media":0,"comment_status":"closed","ping_status":"closed","sticky":false,"template":"","format":"standard","meta":{"footnotes":""},"categories":[87,9],"tags":[484,2148,61,536,534],"class_list":["post-8810","post","type-post","status-publish","format-standard","hentry","category-2020prezydium","category-dokprez","tag-484","tag-42-20","tag-decyzja","tag-decyzja-prezydium","tag-prezydium"],"_links":{"self":[{"href":"https:\/\/www.solidarnosc.org.pl\/dok\/wp-json\/wp\/v2\/posts\/8810","targetHints":{"allow":["GET"]}}],"collection":[{"href":"https:\/\/www.solidarnosc.org.pl\/dok\/wp-json\/wp\/v2\/posts"}],"about":[{"href":"https:\/\/www.solidarnosc.org.pl\/dok\/wp-json\/wp\/v2\/types\/post"}],"author":[{"embeddable":true,"href":"https:\/\/www.solidarnosc.org.pl\/dok\/wp-json\/wp\/v2\/users\/3"}],"replies":[{"embeddable":true,"href":"https:\/\/www.solidarnosc.org.pl\/dok\/wp-json\/wp\/v2\/comments?post=8810"}],"version-history":[{"count":0,"href":"https:\/\/www.solidarnosc.org.pl\/dok\/wp-json\/wp\/v2\/posts\/8810\/revisions"}],"wp:attachment":[{"href":"https:\/\/www.solidarnosc.org.pl\/dok\/wp-json\/wp\/v2\/media?parent=8810"}],"wp:term":[{"taxonomy":"category","embeddable":true,"href":"https:\/\/www.solidarnosc.org.pl\/dok\/wp-json\/wp\/v2\/categories?post=8810"},{"taxonomy":"post_tag","embeddable":true,"href":"https:\/\/www.solidarnosc.org.pl\/dok\/wp-json\/wp\/v2\/tags?post=8810"}],"curies":[{"name":"wp","href":"https:\/\/api.w.org\/{rel}","templated":true}]}}