{"id":8782,"date":"2020-02-20T09:46:01","date_gmt":"2020-02-20T08:46:01","guid":{"rendered":"https:\/\/www.solidarnosc.org.pl\/dok\/?p=8782"},"modified":"2020-02-20T09:46:01","modified_gmt":"2020-02-20T08:46:01","slug":"uchwala-kk-nr-7-20-ws-zmiany-2-uchwaly-kk-14-10-ws-aktualizacji-danych-o-stanie-zwiazku-t-jed-z-1-marca-2017-r","status":"publish","type":"post","link":"https:\/\/www.solidarnosc.org.pl\/dok\/2020\/02\/20\/uchwala-kk-nr-7-20-ws-zmiany-2-uchwaly-kk-14-10-ws-aktualizacji-danych-o-stanie-zwiazku-t-jed-z-1-marca-2017-r\/","title":{"rendered":"Uchwa\u0142a KK nr 7\/20 ws. zmiany \u00a7 2  Uchwa\u0142y KK 14\/10  ws. aktualizacji danych o stanie Zwi\u0105zku (t. jed. z 1 marca 2017 r.)"},"content":{"rendered":"<p style=\"text-align: justify\">\n\tKomisja Krajowa NSZZ &bdquo;Solidarno\u015b\u0107&rdquo;&nbsp; postanawia dokona\u0107 zmiany &sect; 2 Uchwa\u0142y KK 14\/10 ws. aktualizacji danych o stanie Zwi\u0105zku, poprzez dodanie do &sect; 2 ust\u0119pu 5 o nast\u0119puj\u0105cej tre\u015bci:<br \/>\n\t&bdquo;Zarz\u0105d Regionu NSZZ &bdquo;Solidarno\u015b\u0107&rdquo; w\u0142a\u015bciwy miejscowo dla jednostek organizacyjnych przez siebie rejestrowanych mo\u017ce wprowadzi\u0107 dodatkowe terminy przekazywania danych, o kt&oacute;rych mowa w ust. 1.&rdquo;<\/p>\n<p><\/p>\n","protected":false},"excerpt":{"rendered":"<p>Komisja Krajowa NSZZ &bdquo;Solidarno\u015b\u0107&rdquo;&nbsp; postanawia dokona\u0107 zmiany &sect; 2 Uchwa\u0142y KK 14\/10 ws. aktualizacji danych o stanie Zwi\u0105zku, poprzez dodanie do &sect; 2 ust\u0119pu 5 o nast\u0119puj\u0105cej tre\u015bci: &bdquo;Zarz\u0105d Regionu NSZZ &bdquo;Solidarno\u015b\u0107&rdquo; w\u0142a\u015bciwy miejscowo dla jednostek organizacyjnych przez siebie rejestrowanych mo\u017ce wprowadzi\u0107 dodatkowe terminy przekazywania danych, o kt&oacute;rych mowa w ust. 1.&rdquo;<\/p>\n","protected":false},"author":3,"featured_media":0,"comment_status":"closed","ping_status":"closed","sticky":false,"template":"","format":"standard","meta":{"footnotes":""},"categories":[88,8],"tags":[484,491,98,62,102],"class_list":["post-8782","post","type-post","status-publish","format-standard","hentry","category-2020kk","category-dokkk","tag-484","tag-7-20","tag-kk","tag-uchwala","tag-uchwala-kk"],"_links":{"self":[{"href":"https:\/\/www.solidarnosc.org.pl\/dok\/wp-json\/wp\/v2\/posts\/8782","targetHints":{"allow":["GET"]}}],"collection":[{"href":"https:\/\/www.solidarnosc.org.pl\/dok\/wp-json\/wp\/v2\/posts"}],"about":[{"href":"https:\/\/www.solidarnosc.org.pl\/dok\/wp-json\/wp\/v2\/types\/post"}],"author":[{"embeddable":true,"href":"https:\/\/www.solidarnosc.org.pl\/dok\/wp-json\/wp\/v2\/users\/3"}],"replies":[{"embeddable":true,"href":"https:\/\/www.solidarnosc.org.pl\/dok\/wp-json\/wp\/v2\/comments?post=8782"}],"version-history":[{"count":0,"href":"https:\/\/www.solidarnosc.org.pl\/dok\/wp-json\/wp\/v2\/posts\/8782\/revisions"}],"wp:attachment":[{"href":"https:\/\/www.solidarnosc.org.pl\/dok\/wp-json\/wp\/v2\/media?parent=8782"}],"wp:term":[{"taxonomy":"category","embeddable":true,"href":"https:\/\/www.solidarnosc.org.pl\/dok\/wp-json\/wp\/v2\/categories?post=8782"},{"taxonomy":"post_tag","embeddable":true,"href":"https:\/\/www.solidarnosc.org.pl\/dok\/wp-json\/wp\/v2\/tags?post=8782"}],"curies":[{"name":"wp","href":"https:\/\/api.w.org\/{rel}","templated":true}]}}