{"id":8729,"date":"2020-01-23T12:27:04","date_gmt":"2020-01-23T11:27:04","guid":{"rendered":"https:\/\/www.solidarnosc.org.pl\/dok\/?p=8729"},"modified":"2020-01-23T12:27:04","modified_gmt":"2020-01-23T11:27:04","slug":"decyzja-prezydium-kk-nr-9-20-ws-zgody-na-uzycie-nazwy-i-znaku-graficznego-nszz-solidarnosc","status":"publish","type":"post","link":"https:\/\/www.solidarnosc.org.pl\/dok\/2020\/01\/23\/decyzja-prezydium-kk-nr-9-20-ws-zgody-na-uzycie-nazwy-i-znaku-graficznego-nszz-solidarnosc\/","title":{"rendered":"Decyzja Prezydium KK nr 9\/20 ws. zgody na u\u017cycie nazwy i znaku graficznego NSZZ \u201eSolidarno\u015b\u0107\u201d"},"content":{"rendered":"<p>\n\tPrezydium Komisji Krajowej NSZZ &bdquo;Solidarno\u015b\u0107&rdquo;, na wniosek Wydawnictwa Uniwersytetu Jagiello\u0144skiego w Krakowie, wyra\u017ca zgod\u0119 na u\u017cycie nazwy i znaku graficznego NSZZ &bdquo;Solidarno\u015b\u0107&rdquo;, na ok\u0142adce monografii historycznej zatytu\u0142owanej Struktury organizacyjne NSZZ &bdquo;Solidarno\u015b\u0107&rdquo; w latach 1980-1989.<\/p>\n<p><\/p>\n","protected":false},"excerpt":{"rendered":"<p>Prezydium Komisji Krajowej NSZZ &bdquo;Solidarno\u015b\u0107&rdquo;, na wniosek Wydawnictwa Uniwersytetu Jagiello\u0144skiego w Krakowie, wyra\u017ca zgod\u0119 na u\u017cycie nazwy i znaku graficznego NSZZ &bdquo;Solidarno\u015b\u0107&rdquo;, na ok\u0142adce monografii historycznej zatytu\u0142owanej Struktury organizacyjne NSZZ &bdquo;Solidarno\u015b\u0107&rdquo; w latach 1980-1989.<\/p>\n","protected":false},"author":3,"featured_media":0,"comment_status":"closed","ping_status":"closed","sticky":false,"template":"","format":"standard","meta":{"footnotes":""},"categories":[87,9],"tags":[484,493,61,536,534],"class_list":["post-8729","post","type-post","status-publish","format-standard","hentry","category-2020prezydium","category-dokprez","tag-484","tag-9-20","tag-decyzja","tag-decyzja-prezydium","tag-prezydium"],"_links":{"self":[{"href":"https:\/\/www.solidarnosc.org.pl\/dok\/wp-json\/wp\/v2\/posts\/8729","targetHints":{"allow":["GET"]}}],"collection":[{"href":"https:\/\/www.solidarnosc.org.pl\/dok\/wp-json\/wp\/v2\/posts"}],"about":[{"href":"https:\/\/www.solidarnosc.org.pl\/dok\/wp-json\/wp\/v2\/types\/post"}],"author":[{"embeddable":true,"href":"https:\/\/www.solidarnosc.org.pl\/dok\/wp-json\/wp\/v2\/users\/3"}],"replies":[{"embeddable":true,"href":"https:\/\/www.solidarnosc.org.pl\/dok\/wp-json\/wp\/v2\/comments?post=8729"}],"version-history":[{"count":0,"href":"https:\/\/www.solidarnosc.org.pl\/dok\/wp-json\/wp\/v2\/posts\/8729\/revisions"}],"wp:attachment":[{"href":"https:\/\/www.solidarnosc.org.pl\/dok\/wp-json\/wp\/v2\/media?parent=8729"}],"wp:term":[{"taxonomy":"category","embeddable":true,"href":"https:\/\/www.solidarnosc.org.pl\/dok\/wp-json\/wp\/v2\/categories?post=8729"},{"taxonomy":"post_tag","embeddable":true,"href":"https:\/\/www.solidarnosc.org.pl\/dok\/wp-json\/wp\/v2\/tags?post=8729"}],"curies":[{"name":"wp","href":"https:\/\/api.w.org\/{rel}","templated":true}]}}