{"id":8591,"date":"2019-06-26T08:50:21","date_gmt":"2019-06-26T06:50:21","guid":{"rendered":"https:\/\/www.solidarnosc.org.pl\/dok\/?p=8591"},"modified":"2019-06-26T08:50:21","modified_gmt":"2019-06-26T06:50:21","slug":"stanowisko-kk-nr-13-19-ws-nasilania-sie-fali-profanacji-wizerunkow-i-symboli-kultu-religijnego","status":"publish","type":"post","link":"https:\/\/www.solidarnosc.org.pl\/dok\/2019\/06\/26\/stanowisko-kk-nr-13-19-ws-nasilania-sie-fali-profanacji-wizerunkow-i-symboli-kultu-religijnego\/","title":{"rendered":"Stanowisko KK nr 13\/19 ws. nasilania si\u0119 fali profanacji wizerunk\u00f3w i symboli kultu religijnego"},"content":{"rendered":"<p>\n\tKomisja Krajowa NSZZ &bdquo;Solidarno\u015b\u0107&rdquo; z oburzeniem stwierdza, \u017ce nasila si\u0119 niepokoj\u0105co fala profanacji wizerunk&oacute;w i przedmiot&oacute;w kultu religijnego, szyderstw z warto\u015bci chrze\u015bcija\u0144skich, a w szczeg&oacute;lno\u015bci katolickich.<\/p>\n<p>\n\tNSZZ &bdquo;Solidarno\u015b\u0107&rdquo;, opieraj\u0105c swoje dzia\u0142ania na gruncie etyki chrze\u015bcija\u0144skiej<br \/>\n\ti katolickiej nauki spo\u0142ecznej, uwa\u017ca za sw&oacute;j obowi\u0105zek obron\u0119 warto\u015bci chrze\u015bcija\u0144skich<br \/>\n\ti wolno\u015bci wyznawania wiary i oczekuje od pa\u0144stwa polskiego obrony tych warto\u015bci<\/p>\n<p><\/p>\n","protected":false},"excerpt":{"rendered":"<p>Komisja Krajowa NSZZ &bdquo;Solidarno\u015b\u0107&rdquo; z oburzeniem stwierdza, \u017ce nasila si\u0119 niepokoj\u0105co fala profanacji wizerunk&oacute;w i przedmiot&oacute;w kultu religijnego, szyderstw z warto\u015bci chrze\u015bcija\u0144skich, a w szczeg&oacute;lno\u015bci katolickich. NSZZ &bdquo;Solidarno\u015b\u0107&rdquo;, opieraj\u0105c swoje dzia\u0142ania na gruncie etyki chrze\u015bcija\u0144skiej i katolickiej nauki spo\u0142ecznej, uwa\u017ca za sw&oacute;j obowi\u0105zek obron\u0119 warto\u015bci chrze\u015bcija\u0144skich i wolno\u015bci wyznawania wiary i oczekuje od pa\u0144stwa polskiego [&hellip;]<\/p>\n","protected":false},"author":3,"featured_media":0,"comment_status":"closed","ping_status":"closed","sticky":false,"template":"","format":"standard","meta":{"footnotes":""},"categories":[86,8],"tags":[477,463,98,63,100],"class_list":["post-8591","post","type-post","status-publish","format-standard","hentry","category-2019kk","category-dokkk","tag-13-19","tag-463","tag-kk","tag-stanowisko","tag-stanowisko-kk"],"_links":{"self":[{"href":"https:\/\/www.solidarnosc.org.pl\/dok\/wp-json\/wp\/v2\/posts\/8591","targetHints":{"allow":["GET"]}}],"collection":[{"href":"https:\/\/www.solidarnosc.org.pl\/dok\/wp-json\/wp\/v2\/posts"}],"about":[{"href":"https:\/\/www.solidarnosc.org.pl\/dok\/wp-json\/wp\/v2\/types\/post"}],"author":[{"embeddable":true,"href":"https:\/\/www.solidarnosc.org.pl\/dok\/wp-json\/wp\/v2\/users\/3"}],"replies":[{"embeddable":true,"href":"https:\/\/www.solidarnosc.org.pl\/dok\/wp-json\/wp\/v2\/comments?post=8591"}],"version-history":[{"count":0,"href":"https:\/\/www.solidarnosc.org.pl\/dok\/wp-json\/wp\/v2\/posts\/8591\/revisions"}],"wp:attachment":[{"href":"https:\/\/www.solidarnosc.org.pl\/dok\/wp-json\/wp\/v2\/media?parent=8591"}],"wp:term":[{"taxonomy":"category","embeddable":true,"href":"https:\/\/www.solidarnosc.org.pl\/dok\/wp-json\/wp\/v2\/categories?post=8591"},{"taxonomy":"post_tag","embeddable":true,"href":"https:\/\/www.solidarnosc.org.pl\/dok\/wp-json\/wp\/v2\/tags?post=8591"}],"curies":[{"name":"wp","href":"https:\/\/api.w.org\/{rel}","templated":true}]}}