{"id":8566,"date":"2019-06-12T12:57:39","date_gmt":"2019-06-12T10:57:39","guid":{"rendered":"https:\/\/www.solidarnosc.org.pl\/dok\/?p=8566"},"modified":"2019-06-12T12:57:39","modified_gmt":"2019-06-12T10:57:39","slug":"decyzja-prezydium-kk-nr-89-19-ws-zawarcia-umowy","status":"publish","type":"post","link":"https:\/\/www.solidarnosc.org.pl\/dok\/2019\/06\/12\/decyzja-prezydium-kk-nr-89-19-ws-zawarcia-umowy\/","title":{"rendered":"Decyzja Prezydium KK nr 89\/19 ws.  zawarcia umowy"},"content":{"rendered":"<p>\n\tPrezydium Komisji Krajowej NSZZ &bdquo;Solidarno\u015b\u0107&rdquo; postanawia przed\u0142u\u017cy\u0107 umow\u0119 z pani\u0105 Magdalen\u0105 Rycak do dnia 31 grudnia 2019 roku na dotychczasowych warunkach.<\/p>\n<p>\n\t&nbsp;<\/p>\n<p><\/p>\n","protected":false},"excerpt":{"rendered":"<p>Prezydium Komisji Krajowej NSZZ &bdquo;Solidarno\u015b\u0107&rdquo; postanawia przed\u0142u\u017cy\u0107 umow\u0119 z pani\u0105 Magdalen\u0105 Rycak do dnia 31 grudnia 2019 roku na dotychczasowych warunkach. &nbsp;<\/p>\n","protected":false},"author":3,"featured_media":0,"comment_status":"closed","ping_status":"closed","sticky":false,"template":"","format":"standard","meta":{"footnotes":""},"categories":[85,9],"tags":[463,2043,61,536,534],"class_list":["post-8566","post","type-post","status-publish","format-standard","hentry","category-2019prezydium","category-dokprez","tag-463","tag-89-19","tag-decyzja","tag-decyzja-prezydium","tag-prezydium"],"_links":{"self":[{"href":"https:\/\/www.solidarnosc.org.pl\/dok\/wp-json\/wp\/v2\/posts\/8566","targetHints":{"allow":["GET"]}}],"collection":[{"href":"https:\/\/www.solidarnosc.org.pl\/dok\/wp-json\/wp\/v2\/posts"}],"about":[{"href":"https:\/\/www.solidarnosc.org.pl\/dok\/wp-json\/wp\/v2\/types\/post"}],"author":[{"embeddable":true,"href":"https:\/\/www.solidarnosc.org.pl\/dok\/wp-json\/wp\/v2\/users\/3"}],"replies":[{"embeddable":true,"href":"https:\/\/www.solidarnosc.org.pl\/dok\/wp-json\/wp\/v2\/comments?post=8566"}],"version-history":[{"count":0,"href":"https:\/\/www.solidarnosc.org.pl\/dok\/wp-json\/wp\/v2\/posts\/8566\/revisions"}],"wp:attachment":[{"href":"https:\/\/www.solidarnosc.org.pl\/dok\/wp-json\/wp\/v2\/media?parent=8566"}],"wp:term":[{"taxonomy":"category","embeddable":true,"href":"https:\/\/www.solidarnosc.org.pl\/dok\/wp-json\/wp\/v2\/categories?post=8566"},{"taxonomy":"post_tag","embeddable":true,"href":"https:\/\/www.solidarnosc.org.pl\/dok\/wp-json\/wp\/v2\/tags?post=8566"}],"curies":[{"name":"wp","href":"https:\/\/api.w.org\/{rel}","templated":true}]}}