{"id":8551,"date":"2019-06-04T12:48:55","date_gmt":"2019-06-04T10:48:55","guid":{"rendered":"https:\/\/www.solidarnosc.org.pl\/dok\/?p=8551"},"modified":"2019-06-04T12:48:55","modified_gmt":"2019-06-04T10:48:55","slug":"decyzja-prezydium-kk-nr-80-19-ws-zgody-na-uzycie-nazwy-i-znaku-graficznego-nszz-solidarnosc","status":"publish","type":"post","link":"https:\/\/www.solidarnosc.org.pl\/dok\/2019\/06\/04\/decyzja-prezydium-kk-nr-80-19-ws-zgody-na-uzycie-nazwy-i-znaku-graficznego-nszz-solidarnosc\/","title":{"rendered":"Decyzja Prezydium KK nr 80\/19 ws. zgody na u\u017cycie nazwy i znaku graficznego NSZZ \u201eSolidarno\u015b\u0107\u201d"},"content":{"rendered":"<p style=\"text-align: justify\">\n\t&nbsp; &nbsp; &nbsp; &nbsp;Prezydium Komisji Krajowej NSZZ &bdquo;Solidarno\u015b\u0107&rdquo;, na wniosek Szefa Kancelarii Senatu Jakuba Kowalskiego, wyra\u017ca zgod\u0119 na u\u017cycie nazwy i znaku graficznego NSZZ &bdquo;Solidarno\u015b\u0107&rdquo;, w multimedialnej prezentacji historycznej z okazji 30. rocznicy wybor&oacute;w do Senatu Rzeczypospolitej Polskiej, kt&oacute;ra zaprezentowana zostanie 8 czerwca br. w gmachu Polskiej Akadami Nauk &ndash; Pa\u0142acu Staszica w Warszawie.<\/p>\n<p>\n\t&nbsp;<\/p>\n<p><\/p>\n","protected":false},"excerpt":{"rendered":"<p>&nbsp; &nbsp; &nbsp; &nbsp;Prezydium Komisji Krajowej NSZZ &bdquo;Solidarno\u015b\u0107&rdquo;, na wniosek Szefa Kancelarii Senatu Jakuba Kowalskiego, wyra\u017ca zgod\u0119 na u\u017cycie nazwy i znaku graficznego NSZZ &bdquo;Solidarno\u015b\u0107&rdquo;, w multimedialnej prezentacji historycznej z okazji 30. rocznicy wybor&oacute;w do Senatu Rzeczypospolitej Polskiej, kt&oacute;ra zaprezentowana zostanie 8 czerwca br. w gmachu Polskiej Akadami Nauk &ndash; Pa\u0142acu Staszica w Warszawie. &nbsp;<\/p>\n","protected":false},"author":3,"featured_media":0,"comment_status":"closed","ping_status":"closed","sticky":false,"template":"","format":"standard","meta":{"footnotes":""},"categories":[85,9],"tags":[463,2034,61,536,534],"class_list":["post-8551","post","type-post","status-publish","format-standard","hentry","category-2019prezydium","category-dokprez","tag-463","tag-80-19","tag-decyzja","tag-decyzja-prezydium","tag-prezydium"],"_links":{"self":[{"href":"https:\/\/www.solidarnosc.org.pl\/dok\/wp-json\/wp\/v2\/posts\/8551","targetHints":{"allow":["GET"]}}],"collection":[{"href":"https:\/\/www.solidarnosc.org.pl\/dok\/wp-json\/wp\/v2\/posts"}],"about":[{"href":"https:\/\/www.solidarnosc.org.pl\/dok\/wp-json\/wp\/v2\/types\/post"}],"author":[{"embeddable":true,"href":"https:\/\/www.solidarnosc.org.pl\/dok\/wp-json\/wp\/v2\/users\/3"}],"replies":[{"embeddable":true,"href":"https:\/\/www.solidarnosc.org.pl\/dok\/wp-json\/wp\/v2\/comments?post=8551"}],"version-history":[{"count":0,"href":"https:\/\/www.solidarnosc.org.pl\/dok\/wp-json\/wp\/v2\/posts\/8551\/revisions"}],"wp:attachment":[{"href":"https:\/\/www.solidarnosc.org.pl\/dok\/wp-json\/wp\/v2\/media?parent=8551"}],"wp:term":[{"taxonomy":"category","embeddable":true,"href":"https:\/\/www.solidarnosc.org.pl\/dok\/wp-json\/wp\/v2\/categories?post=8551"},{"taxonomy":"post_tag","embeddable":true,"href":"https:\/\/www.solidarnosc.org.pl\/dok\/wp-json\/wp\/v2\/tags?post=8551"}],"curies":[{"name":"wp","href":"https:\/\/api.w.org\/{rel}","templated":true}]}}