{"id":855,"date":"1995-06-10T14:30:07","date_gmt":"1995-06-10T12:30:07","guid":{"rendered":"http:\/\/www.solidarnosc.org.pl\/dok\/?p=855"},"modified":"2012-10-01T14:31:41","modified_gmt":"2012-10-01T12:31:41","slug":"stanowisko-nr-61995-ws-telewizji-publicznej","status":"publish","type":"post","link":"https:\/\/www.solidarnosc.org.pl\/dok\/1995\/06\/10\/stanowisko-nr-61995-ws-telewizji-publicznej\/","title":{"rendered":"Stanowisko nr 6\/1995 ws. telewizji publicznej"},"content":{"rendered":"<p style=\"text-align: justify;\">Krajowy \u00a0\u00a0Zjazd \u00a0\u00a0Delegat\u00f3w \u00a0NSZZ \u00a0&#8222;Solidarno\u015b\u0107&#8221; \u00a0stanowczo\u00a0protestuje \u00a0przeciw \u00a0pr\u00f3bom \u00a0odwo\u0142ania \u00a0obecnego \u00a0Zarz\u0105du Sp\u00f3\u0142ki\u00a0Telewizja Polska S.A.<\/p>\n<p style=\"text-align: justify;\">\u00a0\u00a0\u00a0 Dzia\u0142ania \u00a0\u00a0te, \u00a0\u00a0inspirowane \u00a0przez \u00a0koalicj\u0119 \u00a0SLD \u00a0i \u00a0PSL,\u00a0zmierzaj\u0105 \u00a0\u00a0do \u00a0opanowania \u00a0najwa\u017cniejszego \u00a0\u015brodka \u00a0komunikacji\u00a0spo\u0142ecznej. \u00a0Telewizja \u00a0publiczna jest w\u0142asno\u015bci\u0105 spo\u0142ecze\u0144stwa,\u00a0a \u00a0nie \u00a0narz\u0119dziem \u00a0propagandowym \u00a0na \u00a0u\u017cytek \u00a0niekt\u00f3rych partii\u00a0politycznych.<\/p>\n<p style=\"text-align: justify;\">\u00a0\u00a0\u00a0\u00a0 Krajowy \u00a0\u00a0Zjazd \u00a0\u00a0Delegat\u00f3w \u00a0\u00a0domaga \u00a0\u00a0si\u0119 \u00a0od \u00a0Prezydenta,\u00a0Parlamentu \u00a0i \u00a0Krajowej Rady Radiofoni i Telewizji zdecydowanego\u00a0pot\u0119pienia wszelkich pr\u00f3b nacisku na telewizj\u0119 publiczn\u0105.<\/p>\n","protected":false},"excerpt":{"rendered":"<p>Krajowy \u00a0\u00a0Zjazd \u00a0\u00a0Delegat\u00f3w \u00a0NSZZ \u00a0&#8222;Solidarno\u015b\u0107&#8221; \u00a0stanowczo\u00a0protestuje \u00a0przeciw \u00a0pr\u00f3bom \u00a0odwo\u0142ania \u00a0obecnego \u00a0Zarz\u0105du Sp\u00f3\u0142ki\u00a0Telewizja Polska S.A. \u00a0\u00a0\u00a0 Dzia\u0142ania \u00a0\u00a0te, \u00a0\u00a0inspirowane \u00a0przez \u00a0koalicj\u0119 \u00a0SLD \u00a0i \u00a0PSL,\u00a0zmierzaj\u0105 \u00a0\u00a0do \u00a0opanowania \u00a0najwa\u017cniejszego \u00a0\u015brodka \u00a0komunikacji\u00a0spo\u0142ecznej. \u00a0Telewizja \u00a0publiczna jest w\u0142asno\u015bci\u0105 spo\u0142ecze\u0144stwa,\u00a0a \u00a0nie \u00a0narz\u0119dziem \u00a0propagandowym \u00a0na \u00a0u\u017cytek \u00a0niekt\u00f3rych partii\u00a0politycznych. \u00a0\u00a0\u00a0\u00a0 Krajowy \u00a0\u00a0Zjazd \u00a0\u00a0Delegat\u00f3w \u00a0\u00a0domaga \u00a0\u00a0si\u0119 \u00a0od \u00a0Prezydenta,\u00a0Parlamentu \u00a0i \u00a0Krajowej Rady Radiofoni i Telewizji zdecydowanego\u00a0pot\u0119pienia [&hellip;]<\/p>\n","protected":false},"author":3,"featured_media":0,"comment_status":"closed","ping_status":"closed","sticky":false,"template":"","format":"standard","meta":{"footnotes":""},"categories":[25,16],"tags":[2862,2868,2636,63,2661],"class_list":["post-855","post","type-post","status-publish","format-standard","hentry","category-7kzd","category-dokkzd","tag-2862","tag-6-1995","tag-kzd","tag-stanowisko","tag-stanowisko-kzd"],"_links":{"self":[{"href":"https:\/\/www.solidarnosc.org.pl\/dok\/wp-json\/wp\/v2\/posts\/855","targetHints":{"allow":["GET"]}}],"collection":[{"href":"https:\/\/www.solidarnosc.org.pl\/dok\/wp-json\/wp\/v2\/posts"}],"about":[{"href":"https:\/\/www.solidarnosc.org.pl\/dok\/wp-json\/wp\/v2\/types\/post"}],"author":[{"embeddable":true,"href":"https:\/\/www.solidarnosc.org.pl\/dok\/wp-json\/wp\/v2\/users\/3"}],"replies":[{"embeddable":true,"href":"https:\/\/www.solidarnosc.org.pl\/dok\/wp-json\/wp\/v2\/comments?post=855"}],"version-history":[{"count":1,"href":"https:\/\/www.solidarnosc.org.pl\/dok\/wp-json\/wp\/v2\/posts\/855\/revisions"}],"predecessor-version":[{"id":857,"href":"https:\/\/www.solidarnosc.org.pl\/dok\/wp-json\/wp\/v2\/posts\/855\/revisions\/857"}],"wp:attachment":[{"href":"https:\/\/www.solidarnosc.org.pl\/dok\/wp-json\/wp\/v2\/media?parent=855"}],"wp:term":[{"taxonomy":"category","embeddable":true,"href":"https:\/\/www.solidarnosc.org.pl\/dok\/wp-json\/wp\/v2\/categories?post=855"},{"taxonomy":"post_tag","embeddable":true,"href":"https:\/\/www.solidarnosc.org.pl\/dok\/wp-json\/wp\/v2\/tags?post=855"}],"curies":[{"name":"wp","href":"https:\/\/api.w.org\/{rel}","templated":true}]}}