{"id":8405,"date":"2019-01-22T19:58:07","date_gmt":"2019-01-22T18:58:07","guid":{"rendered":"https:\/\/www.solidarnosc.org.pl\/dok\/?p=8405"},"modified":"2019-01-22T19:58:07","modified_gmt":"2019-01-22T18:58:07","slug":"decyzja-prezydium-kk-nr-18-19-ws-wyrazenia-zgody-na-rozszerzenie-obszaru-dzialania-miedzyzakladowej-organizacji-zwiazkowej-nszz-solidarnosc-odzial-polmos-bialystok-przy-cedc-international-sp-z-o-o","status":"publish","type":"post","link":"https:\/\/www.solidarnosc.org.pl\/dok\/2019\/01\/22\/decyzja-prezydium-kk-nr-18-19-ws-wyrazenia-zgody-na-rozszerzenie-obszaru-dzialania-miedzyzakladowej-organizacji-zwiazkowej-nszz-solidarnosc-odzial-polmos-bialystok-przy-cedc-international-sp-z-o-o\/","title":{"rendered":"Decyzja Prezydium KK nr 18\/19 ws. wyra\u017cenia zgody na rozszerzenie obszaru dzia\u0142ania Mi\u0119dzyzak\u0142adowej Organizacji Zwi\u0105zkowej NSZZ \u201eSolidarno\u015b\u0107\u201d Odzia\u0142 Polmos Bia\u0142ystok przy CEDC  International sp. z o.o."},"content":{"rendered":"<p>\n\tPrezydium Komisji Krajowej NSZZ &bdquo;Solidarno\u015b\u0107&rdquo;, dzia\u0142aj\u0105c na mocy postanowie\u0144<br \/>\n\t&sect; 1 Uchwa\u0142y KK nr 30\/15 ws. zasad i trybu post\u0119powania w sprawach o rozszerzenie obszaru dzia\u0142ania organizacji zak\u0142adowych i mi\u0119dzyzak\u0142adowych oraz Uchwa\u0142y KK nr 23\/16<br \/>\n\tws. scedowania na Prezydium Komisji Krajowej NSZZ &bdquo;Solidarno\u015b\u0107&rdquo; uprawnienia wynikaj\u0105cego z &sect; 1 Uchwa\u0142y KK nr 30\/15, wyra\u017ca zgod\u0119 na rozszerzenie obszaru dzia\u0142ania Mi\u0119dzyzak\u0142adowej Organizacji Zwi\u0105zkowej NSZZ &bdquo;Solidarno\u015b\u0107&rdquo; przy CEDC International sp. z o.o. Odzia\u0142 Polmos Bia\u0142ystok na pracodawc\u0119 prowadz\u0105cego dzia\u0142alno\u015b\u0107 na terenie Regionu Dolny \u015al\u0105sk.<\/p>\n<p><\/p>\n","protected":false},"excerpt":{"rendered":"<p>Prezydium Komisji Krajowej NSZZ &bdquo;Solidarno\u015b\u0107&rdquo;, dzia\u0142aj\u0105c na mocy postanowie\u0144 &sect; 1 Uchwa\u0142y KK nr 30\/15 ws. zasad i trybu post\u0119powania w sprawach o rozszerzenie obszaru dzia\u0142ania organizacji zak\u0142adowych i mi\u0119dzyzak\u0142adowych oraz Uchwa\u0142y KK nr 23\/16 ws. scedowania na Prezydium Komisji Krajowej NSZZ &bdquo;Solidarno\u015b\u0107&rdquo; uprawnienia wynikaj\u0105cego z &sect; 1 Uchwa\u0142y KK nr 30\/15, wyra\u017ca zgod\u0119 na [&hellip;]<\/p>\n","protected":false},"author":3,"featured_media":0,"comment_status":"closed","ping_status":"closed","sticky":false,"template":"","format":"standard","meta":{"footnotes":""},"categories":[85,9],"tags":[482,463,61,536,534],"class_list":["post-8405","post","type-post","status-publish","format-standard","hentry","category-2019prezydium","category-dokprez","tag-18-19","tag-463","tag-decyzja","tag-decyzja-prezydium","tag-prezydium"],"_links":{"self":[{"href":"https:\/\/www.solidarnosc.org.pl\/dok\/wp-json\/wp\/v2\/posts\/8405","targetHints":{"allow":["GET"]}}],"collection":[{"href":"https:\/\/www.solidarnosc.org.pl\/dok\/wp-json\/wp\/v2\/posts"}],"about":[{"href":"https:\/\/www.solidarnosc.org.pl\/dok\/wp-json\/wp\/v2\/types\/post"}],"author":[{"embeddable":true,"href":"https:\/\/www.solidarnosc.org.pl\/dok\/wp-json\/wp\/v2\/users\/3"}],"replies":[{"embeddable":true,"href":"https:\/\/www.solidarnosc.org.pl\/dok\/wp-json\/wp\/v2\/comments?post=8405"}],"version-history":[{"count":0,"href":"https:\/\/www.solidarnosc.org.pl\/dok\/wp-json\/wp\/v2\/posts\/8405\/revisions"}],"wp:attachment":[{"href":"https:\/\/www.solidarnosc.org.pl\/dok\/wp-json\/wp\/v2\/media?parent=8405"}],"wp:term":[{"taxonomy":"category","embeddable":true,"href":"https:\/\/www.solidarnosc.org.pl\/dok\/wp-json\/wp\/v2\/categories?post=8405"},{"taxonomy":"post_tag","embeddable":true,"href":"https:\/\/www.solidarnosc.org.pl\/dok\/wp-json\/wp\/v2\/tags?post=8405"}],"curies":[{"name":"wp","href":"https:\/\/api.w.org\/{rel}","templated":true}]}}