{"id":8318,"date":"2018-11-14T12:23:43","date_gmt":"2018-11-14T11:23:43","guid":{"rendered":"https:\/\/www.solidarnosc.org.pl\/dok\/?p=8318"},"modified":"2018-11-14T12:23:43","modified_gmt":"2018-11-14T11:23:43","slug":"decyzja-prezydium-kk-nr-175-18-ws-zmiany-zastepcy-czlonka-zespolu-monitorujacego-gwarancje-dla-mlodziezy","status":"publish","type":"post","link":"https:\/\/www.solidarnosc.org.pl\/dok\/2018\/11\/14\/decyzja-prezydium-kk-nr-175-18-ws-zmiany-zastepcy-czlonka-zespolu-monitorujacego-gwarancje-dla-mlodziezy\/","title":{"rendered":"Decyzja Prezydium KK  nr 175\/18 ws. zmiany zast\u0119pcy cz\u0142onka Zespo\u0142u Monitoruj\u0105cego Gwarancje dla M\u0142odzie\u017cy"},"content":{"rendered":"<p>\n\tPrezydium Komisji Krajowej NSZZ &bdquo;Solidarno\u015b\u0107&rdquo; postanawia odwo\u0142a\u0107<br \/>\n\tPana Sebastiana Bara\u0144skiego z funkcji zast\u0119pcy cz\u0142onka Zespo\u0142u Monitoruj\u0105cego Gwarancje dla M\u0142odzie\u017cy i powo\u0142a\u0107 na t\u0119 funkcj\u0119 Pana Macieja Tyczy\u0144skiego.<\/p>\n<p><\/p>\n","protected":false},"excerpt":{"rendered":"<p>Prezydium Komisji Krajowej NSZZ &bdquo;Solidarno\u015b\u0107&rdquo; postanawia odwo\u0142a\u0107 Pana Sebastiana Bara\u0144skiego z funkcji zast\u0119pcy cz\u0142onka Zespo\u0142u Monitoruj\u0105cego Gwarancje dla M\u0142odzie\u017cy i powo\u0142a\u0107 na t\u0119 funkcj\u0119 Pana Macieja Tyczy\u0144skiego.<\/p>\n","protected":false},"author":3,"featured_media":0,"comment_status":"closed","ping_status":"closed","sticky":false,"template":"","format":"standard","meta":{"footnotes":""},"categories":[82,9],"tags":[1967,423,61,536,534],"class_list":["post-8318","post","type-post","status-publish","format-standard","hentry","category-2018prezydium","category-dokprez","tag-175-18","tag-423","tag-decyzja","tag-decyzja-prezydium","tag-prezydium"],"_links":{"self":[{"href":"https:\/\/www.solidarnosc.org.pl\/dok\/wp-json\/wp\/v2\/posts\/8318","targetHints":{"allow":["GET"]}}],"collection":[{"href":"https:\/\/www.solidarnosc.org.pl\/dok\/wp-json\/wp\/v2\/posts"}],"about":[{"href":"https:\/\/www.solidarnosc.org.pl\/dok\/wp-json\/wp\/v2\/types\/post"}],"author":[{"embeddable":true,"href":"https:\/\/www.solidarnosc.org.pl\/dok\/wp-json\/wp\/v2\/users\/3"}],"replies":[{"embeddable":true,"href":"https:\/\/www.solidarnosc.org.pl\/dok\/wp-json\/wp\/v2\/comments?post=8318"}],"version-history":[{"count":0,"href":"https:\/\/www.solidarnosc.org.pl\/dok\/wp-json\/wp\/v2\/posts\/8318\/revisions"}],"wp:attachment":[{"href":"https:\/\/www.solidarnosc.org.pl\/dok\/wp-json\/wp\/v2\/media?parent=8318"}],"wp:term":[{"taxonomy":"category","embeddable":true,"href":"https:\/\/www.solidarnosc.org.pl\/dok\/wp-json\/wp\/v2\/categories?post=8318"},{"taxonomy":"post_tag","embeddable":true,"href":"https:\/\/www.solidarnosc.org.pl\/dok\/wp-json\/wp\/v2\/tags?post=8318"}],"curies":[{"name":"wp","href":"https:\/\/api.w.org\/{rel}","templated":true}]}}