{"id":8294,"date":"2018-10-30T09:57:15","date_gmt":"2018-10-30T08:57:15","guid":{"rendered":"https:\/\/www.solidarnosc.org.pl\/dok\/?p=8294"},"modified":"2018-10-30T09:57:15","modified_gmt":"2018-10-30T08:57:15","slug":"decyzja-prezydium-kk-nr-165-18-ws-przedluzenia-terminu-xi-edycji-konkursu-pracodawca-przyjazny-pracownikom","status":"publish","type":"post","link":"https:\/\/www.solidarnosc.org.pl\/dok\/2018\/10\/30\/decyzja-prezydium-kk-nr-165-18-ws-przedluzenia-terminu-xi-edycji-konkursu-pracodawca-przyjazny-pracownikom\/","title":{"rendered":"Decyzja Prezydium KK nr 165\/18 ws. przed\u0142u\u017cenia terminu XI edycji konkursu \u201ePracodawca Przyjazny Pracownikom\u201d"},"content":{"rendered":"<p>\n\tPrezydium Komisji Krajowej NSZZ &bdquo;Solidarno\u015b\u0107&rdquo; postanawia przed\u0142u\u017cy\u0107 termin zg\u0142aszania wniosk&oacute;w do XI edycji konkursu &bdquo;Pracodawca Przyjazny Pracownikom&rdquo;<br \/>\n\tdo 30 listopada 2018 roku.<\/p>\n<p>\n\tJednocze\u015bnie traci moc decyzja Prezydium KK nr 77\/18 z 7 czerwca 2018 roku.&nbsp;<\/p>\n<p><\/p>\n","protected":false},"excerpt":{"rendered":"<p>Prezydium Komisji Krajowej NSZZ &bdquo;Solidarno\u015b\u0107&rdquo; postanawia przed\u0142u\u017cy\u0107 termin zg\u0142aszania wniosk&oacute;w do XI edycji konkursu &bdquo;Pracodawca Przyjazny Pracownikom&rdquo; do 30 listopada 2018 roku. Jednocze\u015bnie traci moc decyzja Prezydium KK nr 77\/18 z 7 czerwca 2018 roku.&nbsp;<\/p>\n","protected":false},"author":3,"featured_media":0,"comment_status":"closed","ping_status":"closed","sticky":false,"template":"","format":"standard","meta":{"footnotes":""},"categories":[82,9],"tags":[1957,423,61,536,534],"class_list":["post-8294","post","type-post","status-publish","format-standard","hentry","category-2018prezydium","category-dokprez","tag-165-18","tag-423","tag-decyzja","tag-decyzja-prezydium","tag-prezydium"],"_links":{"self":[{"href":"https:\/\/www.solidarnosc.org.pl\/dok\/wp-json\/wp\/v2\/posts\/8294","targetHints":{"allow":["GET"]}}],"collection":[{"href":"https:\/\/www.solidarnosc.org.pl\/dok\/wp-json\/wp\/v2\/posts"}],"about":[{"href":"https:\/\/www.solidarnosc.org.pl\/dok\/wp-json\/wp\/v2\/types\/post"}],"author":[{"embeddable":true,"href":"https:\/\/www.solidarnosc.org.pl\/dok\/wp-json\/wp\/v2\/users\/3"}],"replies":[{"embeddable":true,"href":"https:\/\/www.solidarnosc.org.pl\/dok\/wp-json\/wp\/v2\/comments?post=8294"}],"version-history":[{"count":0,"href":"https:\/\/www.solidarnosc.org.pl\/dok\/wp-json\/wp\/v2\/posts\/8294\/revisions"}],"wp:attachment":[{"href":"https:\/\/www.solidarnosc.org.pl\/dok\/wp-json\/wp\/v2\/media?parent=8294"}],"wp:term":[{"taxonomy":"category","embeddable":true,"href":"https:\/\/www.solidarnosc.org.pl\/dok\/wp-json\/wp\/v2\/categories?post=8294"},{"taxonomy":"post_tag","embeddable":true,"href":"https:\/\/www.solidarnosc.org.pl\/dok\/wp-json\/wp\/v2\/tags?post=8294"}],"curies":[{"name":"wp","href":"https:\/\/api.w.org\/{rel}","templated":true}]}}