{"id":8291,"date":"2018-10-30T09:55:18","date_gmt":"2018-10-30T08:55:18","guid":{"rendered":"https:\/\/www.solidarnosc.org.pl\/dok\/?p=8291"},"modified":"2018-10-30T09:55:18","modified_gmt":"2018-10-30T08:55:18","slug":"decyzja-prezydium-kk-nr-163-18-ws-upowaznienia-do-skladania-oswiadczen-woli-w-imieniu-nszz-solidarnosc","status":"publish","type":"post","link":"https:\/\/www.solidarnosc.org.pl\/dok\/2018\/10\/30\/decyzja-prezydium-kk-nr-163-18-ws-upowaznienia-do-skladania-oswiadczen-woli-w-imieniu-nszz-solidarnosc\/","title":{"rendered":"Decyzja Prezydium KK nr 163\/18 ws. upowa\u017cnienia do sk\u0142adania o\u015bwiadcze\u0144 woli w imieniu NSZZ \u201eSolidarno\u015b\u0107\u201d"},"content":{"rendered":"<p>\n\tPrezydium Komisji Krajowej NSZZ &bdquo;Solidarno\u015b\u0107&rdquo;, dzia\u0142aj\u0105c na podstawie &sect; 42 ust.7 Statutu NSZZ &bdquo;Solidarno\u015b\u0107&rdquo; upowa\u017cnia do sk\u0142adania o\u015bwiadcze\u0144 woli w imieniu<br \/>\n\tNSZZ &bdquo;Solidarno\u015b\u0107&rdquo;:<\/p>\n<p style=\"margin-left:63.8pt\">\n\tPiotra Dud\u0119 &ndash; Przewodnicz\u0105cego Komisji Krajowej<\/p>\n<p style=\"margin-left:63.8pt\">\n\tBogdana Bisia &ndash; Zast\u0119pc\u0119 Przewodnicz\u0105cego KK<\/p>\n<p style=\"margin-left:63.8pt\">\n\tTadeusza Majchrowicza &ndash; Zast\u0119pc\u0119 Przewodnicz\u0105cego KK<\/p>\n<p style=\"margin-left:63.8pt\">\n\tBogdana Kubiaka &#8211; Zast\u0119pc\u0119 Przewodnicz\u0105cego KK<\/p>\n<p style=\"margin-left:63.8pt\">\n\tJerzego Jaworskiego &ndash; Zast\u0119pc\u0119 Przewodnicz\u0105cego KK\/Skarbnika KK<\/p>\n<p style=\"margin-left:63.8pt\">\n\tEw\u0119 Zydorek &ndash; Sekretarza KK<\/p>\n<p style=\"margin-left:63.8pt\">\n\tHenryka Nakoniecznego &ndash; Cz\u0142onka Prezydium KK<\/p>\n<p>\n\t&nbsp;&nbsp;&nbsp;&nbsp;&nbsp;&nbsp;&nbsp;&nbsp;&nbsp;&nbsp;&nbsp; Do skutecznego z\u0142o\u017cenia o\u015bwiadczenia woli w imieniu NSZZ &bdquo;Solidarno\u015b\u0107&rdquo; wymagane jest wsp&oacute;\u0142dzia\u0142anie dw&oacute;ch z wy\u017cej wymienionych os&oacute;b.<\/p>\n<p>\n\t&nbsp;<\/p>\n<p>\n\tDecyzja wchodzi w \u017cycie z dniem jej podj\u0119cia.<\/p>\n<p>\n\tJednocze\u015bnie traci moc decyzja Prezydium KK nr 2\/14.<\/p>\n<p><\/p>\n","protected":false},"excerpt":{"rendered":"<p>Prezydium Komisji Krajowej NSZZ &bdquo;Solidarno\u015b\u0107&rdquo;, dzia\u0142aj\u0105c na podstawie &sect; 42 ust.7 Statutu NSZZ &bdquo;Solidarno\u015b\u0107&rdquo; upowa\u017cnia do sk\u0142adania o\u015bwiadcze\u0144 woli w imieniu NSZZ &bdquo;Solidarno\u015b\u0107&rdquo;: Piotra Dud\u0119 &ndash; Przewodnicz\u0105cego Komisji Krajowej Bogdana Bisia &ndash; Zast\u0119pc\u0119 Przewodnicz\u0105cego KK Tadeusza Majchrowicza &ndash; Zast\u0119pc\u0119 Przewodnicz\u0105cego KK Bogdana Kubiaka &#8211; Zast\u0119pc\u0119 Przewodnicz\u0105cego KK Jerzego Jaworskiego &ndash; Zast\u0119pc\u0119 Przewodnicz\u0105cego KK\/Skarbnika KK Ew\u0119 [&hellip;]<\/p>\n","protected":false},"author":3,"featured_media":0,"comment_status":"closed","ping_status":"closed","sticky":false,"template":"","format":"standard","meta":{"footnotes":""},"categories":[82,9],"tags":[1955,423,61,536,534],"class_list":["post-8291","post","type-post","status-publish","format-standard","hentry","category-2018prezydium","category-dokprez","tag-163-18","tag-423","tag-decyzja","tag-decyzja-prezydium","tag-prezydium"],"_links":{"self":[{"href":"https:\/\/www.solidarnosc.org.pl\/dok\/wp-json\/wp\/v2\/posts\/8291","targetHints":{"allow":["GET"]}}],"collection":[{"href":"https:\/\/www.solidarnosc.org.pl\/dok\/wp-json\/wp\/v2\/posts"}],"about":[{"href":"https:\/\/www.solidarnosc.org.pl\/dok\/wp-json\/wp\/v2\/types\/post"}],"author":[{"embeddable":true,"href":"https:\/\/www.solidarnosc.org.pl\/dok\/wp-json\/wp\/v2\/users\/3"}],"replies":[{"embeddable":true,"href":"https:\/\/www.solidarnosc.org.pl\/dok\/wp-json\/wp\/v2\/comments?post=8291"}],"version-history":[{"count":0,"href":"https:\/\/www.solidarnosc.org.pl\/dok\/wp-json\/wp\/v2\/posts\/8291\/revisions"}],"wp:attachment":[{"href":"https:\/\/www.solidarnosc.org.pl\/dok\/wp-json\/wp\/v2\/media?parent=8291"}],"wp:term":[{"taxonomy":"category","embeddable":true,"href":"https:\/\/www.solidarnosc.org.pl\/dok\/wp-json\/wp\/v2\/categories?post=8291"},{"taxonomy":"post_tag","embeddable":true,"href":"https:\/\/www.solidarnosc.org.pl\/dok\/wp-json\/wp\/v2\/tags?post=8291"}],"curies":[{"name":"wp","href":"https:\/\/api.w.org\/{rel}","templated":true}]}}