{"id":8260,"date":"2018-10-25T10:02:57","date_gmt":"2018-10-25T08:02:57","guid":{"rendered":"https:\/\/www.solidarnosc.org.pl\/dok\/?p=8260"},"modified":"2018-10-25T10:02:57","modified_gmt":"2018-10-25T08:02:57","slug":"uchwala-nr-6-xxix-kzd-ws-zmian-w-uchwale-nr-14-xxvi-kzd","status":"publish","type":"post","link":"https:\/\/www.solidarnosc.org.pl\/dok\/2018\/10\/25\/uchwala-nr-6-xxix-kzd-ws-zmian-w-uchwale-nr-14-xxvi-kzd\/","title":{"rendered":"UCHWA\u0141A Nr 6 XXIX KZD ws. zmian w Uchwale nr 14 XXVI KZD"},"content":{"rendered":"<p>\n\tKrajowy Zjazd Delegat&oacute;w NSZZ &bdquo;Solidarno\u015b\u0107&rdquo; wprowadza nast\u0119puj\u0105ce zmiany<br \/>\n\tw Uchwale Nr 14 XXVI KZD :<\/p>\n<p>\n\t&sect; 4 otrzymuje brzmienie:<\/p>\n<p>\n\tKrajowemu Zjazdowi Delegat&oacute;w przedk\u0142adane s\u0105 pod g\u0142osowanie tylko projekty uchwa\u0142 zmieniaj\u0105cych Statut, opracowane&nbsp; przez Komisj\u0119 Statutow\u0105 Zjazdu.<\/p>\n<p>\n\tUchwa\u0142a wchodzi w \u017cycie z dniem podj\u0119cia.&nbsp;<\/p>\n<p><\/p>\n","protected":false},"excerpt":{"rendered":"<p>Krajowy Zjazd Delegat&oacute;w NSZZ &bdquo;Solidarno\u015b\u0107&rdquo; wprowadza nast\u0119puj\u0105ce zmiany w Uchwale Nr 14 XXVI KZD : &sect; 4 otrzymuje brzmienie: Krajowemu Zjazdowi Delegat&oacute;w przedk\u0142adane s\u0105 pod g\u0142osowanie tylko projekty uchwa\u0142 zmieniaj\u0105cych Statut, opracowane&nbsp; przez Komisj\u0119 Statutow\u0105 Zjazdu. Uchwa\u0142a wchodzi w \u017cycie z dniem podj\u0119cia.&nbsp;<\/p>\n","protected":false},"author":3,"featured_media":0,"comment_status":"closed","ping_status":"closed","sticky":false,"template":"","format":"standard","meta":{"footnotes":""},"categories":[84,16],"tags":[3170,423,3163,2636,62,2638,3158,3119],"class_list":["post-8260","post","type-post","status-publish","format-standard","hentry","category-29kzd","category-dokkzd","tag-14-xxvi-kzd","tag-423","tag-6-xxix-kzd","tag-kzd","tag-uchwala","tag-uchwala-kzd","tag-xxix-kzd","tag-xxvi-kzd"],"_links":{"self":[{"href":"https:\/\/www.solidarnosc.org.pl\/dok\/wp-json\/wp\/v2\/posts\/8260","targetHints":{"allow":["GET"]}}],"collection":[{"href":"https:\/\/www.solidarnosc.org.pl\/dok\/wp-json\/wp\/v2\/posts"}],"about":[{"href":"https:\/\/www.solidarnosc.org.pl\/dok\/wp-json\/wp\/v2\/types\/post"}],"author":[{"embeddable":true,"href":"https:\/\/www.solidarnosc.org.pl\/dok\/wp-json\/wp\/v2\/users\/3"}],"replies":[{"embeddable":true,"href":"https:\/\/www.solidarnosc.org.pl\/dok\/wp-json\/wp\/v2\/comments?post=8260"}],"version-history":[{"count":0,"href":"https:\/\/www.solidarnosc.org.pl\/dok\/wp-json\/wp\/v2\/posts\/8260\/revisions"}],"wp:attachment":[{"href":"https:\/\/www.solidarnosc.org.pl\/dok\/wp-json\/wp\/v2\/media?parent=8260"}],"wp:term":[{"taxonomy":"category","embeddable":true,"href":"https:\/\/www.solidarnosc.org.pl\/dok\/wp-json\/wp\/v2\/categories?post=8260"},{"taxonomy":"post_tag","embeddable":true,"href":"https:\/\/www.solidarnosc.org.pl\/dok\/wp-json\/wp\/v2\/tags?post=8260"}],"curies":[{"name":"wp","href":"https:\/\/api.w.org\/{rel}","templated":true}]}}