{"id":825,"date":"1995-06-10T14:09:57","date_gmt":"1995-06-10T12:09:57","guid":{"rendered":"http:\/\/www.solidarnosc.org.pl\/dok\/?p=825"},"modified":"2012-10-01T14:11:32","modified_gmt":"2012-10-01T12:11:32","slug":"uchwala-nr-161995-ws-negocjacyjnego-systemu-ksztaltowania-przyrostu-przecietnych-wynagrodzen","status":"publish","type":"post","link":"https:\/\/www.solidarnosc.org.pl\/dok\/1995\/06\/10\/uchwala-nr-161995-ws-negocjacyjnego-systemu-ksztaltowania-przyrostu-przecietnych-wynagrodzen\/","title":{"rendered":"Uchwa\u0142a nr 16\/1995 ws. negocjacyjnego systemu kszta\u0142towania przyrostu przeci\u0119tnych wynagrodze\u0144"},"content":{"rendered":"<p style=\"text-align: justify;\">Krajowy \u00a0Zjazd Delegat\u00f3w NSZZ &#8222;Solidarno\u015b\u0107&#8221; wnosi stanowczy\u00a0sprzeciw \u00a0wobec \u00a0rozwi\u0105za\u0144 \u00a0zawartych \u00a0w ustawie o negocjacyjnym\u00a0systemie \u00a0\u00a0kszta\u0142towania \u00a0\u00a0przyrostu \u00a0\u00a0przeci\u0119tnych \u00a0wynagrodze\u0144\u00a0z dnia 16 grudnia 1994 r. i przepisach wykonawczych.<\/p>\n<p style=\"text-align: justify;\">\u00a0\u00a0\u00a0\u00a0 Krajowy \u00a0\u00a0Zjazd \u00a0\u00a0Delegat\u00f3w \u00a0\u00a0zobowi\u0105zuje \u00a0Komisj\u0119 \u00a0Krajow\u0105\u00a0do podejmowania dzia\u0142a\u0144 zmierzaj\u0105cych do uchylenia tej ustawy.<\/p>\n","protected":false},"excerpt":{"rendered":"<p>Krajowy \u00a0Zjazd Delegat\u00f3w NSZZ &#8222;Solidarno\u015b\u0107&#8221; wnosi stanowczy\u00a0sprzeciw \u00a0wobec \u00a0rozwi\u0105za\u0144 \u00a0zawartych \u00a0w ustawie o negocjacyjnym\u00a0systemie \u00a0\u00a0kszta\u0142towania \u00a0\u00a0przyrostu \u00a0\u00a0przeci\u0119tnych \u00a0wynagrodze\u0144\u00a0z dnia 16 grudnia 1994 r. i przepisach wykonawczych. \u00a0\u00a0\u00a0\u00a0 Krajowy \u00a0\u00a0Zjazd \u00a0\u00a0Delegat\u00f3w \u00a0\u00a0zobowi\u0105zuje \u00a0Komisj\u0119 \u00a0Krajow\u0105\u00a0do podejmowania dzia\u0142a\u0144 zmierzaj\u0105cych do uchylenia tej ustawy.<\/p>\n","protected":false},"author":3,"featured_media":0,"comment_status":"closed","ping_status":"closed","sticky":false,"template":"","format":"standard","meta":{"footnotes":""},"categories":[25,16],"tags":[2879,2862,2636,62,2638],"class_list":["post-825","post","type-post","status-publish","format-standard","hentry","category-7kzd","category-dokkzd","tag-16-1995","tag-2862","tag-kzd","tag-uchwala","tag-uchwala-kzd"],"_links":{"self":[{"href":"https:\/\/www.solidarnosc.org.pl\/dok\/wp-json\/wp\/v2\/posts\/825","targetHints":{"allow":["GET"]}}],"collection":[{"href":"https:\/\/www.solidarnosc.org.pl\/dok\/wp-json\/wp\/v2\/posts"}],"about":[{"href":"https:\/\/www.solidarnosc.org.pl\/dok\/wp-json\/wp\/v2\/types\/post"}],"author":[{"embeddable":true,"href":"https:\/\/www.solidarnosc.org.pl\/dok\/wp-json\/wp\/v2\/users\/3"}],"replies":[{"embeddable":true,"href":"https:\/\/www.solidarnosc.org.pl\/dok\/wp-json\/wp\/v2\/comments?post=825"}],"version-history":[{"count":1,"href":"https:\/\/www.solidarnosc.org.pl\/dok\/wp-json\/wp\/v2\/posts\/825\/revisions"}],"predecessor-version":[{"id":827,"href":"https:\/\/www.solidarnosc.org.pl\/dok\/wp-json\/wp\/v2\/posts\/825\/revisions\/827"}],"wp:attachment":[{"href":"https:\/\/www.solidarnosc.org.pl\/dok\/wp-json\/wp\/v2\/media?parent=825"}],"wp:term":[{"taxonomy":"category","embeddable":true,"href":"https:\/\/www.solidarnosc.org.pl\/dok\/wp-json\/wp\/v2\/categories?post=825"},{"taxonomy":"post_tag","embeddable":true,"href":"https:\/\/www.solidarnosc.org.pl\/dok\/wp-json\/wp\/v2\/tags?post=825"}],"curies":[{"name":"wp","href":"https:\/\/api.w.org\/{rel}","templated":true}]}}