{"id":8247,"date":"2018-10-25T09:57:18","date_gmt":"2018-10-25T07:57:18","guid":{"rendered":"https:\/\/www.solidarnosc.org.pl\/dok\/?p=8247"},"modified":"2018-10-25T09:57:18","modified_gmt":"2018-10-25T07:57:18","slug":"uchwala-nr-1-xxix-kzd-ws-nadania-tytulu-zasluzony-dla-nszz-solidarnosc","status":"publish","type":"post","link":"https:\/\/www.solidarnosc.org.pl\/dok\/2018\/10\/25\/uchwala-nr-1-xxix-kzd-ws-nadania-tytulu-zasluzony-dla-nszz-solidarnosc\/","title":{"rendered":"UCHWA\u0141A Nr 1 XXIX KZD ws. nadania tytu\u0142u Zas\u0142u\u017cony dla NSZZ \u201eSolidarno\u015b\u0107&#8221;"},"content":{"rendered":"<p>\n\tKrajowy Zjazd Delegat&oacute;w NSZZ &bdquo;Solidarno\u015b\u0107&quot; dzia\u0142aj\u0105c na podstawie regulaminu przyj\u0119tego uchwa\u0142\u0105 nr 18 XXVI KZD, postanawia nada\u0107 tytu\u0142 Zas\u0142u\u017cony dla NSZZ &bdquo;Solidarno\u015b\u0107&rdquo; ni\u017cej wymienionym:<\/p>\n<p style=\"margin-left:35.7pt\">\n\t&nbsp;<\/p>\n<ol>\n<li>\n\t\tAndrzej Ciok<\/li>\n<li>\n\t\tZbigniew Bonarski<\/li>\n<li>\n\t\tJan Fiodorowicz<\/li>\n<li>\n\t\tKazimierz Grajcarek<\/li>\n<li>\n\t\tMaciej Jankowski<\/li>\n<li>\n\t\tZbigniew Kruszy\u0144ski<\/li>\n<li>\n\t\tMarian Krzaklewski<\/li>\n<li>\n\t\tJerzy Borowiec<\/li>\n<li>\n\t\tks. pra\u0142at Zbigniew Szygenda<\/li>\n<li>\n\t\tAleksander Piwo\u0144ski<\/li>\n<\/ol>\n<p><\/p>\n","protected":false},"excerpt":{"rendered":"<p>Krajowy Zjazd Delegat&oacute;w NSZZ &bdquo;Solidarno\u015b\u0107&quot; dzia\u0142aj\u0105c na podstawie regulaminu przyj\u0119tego uchwa\u0142\u0105 nr 18 XXVI KZD, postanawia nada\u0107 tytu\u0142 Zas\u0142u\u017cony dla NSZZ &bdquo;Solidarno\u015b\u0107&rdquo; ni\u017cej wymienionym: &nbsp; Andrzej Ciok Zbigniew Bonarski Jan Fiodorowicz Kazimierz Grajcarek Maciej Jankowski Zbigniew Kruszy\u0144ski Marian Krzaklewski Jerzy Borowiec ks. pra\u0142at Zbigniew Szygenda Aleksander Piwo\u0144ski<\/p>\n","protected":false},"author":3,"featured_media":0,"comment_status":"closed","ping_status":"closed","sticky":false,"template":"","format":"standard","meta":{"footnotes":""},"categories":[84,16],"tags":[3157,423,2636,62,2638,3158],"class_list":["post-8247","post","type-post","status-publish","format-standard","hentry","category-29kzd","category-dokkzd","tag-1-xxix-kzd","tag-423","tag-kzd","tag-uchwala","tag-uchwala-kzd","tag-xxix-kzd"],"_links":{"self":[{"href":"https:\/\/www.solidarnosc.org.pl\/dok\/wp-json\/wp\/v2\/posts\/8247","targetHints":{"allow":["GET"]}}],"collection":[{"href":"https:\/\/www.solidarnosc.org.pl\/dok\/wp-json\/wp\/v2\/posts"}],"about":[{"href":"https:\/\/www.solidarnosc.org.pl\/dok\/wp-json\/wp\/v2\/types\/post"}],"author":[{"embeddable":true,"href":"https:\/\/www.solidarnosc.org.pl\/dok\/wp-json\/wp\/v2\/users\/3"}],"replies":[{"embeddable":true,"href":"https:\/\/www.solidarnosc.org.pl\/dok\/wp-json\/wp\/v2\/comments?post=8247"}],"version-history":[{"count":0,"href":"https:\/\/www.solidarnosc.org.pl\/dok\/wp-json\/wp\/v2\/posts\/8247\/revisions"}],"wp:attachment":[{"href":"https:\/\/www.solidarnosc.org.pl\/dok\/wp-json\/wp\/v2\/media?parent=8247"}],"wp:term":[{"taxonomy":"category","embeddable":true,"href":"https:\/\/www.solidarnosc.org.pl\/dok\/wp-json\/wp\/v2\/categories?post=8247"},{"taxonomy":"post_tag","embeddable":true,"href":"https:\/\/www.solidarnosc.org.pl\/dok\/wp-json\/wp\/v2\/tags?post=8247"}],"curies":[{"name":"wp","href":"https:\/\/api.w.org\/{rel}","templated":true}]}}