{"id":8154,"date":"2018-09-25T08:54:33","date_gmt":"2018-09-25T06:54:33","guid":{"rendered":"https:\/\/www.solidarnosc.org.pl\/dok\/?p=8154"},"modified":"2018-09-25T08:54:33","modified_gmt":"2018-09-25T06:54:33","slug":"uchwala-kk-nr-28-18-ws-przyjecia-sprawozdania-z-prac-kk-nszz-solidarnosc-na-xxix-kzd","status":"publish","type":"post","link":"https:\/\/www.solidarnosc.org.pl\/dok\/2018\/09\/25\/uchwala-kk-nr-28-18-ws-przyjecia-sprawozdania-z-prac-kk-nszz-solidarnosc-na-xxix-kzd\/","title":{"rendered":"Uchwa\u0142a  KK nr 28\/18 ws. przyj\u0119cia sprawozdania z prac KK NSZZ \u201eSolidarno\u015b\u0107\u201d na XXIX KZD"},"content":{"rendered":"<p style=\"margin-left:9.0pt\">\n\tKomisja Krajowa NSZZ &bdquo;Solidarno\u015b\u0107&rdquo; przyjmuje &bdquo;Sprawozdanie z prac Komisji Krajowej NSZZ &bdquo;Solidarno\u015b\u0107&rdquo; za kadencj\u0119 2014 &ndash; 2018&rdquo;, przygotowan\u0105<br \/>\n\tna XXIX sesj\u0119 Krajowego Zjazdu Delegat&oacute;w.<\/p>\n<p><\/p>\n","protected":false},"excerpt":{"rendered":"<p>Komisja Krajowa NSZZ &bdquo;Solidarno\u015b\u0107&rdquo; przyjmuje &bdquo;Sprawozdanie z prac Komisji Krajowej NSZZ &bdquo;Solidarno\u015b\u0107&rdquo; za kadencj\u0119 2014 &ndash; 2018&rdquo;, przygotowan\u0105 na XXIX sesj\u0119 Krajowego Zjazdu Delegat&oacute;w.<\/p>\n","protected":false},"author":3,"featured_media":0,"comment_status":"closed","ping_status":"closed","sticky":false,"template":"","format":"standard","meta":{"footnotes":""},"categories":[83,8],"tags":[423,451,98,62,102],"class_list":["post-8154","post","type-post","status-publish","format-standard","hentry","category-2018kk","category-dokkk","tag-423","tag-28-18","tag-kk","tag-uchwala","tag-uchwala-kk"],"_links":{"self":[{"href":"https:\/\/www.solidarnosc.org.pl\/dok\/wp-json\/wp\/v2\/posts\/8154","targetHints":{"allow":["GET"]}}],"collection":[{"href":"https:\/\/www.solidarnosc.org.pl\/dok\/wp-json\/wp\/v2\/posts"}],"about":[{"href":"https:\/\/www.solidarnosc.org.pl\/dok\/wp-json\/wp\/v2\/types\/post"}],"author":[{"embeddable":true,"href":"https:\/\/www.solidarnosc.org.pl\/dok\/wp-json\/wp\/v2\/users\/3"}],"replies":[{"embeddable":true,"href":"https:\/\/www.solidarnosc.org.pl\/dok\/wp-json\/wp\/v2\/comments?post=8154"}],"version-history":[{"count":0,"href":"https:\/\/www.solidarnosc.org.pl\/dok\/wp-json\/wp\/v2\/posts\/8154\/revisions"}],"wp:attachment":[{"href":"https:\/\/www.solidarnosc.org.pl\/dok\/wp-json\/wp\/v2\/media?parent=8154"}],"wp:term":[{"taxonomy":"category","embeddable":true,"href":"https:\/\/www.solidarnosc.org.pl\/dok\/wp-json\/wp\/v2\/categories?post=8154"},{"taxonomy":"post_tag","embeddable":true,"href":"https:\/\/www.solidarnosc.org.pl\/dok\/wp-json\/wp\/v2\/tags?post=8154"}],"curies":[{"name":"wp","href":"https:\/\/api.w.org\/{rel}","templated":true}]}}