{"id":806,"date":"1995-06-09T13:55:22","date_gmt":"1995-06-09T11:55:22","guid":{"rendered":"http:\/\/www.solidarnosc.org.pl\/dok\/?p=806"},"modified":"2012-10-01T13:57:38","modified_gmt":"2012-10-01T11:57:38","slug":"uchwala-nr-101995-ws-budzetu-panstwa","status":"publish","type":"post","link":"https:\/\/www.solidarnosc.org.pl\/dok\/1995\/06\/09\/uchwala-nr-101995-ws-budzetu-panstwa\/","title":{"rendered":"Uchwa\u0142a nr 10\/1995 ws. bud\u017cetu pa\u0144stwa"},"content":{"rendered":"<p style=\"text-align: justify;\">Krajowy \u00a0Zjazd \u00a0Delegat\u00f3w \u00a0NSZZ \u00a0&#8222;Solidarno\u015b\u0107&#8221; \u00a0zobowi\u0105zuje\u00a0Komisj\u0119 \u00a0Krajow\u0105 \u00a0do \u00a0dzia\u0142a\u0144 \u00a0zmierzaj\u0105cych \u00a0do zagwarantowania\u00a0przez Rz\u0105d RP w bud\u017cecie pa\u0144stwa:<\/p>\n<p style=\"text-align: justify;\">&#8211; 5% PKB na potrzeby o\u015bwiaty<\/p>\n<p style=\"text-align: justify;\">&#8211; 3% PKB na potrzeby szkolnictwa wy\u017cszego<\/p>\n<p style=\"text-align: justify;\">&#8211; 2% PKB na potrzeby nauki<\/p>\n<p style=\"text-align: justify;\">&#8211; 6% PKB na potrzeby ochrony zdrowia<\/p>\n<p style=\"text-align: justify;\">&#8211; 1% PKB na potrzeby kultury<\/p>\n<p style=\"text-align: justify;\">w wynegocjowanym i \u015bci\u015ble okre\u015blonym czasie.<\/p>\n<p style=\"text-align: justify;\">R\u00f3wnocze\u015bnie \u00a0\u00a0\u00a0\u00a0Krajowy \u00a0\u00a0\u00a0Zjazd \u00a0\u00a0\u00a0Delegat\u00f3w \u00a0\u00a0\u00a0wnioskuje\u00a0o nowelizacj\u0119 Ustawy Bud\u017cetowej na rok 1995. Pozwoli to zapobiec\u00a0gwa\u0142townemu \u00a0pogarszaniu \u00a0si\u0119 \u00a0oferty \u00a0edukacyjnej \u00a0dla \u00a0dzieci,\u00a0m\u0142odzie\u017cy i student\u00f3w.<\/p>\n<p style=\"text-align: justify;\">Win\u0119 \u00a0za \u00a0niedoinwestowanie i rosn\u0105ce zad\u0142u\u017cenie w edukacji\u00a0ponosi \u00a0obecna \u00a0koalicja postkomunistyczna, a nie spo\u0142ecze\u0144stwo,\u00a0na \u00a0kt\u00f3re \u00a0pr\u00f3buje \u00a0ona \u00a0przerzuci\u0107 \u00a0skutki \u00a0nieudolnej polityki\u00a0spo\u0142eczno-gospodarczej.<\/p>\n","protected":false},"excerpt":{"rendered":"<p>Krajowy \u00a0Zjazd \u00a0Delegat\u00f3w \u00a0NSZZ \u00a0&#8222;Solidarno\u015b\u0107&#8221; \u00a0zobowi\u0105zuje\u00a0Komisj\u0119 \u00a0Krajow\u0105 \u00a0do \u00a0dzia\u0142a\u0144 \u00a0zmierzaj\u0105cych \u00a0do zagwarantowania\u00a0przez Rz\u0105d RP w bud\u017cecie pa\u0144stwa: &#8211; 5% PKB na potrzeby o\u015bwiaty &#8211; 3% PKB na potrzeby szkolnictwa wy\u017cszego &#8211; 2% PKB na potrzeby nauki &#8211; 6% PKB na potrzeby ochrony zdrowia &#8211; 1% PKB na potrzeby kultury w wynegocjowanym i \u015bci\u015ble okre\u015blonym czasie. [&hellip;]<\/p>\n","protected":false},"author":3,"featured_media":0,"comment_status":"closed","ping_status":"closed","sticky":false,"template":"","format":"standard","meta":{"footnotes":""},"categories":[25,16],"tags":[2872,2862,2636,62,2638],"class_list":["post-806","post","type-post","status-publish","format-standard","hentry","category-7kzd","category-dokkzd","tag-10-1995","tag-2862","tag-kzd","tag-uchwala","tag-uchwala-kzd"],"_links":{"self":[{"href":"https:\/\/www.solidarnosc.org.pl\/dok\/wp-json\/wp\/v2\/posts\/806","targetHints":{"allow":["GET"]}}],"collection":[{"href":"https:\/\/www.solidarnosc.org.pl\/dok\/wp-json\/wp\/v2\/posts"}],"about":[{"href":"https:\/\/www.solidarnosc.org.pl\/dok\/wp-json\/wp\/v2\/types\/post"}],"author":[{"embeddable":true,"href":"https:\/\/www.solidarnosc.org.pl\/dok\/wp-json\/wp\/v2\/users\/3"}],"replies":[{"embeddable":true,"href":"https:\/\/www.solidarnosc.org.pl\/dok\/wp-json\/wp\/v2\/comments?post=806"}],"version-history":[{"count":1,"href":"https:\/\/www.solidarnosc.org.pl\/dok\/wp-json\/wp\/v2\/posts\/806\/revisions"}],"predecessor-version":[{"id":808,"href":"https:\/\/www.solidarnosc.org.pl\/dok\/wp-json\/wp\/v2\/posts\/806\/revisions\/808"}],"wp:attachment":[{"href":"https:\/\/www.solidarnosc.org.pl\/dok\/wp-json\/wp\/v2\/media?parent=806"}],"wp:term":[{"taxonomy":"category","embeddable":true,"href":"https:\/\/www.solidarnosc.org.pl\/dok\/wp-json\/wp\/v2\/categories?post=806"},{"taxonomy":"post_tag","embeddable":true,"href":"https:\/\/www.solidarnosc.org.pl\/dok\/wp-json\/wp\/v2\/tags?post=806"}],"curies":[{"name":"wp","href":"https:\/\/api.w.org\/{rel}","templated":true}]}}