{"id":7909,"date":"2018-02-20T11:32:23","date_gmt":"2018-02-20T10:32:23","guid":{"rendered":"https:\/\/www.solidarnosc.org.pl\/dok\/?p=7909"},"modified":"2018-02-20T11:32:23","modified_gmt":"2018-02-20T10:32:23","slug":"decyzja-prezydium-kk-nr-32-18-ws-zgody-na-uzycie-nazwy-i-znaku-graficznego-nszz-solidarnosc","status":"publish","type":"post","link":"https:\/\/www.solidarnosc.org.pl\/dok\/2018\/02\/20\/decyzja-prezydium-kk-nr-32-18-ws-zgody-na-uzycie-nazwy-i-znaku-graficznego-nszz-solidarnosc\/","title":{"rendered":"Decyzja Prezydium KK nr 32\/18 ws. zgody na u\u017cycie nazwy i znaku graficznego NSZZ \u201eSolidarno\u015b\u0107\u201d"},"content":{"rendered":"<p style=\"text-align: justify\">\n\t&nbsp;Prezydium Komisji Krajowej NSZZ &bdquo;Solidarno\u015b\u0107&rdquo;, na wniosekpani El\u017cbiety Micha\u0142owicz, wyra\u017ca zgod\u0119 na u\u017cycie nazwy i znaku graficznego NSZZ &bdquo;Solidarno\u015b\u0107&rdquo; na opracowanym przez ni\u0105 eksponacie zatytu\u0142owanym <em>There is no freedom without Solidarity<\/em>, kt&oacute;ry wystawiony zostanie przed siedzib\u0105 G\u0142&oacute;wnej Kwatery NATO w Brukseli w zwi\u0105zku z konkursem organizowanym przez Ministerstwo Spraw Zagranicznych.<\/p>\n<p><\/p>\n","protected":false},"excerpt":{"rendered":"<p>&nbsp;Prezydium Komisji Krajowej NSZZ &bdquo;Solidarno\u015b\u0107&rdquo;, na wniosekpani El\u017cbiety Micha\u0142owicz, wyra\u017ca zgod\u0119 na u\u017cycie nazwy i znaku graficznego NSZZ &bdquo;Solidarno\u015b\u0107&rdquo; na opracowanym przez ni\u0105 eksponacie zatytu\u0142owanym There is no freedom without Solidarity, kt&oacute;ry wystawiony zostanie przed siedzib\u0105 G\u0142&oacute;wnej Kwatery NATO w Brukseli w zwi\u0105zku z konkursem organizowanym przez Ministerstwo Spraw Zagranicznych.<\/p>\n","protected":false},"author":3,"featured_media":0,"comment_status":"closed","ping_status":"closed","sticky":false,"template":"","format":"standard","meta":{"footnotes":""},"categories":[82,9],"tags":[423,455,61,536,534],"class_list":["post-7909","post","type-post","status-publish","format-standard","hentry","category-2018prezydium","category-dokprez","tag-423","tag-32-18","tag-decyzja","tag-decyzja-prezydium","tag-prezydium"],"_links":{"self":[{"href":"https:\/\/www.solidarnosc.org.pl\/dok\/wp-json\/wp\/v2\/posts\/7909","targetHints":{"allow":["GET"]}}],"collection":[{"href":"https:\/\/www.solidarnosc.org.pl\/dok\/wp-json\/wp\/v2\/posts"}],"about":[{"href":"https:\/\/www.solidarnosc.org.pl\/dok\/wp-json\/wp\/v2\/types\/post"}],"author":[{"embeddable":true,"href":"https:\/\/www.solidarnosc.org.pl\/dok\/wp-json\/wp\/v2\/users\/3"}],"replies":[{"embeddable":true,"href":"https:\/\/www.solidarnosc.org.pl\/dok\/wp-json\/wp\/v2\/comments?post=7909"}],"version-history":[{"count":0,"href":"https:\/\/www.solidarnosc.org.pl\/dok\/wp-json\/wp\/v2\/posts\/7909\/revisions"}],"wp:attachment":[{"href":"https:\/\/www.solidarnosc.org.pl\/dok\/wp-json\/wp\/v2\/media?parent=7909"}],"wp:term":[{"taxonomy":"category","embeddable":true,"href":"https:\/\/www.solidarnosc.org.pl\/dok\/wp-json\/wp\/v2\/categories?post=7909"},{"taxonomy":"post_tag","embeddable":true,"href":"https:\/\/www.solidarnosc.org.pl\/dok\/wp-json\/wp\/v2\/tags?post=7909"}],"curies":[{"name":"wp","href":"https:\/\/api.w.org\/{rel}","templated":true}]}}