{"id":7867,"date":"2018-01-17T07:42:00","date_gmt":"2018-01-17T06:42:00","guid":{"rendered":"https:\/\/www.solidarnosc.org.pl\/dok\/?p=7867"},"modified":"2018-01-17T07:42:00","modified_gmt":"2018-01-17T06:42:00","slug":"decyzja-prezydium-kk-ws-mozliwosci-glosowan-przy-wykorzystaniu-srodkow-bezposredniego-porozumiewania-sie-na-odleglosc-dla-prezydium-komisji-krajowej-nszz-solidarnosc","status":"publish","type":"post","link":"https:\/\/www.solidarnosc.org.pl\/dok\/2018\/01\/17\/decyzja-prezydium-kk-ws-mozliwosci-glosowan-przy-wykorzystaniu-srodkow-bezposredniego-porozumiewania-sie-na-odleglosc-dla-prezydium-komisji-krajowej-nszz-solidarnosc\/","title":{"rendered":"Decyzja Prezydium KK nr 10\/18 ws. mo\u017cliwo\u015bci g\u0142osowa\u0144 przy wykorzystaniu \u015brodk\u00f3w bezpo\u015bredniego porozumiewania si\u0119 na odleg\u0142o\u015b\u0107 dla Prezydium Komisji Krajowej NSZZ \u201eSolidarno\u015b\u0107\u201d"},"content":{"rendered":"<p style=\"text-align: justify\">\n\tPrezydium Komisji Krajowej NSZZ &bdquo;Solidarno\u015b\u0107&rdquo;, na podstawie &sect;1 ust.2 Uchwa\u0142y KK nr 17\/17, podejmuje decyzj\u0119 ws. mo\u017cliwo\u015bci g\u0142osowa\u0144 przy wykorzystaniu \u015brodk&oacute;w bezpo\u015bredniego porozumiewania si\u0119 na odleg\u0142o\u015b\u0107 dla Prezydium Komisji Krajowej NSZZ &bdquo;Solidarno\u015b\u0107&rdquo;.<\/p>\n<p style=\"text-align: justify\">\n\t&nbsp;&nbsp;&nbsp;&nbsp;&nbsp;&nbsp;&nbsp;&nbsp;&nbsp;&nbsp;&nbsp; Prezydium KK postanawia, \u017ce funkcj\u0119 e-sekretarza pe\u0142ni\u0107 b\u0119dzie Sekretarz Prezydium KK.<\/p>\n<p><\/p>\n","protected":false},"excerpt":{"rendered":"<p>Prezydium Komisji Krajowej NSZZ &bdquo;Solidarno\u015b\u0107&rdquo;, na podstawie &sect;1 ust.2 Uchwa\u0142y KK nr 17\/17, podejmuje decyzj\u0119 ws. mo\u017cliwo\u015bci g\u0142osowa\u0144 przy wykorzystaniu \u015brodk&oacute;w bezpo\u015bredniego porozumiewania si\u0119 na odleg\u0142o\u015b\u0107 dla Prezydium Komisji Krajowej NSZZ &bdquo;Solidarno\u015b\u0107&rdquo;. &nbsp;&nbsp;&nbsp;&nbsp;&nbsp;&nbsp;&nbsp;&nbsp;&nbsp;&nbsp;&nbsp; Prezydium KK postanawia, \u017ce funkcj\u0119 e-sekretarza pe\u0142ni\u0107 b\u0119dzie Sekretarz Prezydium KK.<\/p>\n","protected":false},"author":3,"featured_media":0,"comment_status":"closed","ping_status":"closed","sticky":false,"template":"","format":"standard","meta":{"footnotes":""},"categories":[82,9],"tags":[434,423,61,536,534],"class_list":["post-7867","post","type-post","status-publish","format-standard","hentry","category-2018prezydium","category-dokprez","tag-10-18","tag-423","tag-decyzja","tag-decyzja-prezydium","tag-prezydium"],"_links":{"self":[{"href":"https:\/\/www.solidarnosc.org.pl\/dok\/wp-json\/wp\/v2\/posts\/7867","targetHints":{"allow":["GET"]}}],"collection":[{"href":"https:\/\/www.solidarnosc.org.pl\/dok\/wp-json\/wp\/v2\/posts"}],"about":[{"href":"https:\/\/www.solidarnosc.org.pl\/dok\/wp-json\/wp\/v2\/types\/post"}],"author":[{"embeddable":true,"href":"https:\/\/www.solidarnosc.org.pl\/dok\/wp-json\/wp\/v2\/users\/3"}],"replies":[{"embeddable":true,"href":"https:\/\/www.solidarnosc.org.pl\/dok\/wp-json\/wp\/v2\/comments?post=7867"}],"version-history":[{"count":0,"href":"https:\/\/www.solidarnosc.org.pl\/dok\/wp-json\/wp\/v2\/posts\/7867\/revisions"}],"wp:attachment":[{"href":"https:\/\/www.solidarnosc.org.pl\/dok\/wp-json\/wp\/v2\/media?parent=7867"}],"wp:term":[{"taxonomy":"category","embeddable":true,"href":"https:\/\/www.solidarnosc.org.pl\/dok\/wp-json\/wp\/v2\/categories?post=7867"},{"taxonomy":"post_tag","embeddable":true,"href":"https:\/\/www.solidarnosc.org.pl\/dok\/wp-json\/wp\/v2\/tags?post=7867"}],"curies":[{"name":"wp","href":"https:\/\/api.w.org\/{rel}","templated":true}]}}