{"id":7745,"date":"2017-08-30T07:51:37","date_gmt":"2017-08-30T05:51:37","guid":{"rendered":"https:\/\/www.solidarnosc.org.pl\/dok\/?p=7745"},"modified":"2017-08-30T07:51:37","modified_gmt":"2017-08-30T05:51:37","slug":"uchwala-kk-nr-26-17-ws-zmiany-uchwaly-kk-nr-18-17-ws-ordynacji-wyborczej","status":"publish","type":"post","link":"https:\/\/www.solidarnosc.org.pl\/dok\/2017\/08\/30\/uchwala-kk-nr-26-17-ws-zmiany-uchwaly-kk-nr-18-17-ws-ordynacji-wyborczej\/","title":{"rendered":"Uchwa\u0142a KK nr 26\/17 ws. zmiany Uchwa\u0142y KK nr 18\/17 ws. Ordynacji wyborczej"},"content":{"rendered":"<p align=\"center\">\n\t&sect; 1<\/p>\n<p>\n\tKomisja Krajowa NSZZ &bdquo;Solidarno\u015b\u0107&rdquo; postanawia wprowadzi\u0107 nast\u0119puj\u0105ce zmiany &nbsp;&nbsp;&nbsp;&nbsp;&nbsp;&nbsp;&nbsp;&nbsp;&nbsp;&nbsp;&nbsp;&nbsp;&nbsp;&nbsp;&nbsp;&nbsp;&nbsp;&nbsp;&nbsp;&nbsp;&nbsp;&nbsp;w Uchwale KK nr 18\/17 ws. Ordynacji wyborczej:<\/p>\n<p>\n\t&nbsp;<\/p>\n<p style=\"margin-left:36.0pt\">\n\t1.&nbsp;&nbsp;&nbsp;&nbsp; w &sect; 4 ust.1 dopisuje si\u0119 punkt 10 o tre\u015bci: wyst\u0119puje z wnioskiem do regionalnej komisji wyborczej o wyra\u017cenie zgody na przekszta\u0142cenie, w trakcie trwania kadencji, zebrania cz\u0142onk&oacute;w w zebranie delegat&oacute;w w drodze przeprowadzenia wybor&oacute;w delegat&oacute;w na zak\u0142adowe zebranie delegat&oacute;w, zgodnie z Rozdzia\u0142em II Ordynacji wyborczej.<\/p>\n<p style=\"margin-left:36.0pt\">\n\t2.&nbsp;&nbsp;&nbsp;&nbsp; w &sect; 31 po sformu\u0142owaniu &bdquo;Przy wyborze przewodnicz\u0105cego komisji zak\u0142adowej&rdquo; dopisuje si\u0119 przecinek, a po nim sformu\u0142owanie &bdquo;komisji zak\u0142adowej i zak\u0142adowej komisji rewizyjnej&rdquo;;<\/p>\n<p style=\"margin-left:36.0pt\">\n\tW zdaniu drugim, po sformu\u0142owaniu &bdquo;nie dokona\u0142o wyboru przewodnicz\u0105cego komisji zak\u0142adowej&rdquo; dopisuje si\u0119 sformu\u0142owanie &bdquo;lub ponad po\u0142owy cz\u0142onk&oacute;w komisji zak\u0142adowej lub ponad po\u0142owy cz\u0142onk&oacute;w komisji rewizyjnej&rdquo;;<\/p>\n<p style=\"margin-left:36.0pt\">\n\t3.&nbsp;&nbsp;&nbsp;&nbsp; w &sect; 32 dopisuje si\u0119 ust. 1a o tre\u015bci &bdquo;Za posiedzenie trwaj\u0105ce, o kt&oacute;rym mowa w ust.&nbsp;1 uznaje si\u0119 posiedzenie, kt&oacute;re nie zosta\u0142o zamkni\u0119te przez przewodnicz\u0105cego zebrania &nbsp;i jego kontynuacja w celu doko\u0144czenia rozpocz\u0119tych wybor&oacute;w nast\u0105pi\u0142a przed up\u0142ywem 14 dni.&rdquo;;<\/p>\n<p style=\"margin-left:36.0pt\">\n\t4.&nbsp;&nbsp;&nbsp;&nbsp; w &sect; 32 ust. 2 po s\u0142owie &bdquo;zak\u0142adowej&rdquo; dopisuje si\u0119 przecinek, a po nim sformu\u0142owanie &bdquo;komisji zak\u0142adowej i zak\u0142adowej komisji rewizyjnej lub pozosta\u0142ych cz\u0142onk&oacute;w komisji zak\u0142adowej lub pozosta\u0142ych cz\u0142onk&oacute;w komisji rewizyjnej&rdquo;;<\/p>\n<p style=\"margin-left:36.0pt\">\n\t5.&nbsp;&nbsp;&nbsp;&nbsp; w &sect; 86 ust. 1 dopisuje si\u0119 punkt 4 o tre\u015bci &rdquo;na wniosek komisji zak\u0142adowej lub zak\u0142adowej komisji wyborczej podejmuje decyzj\u0119 o przekszta\u0142ceniu, w trakcie trwania kadencji, zebrania cz\u0142onk&oacute;w w zebranie delegat&oacute;w w drodze przeprowadzenia wybor&oacute;w delegat&oacute;w na zak\u0142adowe zebranie delegat&oacute;w, zgodnie z Rozdzia\u0142em II Ordynacji wyborczej&rdquo;.<\/p>\n<p style=\"margin-left:36.0pt\">\n\t&nbsp;<\/p>\n<p align=\"center\">\n\t&sect; 2<\/p>\n<p>\n\tUchwa\u0142a wchodzi w \u017cycie z dniem podj\u0119cia.<\/p>\n<p><\/p>\n","protected":false},"excerpt":{"rendered":"<p>&sect; 1 Komisja Krajowa NSZZ &bdquo;Solidarno\u015b\u0107&rdquo; postanawia wprowadzi\u0107 nast\u0119puj\u0105ce zmiany &nbsp;&nbsp;&nbsp;&nbsp;&nbsp;&nbsp;&nbsp;&nbsp;&nbsp;&nbsp;&nbsp;&nbsp;&nbsp;&nbsp;&nbsp;&nbsp;&nbsp;&nbsp;&nbsp;&nbsp;&nbsp;&nbsp;w Uchwale KK nr 18\/17 ws. Ordynacji wyborczej: &nbsp; 1.&nbsp;&nbsp;&nbsp;&nbsp; w &sect; 4 ust.1 dopisuje si\u0119 punkt 10 o tre\u015bci: wyst\u0119puje z wnioskiem do regionalnej komisji wyborczej o wyra\u017cenie zgody na przekszta\u0142cenie, w trakcie trwania kadencji, zebrania cz\u0142onk&oacute;w w zebranie delegat&oacute;w w drodze przeprowadzenia wybor&oacute;w [&hellip;]<\/p>\n","protected":false},"author":3,"featured_media":0,"comment_status":"closed","ping_status":"closed","sticky":false,"template":"","format":"standard","meta":{"footnotes":""},"categories":[81,8],"tags":[407,388,415,98,62,102],"class_list":["post-7745","post","type-post","status-publish","format-standard","hentry","category-2017kk","category-dokkk","tag-18-17","tag-388","tag-26-17","tag-kk","tag-uchwala","tag-uchwala-kk"],"_links":{"self":[{"href":"https:\/\/www.solidarnosc.org.pl\/dok\/wp-json\/wp\/v2\/posts\/7745","targetHints":{"allow":["GET"]}}],"collection":[{"href":"https:\/\/www.solidarnosc.org.pl\/dok\/wp-json\/wp\/v2\/posts"}],"about":[{"href":"https:\/\/www.solidarnosc.org.pl\/dok\/wp-json\/wp\/v2\/types\/post"}],"author":[{"embeddable":true,"href":"https:\/\/www.solidarnosc.org.pl\/dok\/wp-json\/wp\/v2\/users\/3"}],"replies":[{"embeddable":true,"href":"https:\/\/www.solidarnosc.org.pl\/dok\/wp-json\/wp\/v2\/comments?post=7745"}],"version-history":[{"count":0,"href":"https:\/\/www.solidarnosc.org.pl\/dok\/wp-json\/wp\/v2\/posts\/7745\/revisions"}],"wp:attachment":[{"href":"https:\/\/www.solidarnosc.org.pl\/dok\/wp-json\/wp\/v2\/media?parent=7745"}],"wp:term":[{"taxonomy":"category","embeddable":true,"href":"https:\/\/www.solidarnosc.org.pl\/dok\/wp-json\/wp\/v2\/categories?post=7745"},{"taxonomy":"post_tag","embeddable":true,"href":"https:\/\/www.solidarnosc.org.pl\/dok\/wp-json\/wp\/v2\/tags?post=7745"}],"curies":[{"name":"wp","href":"https:\/\/api.w.org\/{rel}","templated":true}]}}