{"id":7713,"date":"2017-08-23T09:34:34","date_gmt":"2017-08-23T07:34:34","guid":{"rendered":"https:\/\/www.solidarnosc.org.pl\/dok\/?p=7713"},"modified":"2017-08-23T09:34:34","modified_gmt":"2017-08-23T07:34:34","slug":"decyzja-prezydium-kk-nr-117-17-ws-zgody-na-uzycie-nazwy-i-znaku-graficznego-nszz-solidarnosc","status":"publish","type":"post","link":"https:\/\/www.solidarnosc.org.pl\/dok\/2017\/08\/23\/decyzja-prezydium-kk-nr-117-17-ws-zgody-na-uzycie-nazwy-i-znaku-graficznego-nszz-solidarnosc\/","title":{"rendered":"Decyzja Prezydium KK nr 117\/17 ws. zgody na u\u017cycie nazwy i znaku graficznego NSZZ \u201eSolidarno\u015b\u0107\u201d"},"content":{"rendered":"<p style=\"text-align: justify\">\n\t&nbsp; &nbsp; Prezydium Komisji Krajowej NSZZ &bdquo;Solidarno\u015b\u0107&rdquo;, na wniosek Kancelarii Prezesa Rady Ministr&oacute;w, wyra\u017ca zgod\u0119 na u\u017cycie nazwy i znaku graficznego NSZZ &bdquo;Solidarno\u015b\u0107&rdquo; na grafice u\u017cytej w mediach spo\u0142eczno\u015bciowych po\u015bwi\u0119conej Dniowi Solidarno\u015bci i Wolno\u015bci.<\/p>\n<p align=\"center\">\n\t&nbsp;<\/p>\n<p><\/p>\n","protected":false},"excerpt":{"rendered":"<p>&nbsp; &nbsp; Prezydium Komisji Krajowej NSZZ &bdquo;Solidarno\u015b\u0107&rdquo;, na wniosek Kancelarii Prezesa Rady Ministr&oacute;w, wyra\u017ca zgod\u0119 na u\u017cycie nazwy i znaku graficznego NSZZ &bdquo;Solidarno\u015b\u0107&rdquo; na grafice u\u017cytej w mediach spo\u0142eczno\u015bciowych po\u015bwi\u0119conej Dniowi Solidarno\u015bci i Wolno\u015bci. &nbsp;<\/p>\n","protected":false},"author":3,"featured_media":0,"comment_status":"closed","ping_status":"closed","sticky":false,"template":"","format":"standard","meta":{"footnotes":""},"categories":[80,9],"tags":[1785,388,61,536,534],"class_list":["post-7713","post","type-post","status-publish","format-standard","hentry","category-2017prezydium","category-dokprez","tag-117-17","tag-388","tag-decyzja","tag-decyzja-prezydium","tag-prezydium"],"_links":{"self":[{"href":"https:\/\/www.solidarnosc.org.pl\/dok\/wp-json\/wp\/v2\/posts\/7713","targetHints":{"allow":["GET"]}}],"collection":[{"href":"https:\/\/www.solidarnosc.org.pl\/dok\/wp-json\/wp\/v2\/posts"}],"about":[{"href":"https:\/\/www.solidarnosc.org.pl\/dok\/wp-json\/wp\/v2\/types\/post"}],"author":[{"embeddable":true,"href":"https:\/\/www.solidarnosc.org.pl\/dok\/wp-json\/wp\/v2\/users\/3"}],"replies":[{"embeddable":true,"href":"https:\/\/www.solidarnosc.org.pl\/dok\/wp-json\/wp\/v2\/comments?post=7713"}],"version-history":[{"count":0,"href":"https:\/\/www.solidarnosc.org.pl\/dok\/wp-json\/wp\/v2\/posts\/7713\/revisions"}],"wp:attachment":[{"href":"https:\/\/www.solidarnosc.org.pl\/dok\/wp-json\/wp\/v2\/media?parent=7713"}],"wp:term":[{"taxonomy":"category","embeddable":true,"href":"https:\/\/www.solidarnosc.org.pl\/dok\/wp-json\/wp\/v2\/categories?post=7713"},{"taxonomy":"post_tag","embeddable":true,"href":"https:\/\/www.solidarnosc.org.pl\/dok\/wp-json\/wp\/v2\/tags?post=7713"}],"curies":[{"name":"wp","href":"https:\/\/api.w.org\/{rel}","templated":true}]}}