{"id":7681,"date":"2017-08-17T12:48:48","date_gmt":"2017-08-17T10:48:48","guid":{"rendered":"https:\/\/www.solidarnosc.org.pl\/dok\/?p=7681"},"modified":"2017-08-17T12:48:48","modified_gmt":"2017-08-17T10:48:48","slug":"stanowisko-prezydium-kk-nr-3-17-ws-zaproszenia-na-uroczystosci-sierpniowe-ze-strony-kod","status":"publish","type":"post","link":"https:\/\/www.solidarnosc.org.pl\/dok\/2017\/08\/17\/stanowisko-prezydium-kk-nr-3-17-ws-zaproszenia-na-uroczystosci-sierpniowe-ze-strony-kod\/","title":{"rendered":"Stanowisko Prezydium KK nr 3\/17 ws. zaproszenia na uroczysto\u015bci sierpniowe ze strony KOD"},"content":{"rendered":"<p style=\"margin: 0cm 0cm 0.0001pt;text-indent: 14.2pt;line-height: 150%;text-align: justify\">\n\tPrezydium Komisji Krajowej NSZZ &bdquo;Solidarno\u015b\u0107&rdquo; uznaje skierowanie zaproszenia do naszego Zwi\u0105zku na uroczysto\u015bci rocznicy sierpnia 1980 r. przez pomorski Komitet Obrony Demokracji za bezczeln\u0105 prowokacj\u0119. To zdumiewaj\u0105ce, \u017ce zaprasza si\u0119 jubilata na jego w\u0142asne urodziny i to w sytuacji, gdy &oacute;w jubilat od 30 lat niezmiennie organizuje swoje obchody. <span style=\"font-family: Calibri, sans-serif\"><\/span><\/p>\n<p style=\"margin: 0cm 0cm 0.0001pt;text-indent: 14.2pt;line-height: 150%;text-align: justify\">\n\tMo\u017cna w tym miejscu postawi\u0107 pytanie: gdzie by\u0142y osoby tworz\u0105ce KOD, tak troskliwie pochylaj\u0105ce si\u0119 dzisiaj nad &bdquo;Solidarno\u015bci\u0105&rdquo;, gdy zwi\u0105zkowcy samotnie za sk\u0142adkowe pieni\u0105dze wznosili pomniki i organizowali uroczysto\u015bci ku czci pomordowanych i szykanowanych. Gdzie by\u0142y te osoby, gdy podczas protest&oacute;w strzelano do cz\u0142onk&oacute;w &bdquo;Solidarno\u015bci&rdquo;, upominaj\u0105cych si\u0119 o realizacj\u0119 postulat&oacute;w sierpniowych? Dzisiaj, gdy wreszcie s\u0105 one realizowane, te \u015brodowiska nagle si\u0119 uaktywni\u0142y, maszeruj\u0105c ramie w rami\u0119 z libera\u0142ami, kt&oacute;rzy postulaty sierpniowe przez lata systematycznie deptali. <span style=\"font-family: Calibri, sans-serif\"><\/span><\/p>\n<p style=\"margin: 0cm 0cm 0.0001pt;text-indent: 14.2pt;line-height: 150%;text-align: justify\">\n\tJak pogodzi\u0107 \u015bwi\u0119towanie rocznicy sierpnia 1980 r. z Nowoczesn\u0105, kt&oacute;ra jako jedn\u0105 z pierwszych inicjatyw ustawodawczych postulowa\u0142a likwidacj\u0119 zwi\u0105zk&oacute;w zawodowych, lub z Platform\u0105 Obywatelsk\u0105, kt&oacute;ra m.in. wyd\u0142u\u017cy\u0142a wiek emerytalny? I wreszcie jak mo\u017cna sta\u0107 rami\u0119 w rami\u0119 z lud\u017ami, kt&oacute;rzy dopu\u015bcili do rozgrabienia maj\u0105tku narodowego? <span style=\"font-family: Calibri, sans-serif\"><\/span><\/p>\n<p style=\"margin: 0cm 0cm 0.0001pt;text-indent: 14.2pt;line-height: 150%;text-align: justify\">\n\tTegoroczne centralne uroczysto\u015bci 37. rocznicy narodzin Niezale\u017cnego Samorz\u0105dnego Zwi\u0105zku Zawodowego &bdquo;Solidarno\u015b\u0107&rdquo; odb\u0119d\u0105 si\u0119 w Lubinie. To w zwi\u0105zku z 35. rocznic\u0105 krwawych wydarze\u0144 lubi\u0144skich z 1982 r. b\u0119dziemy przypomina\u0107 ofiary tych ludzi, kt&oacute;rzy tak ch\u0119tnie zasilaj\u0105 dzisiaj szeregi KOD-u. Mamy tu na my\u015bli tak widocznych i aktywnych prominentnych dzia\u0142aczy KOD jak byli SB-cy, funkcjonariusze WSI, TW i liczni przedstawiciele resortowej PRL-owskiej nomenklatury. S\u0142owem: nie potrafimy sobie wyobrazi\u0107 wsp&oacute;lnego \u015bwi\u0119towania z lud\u017ami, dla kt&oacute;rych refleksj\u0105 nie jest s\u0142owo przepraszam, a jedynie rozpacz, \u017ce nie da si\u0119 wy\u017cy\u0107 za 2 tys. po zmniejszeniu SB-eckiej emerytury.<span style=\"font-family: Calibri, sans-serif\"><\/span><\/p>\n<p style=\"margin: 0cm 0cm 0.0001pt;text-indent: 14.2pt;line-height: 150%;text-align: justify\">\n\tNSZZ &bdquo;Solidarno\u015b\u0107&rdquo;, kt&oacute;ry powsta\u0142 w nast\u0119pstwie podpisania porozumie\u0144 sierpniowych i nieprzerwanie funkcjonuje do dzisiaj, jest depozytariuszem i kontynuatorem sierpniowego dziedzictwa. Jak co roku organizuje w ca\u0142ej Polsce uroczysto\u015bci, kt&oacute;re jak zawsze w &bdquo;Solidarno\u015bci&rdquo; zaczynaj\u0105 si\u0119 od mszy \u015bwi\u0119tej. W Gda\u0144sku 31 sierpnia odb\u0119dzie si\u0119 Msza \u015aw. w Bazylice \u015aw. Brygidy, a po niej tradycyjnie uczestnicy przemaszeruj\u0105 pod historyczn\u0105 Bram\u0119 nr 2 Stoczni Gda\u0144skiej, gdzie z\u0142o\u017c\u0105 kwiaty. Na te uroczysto\u015bci nigdy nie wysy\u0142ali\u015bmy i nie wysy\u0142amy zaprosze\u0144 do ko\u015bcio\u0142a na msz\u0119 \u015bw. ka\u017cdy ma prawo wej\u015b\u0107 i w niej uczestniczy\u0107. Ka\u017cdy ma te\u017c prawo sk\u0142ada\u0107 kwiaty. Tak b\u0119dzie r&oacute;wnie\u017c w tym roku. <span style=\"font-family: Calibri, sans-serif\"><\/span><\/p>\n<p style=\"margin: 0cm 0cm 0.0001pt;text-indent: 14.2pt;line-height: 150%;text-align: justify\">\n\tKa\u017cdy ma prawo manifestowa\u0107, \u015bwi\u0119towa\u0107 i korzysta\u0107 z wolno\u015bci s\u0142owa. Jednak je\u015bli ktokolwiek przy okazji naszych uroczysto\u015bci b\u0119dzie nam to prawo pr&oacute;bowa\u0142 ogranicza\u0107 ostrzegamy, \u017ce zdecydowanie si\u0119 temu przeciwstawimy.<span style=\"font-family: Calibri, sans-serif\"><\/span><\/p>\n<p style=\"margin: 0cm 0cm 0.0001pt;text-indent: 14.2pt;line-height: 150%;text-align: justify\">\n\t<span style=\"font-family: Calibri, sans-serif\">&nbsp;<\/span><\/p>\n<p><\/p>\n","protected":false},"excerpt":{"rendered":"<p>Prezydium Komisji Krajowej NSZZ &bdquo;Solidarno\u015b\u0107&rdquo; uznaje skierowanie zaproszenia do naszego Zwi\u0105zku na uroczysto\u015bci rocznicy sierpnia 1980 r. przez pomorski Komitet Obrony Demokracji za bezczeln\u0105 prowokacj\u0119. To zdumiewaj\u0105ce, \u017ce zaprasza si\u0119 jubilata na jego w\u0142asne urodziny i to w sytuacji, gdy &oacute;w jubilat od 30 lat niezmiennie organizuje swoje obchody. Mo\u017cna w tym miejscu postawi\u0107 pytanie: [&hellip;]<\/p>\n","protected":false},"author":3,"featured_media":0,"comment_status":"closed","ping_status":"closed","sticky":false,"template":"","format":"standard","meta":{"footnotes":""},"categories":[80,9],"tags":[388,391,534,63,535],"class_list":["post-7681","post","type-post","status-publish","format-standard","hentry","category-2017prezydium","category-dokprez","tag-388","tag-3-17","tag-prezydium","tag-stanowisko","tag-stanowisko-prezydium"],"_links":{"self":[{"href":"https:\/\/www.solidarnosc.org.pl\/dok\/wp-json\/wp\/v2\/posts\/7681","targetHints":{"allow":["GET"]}}],"collection":[{"href":"https:\/\/www.solidarnosc.org.pl\/dok\/wp-json\/wp\/v2\/posts"}],"about":[{"href":"https:\/\/www.solidarnosc.org.pl\/dok\/wp-json\/wp\/v2\/types\/post"}],"author":[{"embeddable":true,"href":"https:\/\/www.solidarnosc.org.pl\/dok\/wp-json\/wp\/v2\/users\/3"}],"replies":[{"embeddable":true,"href":"https:\/\/www.solidarnosc.org.pl\/dok\/wp-json\/wp\/v2\/comments?post=7681"}],"version-history":[{"count":0,"href":"https:\/\/www.solidarnosc.org.pl\/dok\/wp-json\/wp\/v2\/posts\/7681\/revisions"}],"wp:attachment":[{"href":"https:\/\/www.solidarnosc.org.pl\/dok\/wp-json\/wp\/v2\/media?parent=7681"}],"wp:term":[{"taxonomy":"category","embeddable":true,"href":"https:\/\/www.solidarnosc.org.pl\/dok\/wp-json\/wp\/v2\/categories?post=7681"},{"taxonomy":"post_tag","embeddable":true,"href":"https:\/\/www.solidarnosc.org.pl\/dok\/wp-json\/wp\/v2\/tags?post=7681"}],"curies":[{"name":"wp","href":"https:\/\/api.w.org\/{rel}","templated":true}]}}