{"id":763,"date":"1995-06-09T13:23:05","date_gmt":"1995-06-09T11:23:05","guid":{"rendered":"http:\/\/www.solidarnosc.org.pl\/dok\/?p=763"},"modified":"2012-10-01T13:26:06","modified_gmt":"2012-10-01T11:26:06","slug":"list-do-ojca-sw-jana-pawla-ii","status":"publish","type":"post","link":"https:\/\/www.solidarnosc.org.pl\/dok\/1995\/06\/09\/list-do-ojca-sw-jana-pawla-ii\/","title":{"rendered":"List do Ojca \u015aw. Jana Paw\u0142a II"},"content":{"rendered":"<p style=\"text-align: justify;\">\u00a0 \u00a0 \u00a0Delegaci \u00a0\u00a0zgromadzeni \u00a0\u00a0na \u00a0\u00a0VII \u00a0Krajowym \u00a0Zje\u017adzie \u00a0NSZZ\u00a0&#8222;Solidarno\u015b\u0107&#8221; \u00a0\u00a0w \u00a0Gda\u0144sku \u00a0przesy\u0142aj\u0105 \u00a0serdeczne \u00a0podzi\u0119kowanie\u00a0za \u00a0umocnienie \u00a0nas \u00a0w \u00a0wierze, \u00a0za \u00a0to, \u00a0\u017ce \u00a0podczas \u00a0niedawnej\u00a0Pielgrzymki \u00a0do \u00a0Polski \u00a0zn\u00f3w \u00a0tchn\u0105\u0142e\u015b \u00a0w \u00a0nas si\u0142\u0119 do s\u0142u\u017cenia\u00a0Ojczy\u017anie.<\/p>\n<p style=\"text-align: justify;\">\u00a0\u00a0\u00a0\u00a0 Ufamy, \u00a0\u017ce \u00a0w \u00a0naszej Ojczy\u017anie nie braknie ludzi sumienia,\u00a0kt\u00f3rzy \u00a0zaprowadz\u0105 \u00a0w \u00a0Rzeczypospolitej \u00a0\u0142ad moralny i spo\u0142eczny\u00a0oraz \u00a0nadadz\u0105 Jej ustrojowe oblicze godne 1000 letniej historii.\u00a0&#8222;Solidarno\u015b\u0107&#8221; czuje si\u0119 za to odpowiedzialna.<\/p>\n<p style=\"text-align: justify;\">\u00a0\u00a0\u00a0\u00a0 Dzi\u0119kujemy \u00a0Stolicy Apostolskiej za dar Karty Praw Rodziny,\u00a0kt\u00f3r\u0105 \u00a0VII \u00a0Krajowy \u00a0Zjazd \u00a0Delegat\u00f3w NSZZ &#8222;Solidarno\u015b\u0107&#8221; w\u0142\u0105czy\u0142\u00a0dzisiaj do swojej uchwa\u0142y programowej.<\/p>\n<p style=\"text-align: justify;\">\u00a0\u00a0\u00a0\u00a0 Ojcze \u00a0\u015awi\u0119ty \u00a0&#8211; \u00a0podejmiemy \u00a0wsp\u00f3lny \u00a0wysi\u0142ek, \u00a0aby Rodacy\u00a0nie przysparzali Ci trosk i nie sprawiali zawodu.<\/p>\n<p style=\"text-align: justify;\">\u00a0\u00a0\u00a0\u00a0 Jeste\u015bmy z Tob\u0105 w modlitwie.<\/p>\n","protected":false},"excerpt":{"rendered":"<p>\u00a0 \u00a0 \u00a0Delegaci \u00a0\u00a0zgromadzeni \u00a0\u00a0na \u00a0\u00a0VII \u00a0Krajowym \u00a0Zje\u017adzie \u00a0NSZZ\u00a0&#8222;Solidarno\u015b\u0107&#8221; \u00a0\u00a0w \u00a0Gda\u0144sku \u00a0przesy\u0142aj\u0105 \u00a0serdeczne \u00a0podzi\u0119kowanie\u00a0za \u00a0umocnienie \u00a0nas \u00a0w \u00a0wierze, \u00a0za \u00a0to, \u00a0\u017ce \u00a0podczas \u00a0niedawnej\u00a0Pielgrzymki \u00a0do \u00a0Polski \u00a0zn\u00f3w \u00a0tchn\u0105\u0142e\u015b \u00a0w \u00a0nas si\u0142\u0119 do s\u0142u\u017cenia\u00a0Ojczy\u017anie. \u00a0\u00a0\u00a0\u00a0 Ufamy, \u00a0\u017ce \u00a0w \u00a0naszej Ojczy\u017anie nie braknie ludzi sumienia,\u00a0kt\u00f3rzy \u00a0zaprowadz\u0105 \u00a0w \u00a0Rzeczypospolitej \u00a0\u0142ad moralny i spo\u0142eczny\u00a0oraz \u00a0nadadz\u0105 Jej ustrojowe oblicze godne 1000 [&hellip;]<\/p>\n","protected":false},"author":3,"featured_media":0,"comment_status":"closed","ping_status":"closed","sticky":false,"template":"","format":"standard","meta":{"footnotes":""},"categories":[25,16],"tags":[2862,2636,65,2652],"class_list":["post-763","post","type-post","status-publish","format-standard","hentry","category-7kzd","category-dokkzd","tag-2862","tag-kzd","tag-list","tag-list-kzd"],"_links":{"self":[{"href":"https:\/\/www.solidarnosc.org.pl\/dok\/wp-json\/wp\/v2\/posts\/763","targetHints":{"allow":["GET"]}}],"collection":[{"href":"https:\/\/www.solidarnosc.org.pl\/dok\/wp-json\/wp\/v2\/posts"}],"about":[{"href":"https:\/\/www.solidarnosc.org.pl\/dok\/wp-json\/wp\/v2\/types\/post"}],"author":[{"embeddable":true,"href":"https:\/\/www.solidarnosc.org.pl\/dok\/wp-json\/wp\/v2\/users\/3"}],"replies":[{"embeddable":true,"href":"https:\/\/www.solidarnosc.org.pl\/dok\/wp-json\/wp\/v2\/comments?post=763"}],"version-history":[{"count":3,"href":"https:\/\/www.solidarnosc.org.pl\/dok\/wp-json\/wp\/v2\/posts\/763\/revisions"}],"predecessor-version":[{"id":767,"href":"https:\/\/www.solidarnosc.org.pl\/dok\/wp-json\/wp\/v2\/posts\/763\/revisions\/767"}],"wp:attachment":[{"href":"https:\/\/www.solidarnosc.org.pl\/dok\/wp-json\/wp\/v2\/media?parent=763"}],"wp:term":[{"taxonomy":"category","embeddable":true,"href":"https:\/\/www.solidarnosc.org.pl\/dok\/wp-json\/wp\/v2\/categories?post=763"},{"taxonomy":"post_tag","embeddable":true,"href":"https:\/\/www.solidarnosc.org.pl\/dok\/wp-json\/wp\/v2\/tags?post=763"}],"curies":[{"name":"wp","href":"https:\/\/api.w.org\/{rel}","templated":true}]}}