{"id":7559,"date":"2017-04-25T07:49:24","date_gmt":"2017-04-25T05:49:24","guid":{"rendered":"https:\/\/www.solidarnosc.org.pl\/dok\/?p=7559"},"modified":"2017-04-25T07:49:24","modified_gmt":"2017-04-25T05:49:24","slug":"stanowisko-kk-nr-6-17-ws-procesu-konsultowania-projektow-ustaw-z-pakietu-konstytucji-biznesu","status":"publish","type":"post","link":"https:\/\/www.solidarnosc.org.pl\/dok\/2017\/04\/25\/stanowisko-kk-nr-6-17-ws-procesu-konsultowania-projektow-ustaw-z-pakietu-konstytucji-biznesu\/","title":{"rendered":"Stanowisko KK nr 6\/17 ws. procesu konsultowania projekt\u00f3w ustaw z pakietu \u201eKonstytucji Biznesu\u201d"},"content":{"rendered":"<p style=\"text-align: justify\">\n\tKomisja Krajowa NSZZ &bdquo;Solidarno\u015b\u0107&rdquo; podtrzymuje negatywne stanowisko w sprawie powo\u0142ania Komisji Wsp&oacute;lnej Rz\u0105du i Przedsi\u0119biorc&oacute;w oraz Rzecznika Przedsi\u0119biorc&oacute;w,&nbsp; wyra\u017cone w decyzji Prezydium Komisji Krajowej nr 30\/17 z dnia 22 marca 2017 r. do projekt&oacute;w ustaw z pakietu &bdquo;Konstytucji Biznesu&rdquo;. Przypominamy o deklaracji Pana Mateusza Morawieckiego, Wiceprezesa Rady Ministr&oacute;w, Ministra Rozwoju i Finans&oacute;w, z\u0142o\u017conej podczas posiedzenia Komisji Krajowej NSZZ &bdquo;Solidarno\u015b\u0107&rdquo; w dniu 1 marca 2017 r., o wycofaniu si\u0119 Rz\u0105du z propozycji powo\u0142ania Komisji.<\/p>\n<p style=\"text-align: justify\">\n\tNadrz\u0119dnym zadaniem Pa\u0144stwa &nbsp;powinno by\u0107 wspieranie dialogu tr&oacute;jstronnego w Polsce. Taka formu\u0142a zapewnia zr&oacute;wnowa\u017cony, oparty na pokoju spo\u0142ecznym wzrost gospodarczy, co jest celem m.in. Strategii na Rzecz Odpowiedzialnego Rozwoju. Powo\u0142anie Komisji &nbsp;oraz Rzecznika wywo\u0142a zupe\u0142nie odmienny efekt.<\/p>\n<p style=\"text-align: justify\">\n\tUtworzenie Komisji&nbsp; oraz Rzecznika&nbsp; stanowi zagro\u017cenie dla tr&oacute;jstronnego dialogu spo\u0142ecznego w Polsce, poniewa\u017c ich celem jest wzmocnienie praw pracodawc&oacute;w, kt&oacute;rzy&nbsp; zostan\u0105&nbsp;&nbsp; uprzywilejowani wzgl\u0119dem strony zwi\u0105zkowej.&nbsp; Ponadto&nbsp; zakres przedmiotowy obj\u0119ty dzia\u0142aniem Komisji jak i Rzecznika mie\u015bci si\u0119 w zakresie dzia\u0142ania Rady Dialogu Spo\u0142ecznego.<\/p>\n<p style=\"text-align: justify\">\n\tKomisja Krajowa NSZZ &bdquo;Solidarno\u015b\u0107&rdquo; &nbsp;negatywnie ocenia spos&oacute;b prowadzenia prac nad projektami ustaw z pakietu &bdquo;Konstytucja Biznesu&rdquo;. W ocenie Zwi\u0105zku, podczas &nbsp;prowadzenia prac nad Pakietem, dochodzi do uchybie\u0144 proceduralnych polegaj\u0105cych g\u0142&oacute;wnie na wadliwym&nbsp; trybie konsultacji spo\u0142ecznych. W szczeg&oacute;lno\u015bci,&nbsp; nieumieszczenia opinii&nbsp; NSZZ &bdquo;Solidarno\u015b\u0107&rdquo; w og&oacute;lnodost\u0119pnej tabeli uwag przed rozpocz\u0119ciem prac komisji uzgodnieniowej. Zwracamy uwag\u0119 na fakt, \u017ce tabela uwag wraz z odniesieniem si\u0119 do nich autora projektu powinna zosta\u0107 opublikowana co najmniej na 7 dni przed konferencj\u0105 uzgodnieniow\u0105.<\/p>\n<p style=\"text-align: justify\">\n\tKomisja Krajowa wzywa do takiego procedowania Pakietu, by zachowana zosta\u0142a zasada transparentno\u015bci procesu legislacyjnego. Komisja Krajowa apeluje o stosowanie gwarantowanych standard&oacute;w prowadzenia prac legislacyjnych.&nbsp;<\/p>\n<p><\/p>\n","protected":false},"excerpt":{"rendered":"<p>Komisja Krajowa NSZZ &bdquo;Solidarno\u015b\u0107&rdquo; podtrzymuje negatywne stanowisko w sprawie powo\u0142ania Komisji Wsp&oacute;lnej Rz\u0105du i Przedsi\u0119biorc&oacute;w oraz Rzecznika Przedsi\u0119biorc&oacute;w,&nbsp; wyra\u017cone w decyzji Prezydium Komisji Krajowej nr 30\/17 z dnia 22 marca 2017 r. do projekt&oacute;w ustaw z pakietu &bdquo;Konstytucji Biznesu&rdquo;. Przypominamy o deklaracji Pana Mateusza Morawieckiego, Wiceprezesa Rady Ministr&oacute;w, Ministra Rozwoju i Finans&oacute;w, z\u0142o\u017conej podczas posiedzenia [&hellip;]<\/p>\n","protected":false},"author":3,"featured_media":0,"comment_status":"closed","ping_status":"closed","sticky":false,"template":"","format":"standard","meta":{"footnotes":""},"categories":[81,8],"tags":[388,394,98,63,100],"class_list":["post-7559","post","type-post","status-publish","format-standard","hentry","category-2017kk","category-dokkk","tag-388","tag-6-17","tag-kk","tag-stanowisko","tag-stanowisko-kk"],"_links":{"self":[{"href":"https:\/\/www.solidarnosc.org.pl\/dok\/wp-json\/wp\/v2\/posts\/7559","targetHints":{"allow":["GET"]}}],"collection":[{"href":"https:\/\/www.solidarnosc.org.pl\/dok\/wp-json\/wp\/v2\/posts"}],"about":[{"href":"https:\/\/www.solidarnosc.org.pl\/dok\/wp-json\/wp\/v2\/types\/post"}],"author":[{"embeddable":true,"href":"https:\/\/www.solidarnosc.org.pl\/dok\/wp-json\/wp\/v2\/users\/3"}],"replies":[{"embeddable":true,"href":"https:\/\/www.solidarnosc.org.pl\/dok\/wp-json\/wp\/v2\/comments?post=7559"}],"version-history":[{"count":0,"href":"https:\/\/www.solidarnosc.org.pl\/dok\/wp-json\/wp\/v2\/posts\/7559\/revisions"}],"wp:attachment":[{"href":"https:\/\/www.solidarnosc.org.pl\/dok\/wp-json\/wp\/v2\/media?parent=7559"}],"wp:term":[{"taxonomy":"category","embeddable":true,"href":"https:\/\/www.solidarnosc.org.pl\/dok\/wp-json\/wp\/v2\/categories?post=7559"},{"taxonomy":"post_tag","embeddable":true,"href":"https:\/\/www.solidarnosc.org.pl\/dok\/wp-json\/wp\/v2\/tags?post=7559"}],"curies":[{"name":"wp","href":"https:\/\/api.w.org\/{rel}","templated":true}]}}